{"id":93126,"date":"2025-10-26T14:29:54","date_gmt":"2025-10-26T17:29:54","guid":{"rendered":"https:\/\/vocesparalelas.com.ar\/sitio\/?p=93126"},"modified":"2025-10-26T14:30:46","modified_gmt":"2025-10-26T17:30:46","slug":"la-posibilidad-de-llegar-a-representar-a-san-juan-a-nivel-nacional","status":"publish","type":"post","link":"https:\/\/vocesparalelas.com.ar\/sitio\/la-posibilidad-de-llegar-a-representar-a-san-juan-a-nivel-nacional\/","title":{"rendered":"\u00abLa posibilidad de llegar a representar a San Juan a nivel Nacional\u00bb"},"content":{"rendered":"<p>El Domingo, 26 de Octubre, se desarrolla las Elecciones 2025 en la Rep\u00fablica Argentina y en San Juan los Electores eligen tres Diputados Nacionales llevan las voces de los habitantes.<\/p>\n<p>En este contexto, Voces Paralelas desarroll\u00f3 una entrevista period\u00edstica al Candidato del Frente X San Juan, Dr. Federico Rizo, quien describi\u00f3 la tarea realizada y la posibilidad de llegar a representar a San Juan a nivel Nacional. \u00c9l vot\u00f3 a las 12 hs.; en la Escuela Normal Sarmiento.<\/p>\n<p>&nbsp;<\/p>\n<p><iframe loading=\"lazy\" title=\"SAN JUAN ELECCIONES 2025 DR FEDERICO RIZO\" width=\"800\" height=\"450\" src=\"https:\/\/www.youtube.com\/embed\/-t4g-5w182s?feature=oembed\" frameborder=\"0\" allow=\"accelerometer; autoplay; clipboard-write; encrypted-media; gyroscope; picture-in-picture; web-share\" referrerpolicy=\"strict-origin-when-cross-origin\" allowfullscreen><\/iframe><\/p>\n<p>&nbsp;<\/p>\n<p><img loading=\"lazy\" decoding=\"async\" class=\"alignnone size-full wp-image-93108\" src=\"https:\/\/vocesparalelas.com.ar\/sitio\/wp-content\/uploads\/2025\/10\/ELECCIONES-CANDIDATOS.jpg\" alt=\"\" width=\"800\" height=\"529\" srcset=\"https:\/\/vocesparalelas.com.ar\/sitio\/wp-content\/uploads\/2025\/10\/ELECCIONES-CANDIDATOS.jpg 800w, https:\/\/vocesparalelas.com.ar\/sitio\/wp-content\/uploads\/2025\/10\/ELECCIONES-CANDIDATOS-300x198.jpg 300w, https:\/\/vocesparalelas.com.ar\/sitio\/wp-content\/uploads\/2025\/10\/ELECCIONES-CANDIDATOS-768x508.jpg 768w\" sizes=\"auto, (max-width: 800px) 100vw, 800px\" \/><\/p>\n","protected":false},"excerpt":{"rendered":"<p>El Domingo, 26 de Octubre, se desarrolla las Elecciones 2025 en la Rep\u00fablica Argentina y en San Juan los Electores<\/p>\n","protected":false},"author":3,"featured_media":93130,"comment_status":"closed","ping_status":"closed","sticky":false,"template":"","format":"standard","meta":{"_acf_changed":false,"_seopress_robots_primary_cat":"none","_seopress_titles_title":"","_seopress_titles_desc":"","_seopress_robots_index":"","colormag_page_container_layout":"default_layout","colormag_page_sidebar_layout":"default_layout","footnotes":""},"categories":[1,7],"tags":[],"class_list":["post-93126","post","type-post","status-publish","format-standard","has-post-thumbnail","hentry","category-destacadas","category-videos"],"acf":[],"_links":{"self":[{"href":"https:\/\/vocesparalelas.com.ar\/sitio\/wp-json\/wp\/v2\/posts\/93126","targetHints":{"allow":["GET"]}}],"collection":[{"href":"https:\/\/vocesparalelas.com.ar\/sitio\/wp-json\/wp\/v2\/posts"}],"about":[{"href":"https:\/\/vocesparalelas.com.ar\/sitio\/wp-json\/wp\/v2\/types\/post"}],"author":[{"embeddable":true,"href":"https:\/\/vocesparalelas.com.ar\/sitio\/wp-json\/wp\/v2\/users\/3"}],"replies":[{"embeddable":true,"href":"https:\/\/vocesparalelas.com.ar\/sitio\/wp-json\/wp\/v2\/comments?post=93126"}],"version-history":[{"count":2,"href":"https:\/\/vocesparalelas.com.ar\/sitio\/wp-json\/wp\/v2\/posts\/93126\/revisions"}],"predecessor-version":[{"id":93132,"href":"https:\/\/vocesparalelas.com.ar\/sitio\/wp-json\/wp\/v2\/posts\/93126\/revisions\/93132"}],"wp:featuredmedia":[{"embeddable":true,"href":"https:\/\/vocesparalelas.com.ar\/sitio\/wp-json\/wp\/v2\/media\/93130"}],"wp:attachment":[{"href":"https:\/\/vocesparalelas.com.ar\/sitio\/wp-json\/wp\/v2\/media?parent=93126"}],"wp:term":[{"taxonomy":"category","embeddable":true,"href":"https:\/\/vocesparalelas.com.ar\/sitio\/wp-json\/wp\/v2\/categories?post=93126"},{"taxonomy":"post_tag","embeddable":true,"href":"https:\/\/vocesparalelas.com.ar\/sitio\/wp-json\/wp\/v2\/tags?post=93126"}],"curies":[{"name":"wp","href":"https:\/\/api.w.org\/{rel}","templated":true}]}}