{"id":93085,"date":"2025-10-25T19:28:12","date_gmt":"2025-10-25T22:28:12","guid":{"rendered":"https:\/\/vocesparalelas.com.ar\/sitio\/?p=93085"},"modified":"2025-10-25T19:28:12","modified_gmt":"2025-10-25T22:28:12","slug":"alumnos-y-docentes-de-la-eidfs-de-la-unsj-participaron-de-la-expo-biel-2025","status":"publish","type":"post","link":"https:\/\/vocesparalelas.com.ar\/sitio\/alumnos-y-docentes-de-la-eidfs-de-la-unsj-participaron-de-la-expo-biel-2025\/","title":{"rendered":"Alumnos y Docentes de la EIDFS de la UNSJ participaron de la Expo BIEL 2025"},"content":{"rendered":"<p>Los alumnos del Instituto Preuniversitario de la Escuela Industrial Domingo Faustino Sarmiento de la Universidad Nacional de San Juan asistieron a la Feria Internacional de la Industria El\u00e9ctrica y Electr\u00f3nica, en Buenos Aires, con el apoyo del Ministerio de Producci\u00f3n, Trabajo e Innovaci\u00f3n del Gobierno de San Juan, a trav\u00e9s de la Secretar\u00eda de Ciencia, Tecnolog\u00eda e Innovaci\u00f3n.<\/p>\n<p>Ellos son de la especialidad Electr\u00f3nica de la EIDFS de la UNSJ, tuvieron la oportunidad de asistir a la Expo BIEL 2025, una de las ferias m\u00e1s relevantes de Am\u00e9rica Latina en el \u00e1mbito de la industria el\u00e9ctrica, electr\u00f3nica y luminot\u00e9cnica.<\/p>\n<p>El evento se desarrolla del 22 al 25 de Octubre en el predio ferial de La Rural, en la ciudad de Buenos Aires, y re\u00fane a empresas l\u00edderes, profesionales, investigadores y estudiantes de todo el pa\u00eds.<\/p>\n<p>Gracias al valioso acompa\u00f1amiento de la Secretar\u00eda de Ciencia, Tecnolog\u00eda e Innovaci\u00f3n del Ministerio de Producci\u00f3n, Trabajo e Innovaci\u00f3n, se logr\u00f3 financiar 28 pasajes ida y vuelta para que los j\u00f3venes pudieran participar activamente en esta experiencia formativa.<\/p>\n<p>Esta colaboraci\u00f3n permiti\u00f3 que los estudiantes accedieran a charlas t\u00e9cnicas, demostraciones de productos innovadores y espacios de vinculaci\u00f3n con el sector productivo, fortaleciendo as\u00ed su formaci\u00f3n acad\u00e9mica y su proyecci\u00f3n profesional.<\/p>\n<p>La presencia en Expo BIEL no solo les permitir\u00e1 conocer las \u00faltimas tendencias tecnol\u00f3gicas, sino tambi\u00e9n representar con orgullo a San Juan en un entorno de alto nivel t\u00e9cnico y profesional.<\/p>\n<p><img loading=\"lazy\" decoding=\"async\" class=\"alignnone size-full wp-image-93088\" src=\"https:\/\/vocesparalelas.com.ar\/sitio\/wp-content\/uploads\/2025\/10\/EXPO-BIEL.jpg\" alt=\"\" width=\"800\" height=\"573\" srcset=\"https:\/\/vocesparalelas.com.ar\/sitio\/wp-content\/uploads\/2025\/10\/EXPO-BIEL.jpg 800w, https:\/\/vocesparalelas.com.ar\/sitio\/wp-content\/uploads\/2025\/10\/EXPO-BIEL-300x215.jpg 300w, https:\/\/vocesparalelas.com.ar\/sitio\/wp-content\/uploads\/2025\/10\/EXPO-BIEL-768x550.jpg 768w\" sizes=\"auto, (max-width: 800px) 100vw, 800px\" \/><\/p>\n<p>&nbsp;<\/p>\n","protected":false},"excerpt":{"rendered":"<p>Los alumnos del Instituto Preuniversitario de la Escuela Industrial Domingo Faustino Sarmiento de la Universidad Nacional de San Juan asistieron<\/p>\n","protected":false},"author":3,"featured_media":93089,"comment_status":"closed","ping_status":"closed","sticky":false,"template":"","format":"standard","meta":{"_acf_changed":false,"_seopress_robots_primary_cat":"none","_seopress_titles_title":"","_seopress_titles_desc":"","_seopress_robots_index":"","colormag_page_container_layout":"default_layout","colormag_page_sidebar_layout":"default_layout","footnotes":""},"categories":[1],"tags":[],"class_list":["post-93085","post","type-post","status-publish","format-standard","has-post-thumbnail","hentry","category-destacadas"],"acf":[],"_links":{"self":[{"href":"https:\/\/vocesparalelas.com.ar\/sitio\/wp-json\/wp\/v2\/posts\/93085","targetHints":{"allow":["GET"]}}],"collection":[{"href":"https:\/\/vocesparalelas.com.ar\/sitio\/wp-json\/wp\/v2\/posts"}],"about":[{"href":"https:\/\/vocesparalelas.com.ar\/sitio\/wp-json\/wp\/v2\/types\/post"}],"author":[{"embeddable":true,"href":"https:\/\/vocesparalelas.com.ar\/sitio\/wp-json\/wp\/v2\/users\/3"}],"replies":[{"embeddable":true,"href":"https:\/\/vocesparalelas.com.ar\/sitio\/wp-json\/wp\/v2\/comments?post=93085"}],"version-history":[{"count":1,"href":"https:\/\/vocesparalelas.com.ar\/sitio\/wp-json\/wp\/v2\/posts\/93085\/revisions"}],"predecessor-version":[{"id":93090,"href":"https:\/\/vocesparalelas.com.ar\/sitio\/wp-json\/wp\/v2\/posts\/93085\/revisions\/93090"}],"wp:featuredmedia":[{"embeddable":true,"href":"https:\/\/vocesparalelas.com.ar\/sitio\/wp-json\/wp\/v2\/media\/93089"}],"wp:attachment":[{"href":"https:\/\/vocesparalelas.com.ar\/sitio\/wp-json\/wp\/v2\/media?parent=93085"}],"wp:term":[{"taxonomy":"category","embeddable":true,"href":"https:\/\/vocesparalelas.com.ar\/sitio\/wp-json\/wp\/v2\/categories?post=93085"},{"taxonomy":"post_tag","embeddable":true,"href":"https:\/\/vocesparalelas.com.ar\/sitio\/wp-json\/wp\/v2\/tags?post=93085"}],"curies":[{"name":"wp","href":"https:\/\/api.w.org\/{rel}","templated":true}]}}