{"id":93067,"date":"2025-10-24T19:44:43","date_gmt":"2025-10-24T22:44:43","guid":{"rendered":"https:\/\/vocesparalelas.com.ar\/sitio\/?p=93067"},"modified":"2025-10-24T20:11:14","modified_gmt":"2025-10-24T23:11:14","slug":"amplio-operativo-de-seguridad-por-las-elecciones-legislativas-2025-en-san-juan","status":"publish","type":"post","link":"https:\/\/vocesparalelas.com.ar\/sitio\/amplio-operativo-de-seguridad-por-las-elecciones-legislativas-2025-en-san-juan\/","title":{"rendered":"Amplio operativo de seguridad por las Elecciones Legislativas 2025 en San Juan"},"content":{"rendered":"<p>La Secretar\u00eda de Estado de Seguridad y Orden P\u00fablico del\u00a0Gobierno de San Juan, a trav\u00e9s de la Polic\u00eda de San Juan, presta colaboraci\u00f3n en el operativo electoral 2025 que se pone en marcha el Domingo, 26 de Octubre, a las 6 y se extender\u00e1 hasta la finalizaci\u00f3n del levantamiento de urnas.<\/p>\n<p>Participan m\u00e1s de 500 efectivos policiales que asisten al Ej\u00e9rcito Argentino y a las Fuerzas Federales en los establecimientos de votaci\u00f3n distribuidos en la provincia.<\/p>\n<p>Durante el fin de semana, un total de 700 efectivos est\u00e1n afectados a tareas de prevenci\u00f3n, control y asistencia en el marco de los comicios. El objetivo de la Polic\u00eda de San Juan es mantener el orden p\u00fablico y evitar actividades de proselitismo en las inmediaciones de las escuelas habilitadas para votar.<\/p>\n<p>El operativo de prevenci\u00f3n comienza el S\u00e1bado, con recorridas por los circuitos electorales y relevamiento de posibles irregularidades. La Direcci\u00f3n D3 est\u00e1 a cargo del comando electoral, mientras que la Unidad Coordinadora de Departamentales garantiza la distribuci\u00f3n del personal en el territorio.<\/p>\n<p>Desde la Direcci\u00f3n D1 se afecta personal operativo en distintas jurisdicciones, y la D2 realiza tareas de inteligencia para detectar posibles acciones de proselitismo en las inmediaciones de los centros de votaci\u00f3n. La D4 est\u00e1 a cargo de la log\u00edstica de comida y bebida para los efectivos, mientras que la D7 interviene en prevenci\u00f3n y ordenamiento del tr\u00e1nsito.<\/p>\n<p>Por su parte, la Direcci\u00f3n D8 aplica los servicios adicionales requerido. Mientras que la D9 tiene la funci\u00f3n de retirar pasacalles o elementos proselitistas que se coloquen cerca de los establecimientos educativos.<\/p>\n<p><img loading=\"lazy\" decoding=\"async\" class=\"alignnone size-full wp-image-59001\" src=\"https:\/\/vocesparalelas.com.ar\/sitio\/wp-content\/uploads\/2023\/05\/POLICIA-LOGO.jpg\" alt=\"\" width=\"800\" height=\"600\" srcset=\"https:\/\/vocesparalelas.com.ar\/sitio\/wp-content\/uploads\/2023\/05\/POLICIA-LOGO.jpg 800w, https:\/\/vocesparalelas.com.ar\/sitio\/wp-content\/uploads\/2023\/05\/POLICIA-LOGO-300x225.jpg 300w, https:\/\/vocesparalelas.com.ar\/sitio\/wp-content\/uploads\/2023\/05\/POLICIA-LOGO-768x576.jpg 768w\" sizes=\"auto, (max-width: 800px) 100vw, 800px\" \/><\/p>\n","protected":false},"excerpt":{"rendered":"<p>La Secretar\u00eda de Estado de Seguridad y Orden P\u00fablico del\u00a0Gobierno de San Juan, a trav\u00e9s de la Polic\u00eda de San<\/p>\n","protected":false},"author":3,"featured_media":80912,"comment_status":"closed","ping_status":"closed","sticky":false,"template":"","format":"standard","meta":{"_acf_changed":false,"_seopress_robots_primary_cat":"none","_seopress_titles_title":"","_seopress_titles_desc":"","_seopress_robots_index":"","colormag_page_container_layout":"default_layout","colormag_page_sidebar_layout":"default_layout","footnotes":""},"categories":[1],"tags":[],"class_list":["post-93067","post","type-post","status-publish","format-standard","has-post-thumbnail","hentry","category-destacadas"],"acf":[],"_links":{"self":[{"href":"https:\/\/vocesparalelas.com.ar\/sitio\/wp-json\/wp\/v2\/posts\/93067","targetHints":{"allow":["GET"]}}],"collection":[{"href":"https:\/\/vocesparalelas.com.ar\/sitio\/wp-json\/wp\/v2\/posts"}],"about":[{"href":"https:\/\/vocesparalelas.com.ar\/sitio\/wp-json\/wp\/v2\/types\/post"}],"author":[{"embeddable":true,"href":"https:\/\/vocesparalelas.com.ar\/sitio\/wp-json\/wp\/v2\/users\/3"}],"replies":[{"embeddable":true,"href":"https:\/\/vocesparalelas.com.ar\/sitio\/wp-json\/wp\/v2\/comments?post=93067"}],"version-history":[{"count":1,"href":"https:\/\/vocesparalelas.com.ar\/sitio\/wp-json\/wp\/v2\/posts\/93067\/revisions"}],"predecessor-version":[{"id":93070,"href":"https:\/\/vocesparalelas.com.ar\/sitio\/wp-json\/wp\/v2\/posts\/93067\/revisions\/93070"}],"wp:featuredmedia":[{"embeddable":true,"href":"https:\/\/vocesparalelas.com.ar\/sitio\/wp-json\/wp\/v2\/media\/80912"}],"wp:attachment":[{"href":"https:\/\/vocesparalelas.com.ar\/sitio\/wp-json\/wp\/v2\/media?parent=93067"}],"wp:term":[{"taxonomy":"category","embeddable":true,"href":"https:\/\/vocesparalelas.com.ar\/sitio\/wp-json\/wp\/v2\/categories?post=93067"},{"taxonomy":"post_tag","embeddable":true,"href":"https:\/\/vocesparalelas.com.ar\/sitio\/wp-json\/wp\/v2\/tags?post=93067"}],"curies":[{"name":"wp","href":"https:\/\/api.w.org\/{rel}","templated":true}]}}