{"id":93059,"date":"2025-10-24T12:26:19","date_gmt":"2025-10-24T15:26:19","guid":{"rendered":"https:\/\/vocesparalelas.com.ar\/sitio\/?p=93059"},"modified":"2025-10-24T12:26:19","modified_gmt":"2025-10-24T15:26:19","slug":"mes-de-la-produccion-y-el-trabajo-se-inicio-en-la-escuela-agrotecnica-cornelio-saavedra-departamento-iglesia-de-san-juan","status":"publish","type":"post","link":"https:\/\/vocesparalelas.com.ar\/sitio\/mes-de-la-produccion-y-el-trabajo-se-inicio-en-la-escuela-agrotecnica-cornelio-saavedra-departamento-iglesia-de-san-juan\/","title":{"rendered":"\u00abMes de la Producci\u00f3n y el Trabajo\u00bb se inici\u00f3 en la Escuela Agrot\u00e9cnica Cornelio Saavedra Departamento Iglesia de San Juan"},"content":{"rendered":"<p>Los alumnos y docentes de la Escuela Agrot\u00e9cnica Cornelio Saavedra, Localidad Rodeo presentaron su stand en la explanada municipal, dando a conocer las actividades programadas para el \u00abMes de la Producci\u00f3n y el Trabajo\u00bb, que finaliza el 19 de Noviembre con la tradicional Fiesta de la Producci\u00f3n y el Trabajo.<\/p>\n<p><img loading=\"lazy\" decoding=\"async\" class=\"alignnone size-full wp-image-93062\" src=\"https:\/\/vocesparalelas.com.ar\/sitio\/wp-content\/uploads\/2025\/10\/IGLESIA-ESCUELA-AGROTECNICA-CORNELIO-SAAVEDRA.jpg\" alt=\"\" width=\"800\" height=\"470\" srcset=\"https:\/\/vocesparalelas.com.ar\/sitio\/wp-content\/uploads\/2025\/10\/IGLESIA-ESCUELA-AGROTECNICA-CORNELIO-SAAVEDRA.jpg 800w, https:\/\/vocesparalelas.com.ar\/sitio\/wp-content\/uploads\/2025\/10\/IGLESIA-ESCUELA-AGROTECNICA-CORNELIO-SAAVEDRA-300x176.jpg 300w, https:\/\/vocesparalelas.com.ar\/sitio\/wp-content\/uploads\/2025\/10\/IGLESIA-ESCUELA-AGROTECNICA-CORNELIO-SAAVEDRA-768x451.jpg 768w\" sizes=\"auto, (max-width: 800px) 100vw, 800px\" \/><\/p>\n<p>Una celebraci\u00f3n con profundo esp\u00edritu pedag\u00f3gico e institucional, donde los j\u00f3venes exponen lo aprendido y trabajado durante el a\u00f1o.<\/p>\n<p><span style=\"color: #ff6600;\"><strong>Durante el 2025, la instituci\u00f3n ha tenido una destacada participaci\u00f3n en distintos \u00e1mbitos:<\/strong><\/span><\/p>\n<ul>\n<li>Encuentro Provincial de Escuelas Agrot\u00e9cnicas, presentando su diario escolar \u201cEAC Diario\u201d.<\/li>\n<li>Certamen Provincial del Dulce de Membrillo, donde obtuvieron el primer puesto y con orgullo comparten que su vino rosado de altura, fue galardonado con Medalla de Oro en el Concurso Nacional de Vinos.<\/li>\n<\/ul>\n<p><iframe loading=\"lazy\" title=\"SAN JUAN IGLESIA ESCUELA AGROT\u00c9CNICA CORNELIO SAAVEDRA\" width=\"800\" height=\"450\" src=\"https:\/\/www.youtube.com\/embed\/lemKnb7XLaI?feature=oembed\" frameborder=\"0\" allow=\"accelerometer; autoplay; clipboard-write; encrypted-media; gyroscope; picture-in-picture; web-share\" referrerpolicy=\"strict-origin-when-cross-origin\" allowfullscreen><\/iframe><\/p>\n<p>Adem\u00e1s, la comunidad educativa impuls\u00f3 una valiosa campa\u00f1a solidaria de invierno, recolectando colchas y prendas de abrigo para familias del departamento de Iglesia, una acci\u00f3n que refleja los valores humanos que acompa\u00f1an la formaci\u00f3n t\u00e9cnica y agr\u00edcola de sus estudiantes.<\/p>\n<p>Desde la Municipalidad de Iglesia, destacan el compromiso, la dedicaci\u00f3n y el esp\u00edritu solidario de la comunidad educativa, y felicitamos a los alumnos por compartir su trabajo con la comunidad.<\/p>\n<p>La gesti\u00f3n del Intendente de la Municipalidad de Iglesia, Dr. Jorge Espejo contin\u00faa apoyando y acompa\u00f1ando el desarrollo educativo en\u00a0 el departamento, reafirmando que la educaci\u00f3n y la producci\u00f3n son el motor de un futuro mejor para Iglesia.<\/p>\n<p><img loading=\"lazy\" decoding=\"async\" class=\"alignnone size-full wp-image-91565\" src=\"https:\/\/vocesparalelas.com.ar\/sitio\/wp-content\/uploads\/2025\/09\/MUNICIPALIDAD-IGLESIA.jpg\" alt=\"\" width=\"800\" height=\"533\" srcset=\"https:\/\/vocesparalelas.com.ar\/sitio\/wp-content\/uploads\/2025\/09\/MUNICIPALIDAD-IGLESIA.jpg 800w, https:\/\/vocesparalelas.com.ar\/sitio\/wp-content\/uploads\/2025\/09\/MUNICIPALIDAD-IGLESIA-300x200.jpg 300w, https:\/\/vocesparalelas.com.ar\/sitio\/wp-content\/uploads\/2025\/09\/MUNICIPALIDAD-IGLESIA-768x512.jpg 768w\" sizes=\"auto, (max-width: 800px) 100vw, 800px\" \/><\/p>\n","protected":false},"excerpt":{"rendered":"<p>Los alumnos y docentes de la Escuela Agrot\u00e9cnica Cornelio Saavedra, Localidad Rodeo presentaron su stand en la explanada municipal, dando<\/p>\n","protected":false},"author":3,"featured_media":93064,"comment_status":"closed","ping_status":"closed","sticky":false,"template":"","format":"standard","meta":{"_acf_changed":false,"_seopress_robots_primary_cat":"none","_seopress_titles_title":"","_seopress_titles_desc":"","_seopress_robots_index":"","colormag_page_container_layout":"default_layout","colormag_page_sidebar_layout":"default_layout","footnotes":""},"categories":[1,7],"tags":[],"class_list":["post-93059","post","type-post","status-publish","format-standard","has-post-thumbnail","hentry","category-destacadas","category-videos"],"acf":[],"_links":{"self":[{"href":"https:\/\/vocesparalelas.com.ar\/sitio\/wp-json\/wp\/v2\/posts\/93059","targetHints":{"allow":["GET"]}}],"collection":[{"href":"https:\/\/vocesparalelas.com.ar\/sitio\/wp-json\/wp\/v2\/posts"}],"about":[{"href":"https:\/\/vocesparalelas.com.ar\/sitio\/wp-json\/wp\/v2\/types\/post"}],"author":[{"embeddable":true,"href":"https:\/\/vocesparalelas.com.ar\/sitio\/wp-json\/wp\/v2\/users\/3"}],"replies":[{"embeddable":true,"href":"https:\/\/vocesparalelas.com.ar\/sitio\/wp-json\/wp\/v2\/comments?post=93059"}],"version-history":[{"count":1,"href":"https:\/\/vocesparalelas.com.ar\/sitio\/wp-json\/wp\/v2\/posts\/93059\/revisions"}],"predecessor-version":[{"id":93065,"href":"https:\/\/vocesparalelas.com.ar\/sitio\/wp-json\/wp\/v2\/posts\/93059\/revisions\/93065"}],"wp:featuredmedia":[{"embeddable":true,"href":"https:\/\/vocesparalelas.com.ar\/sitio\/wp-json\/wp\/v2\/media\/93064"}],"wp:attachment":[{"href":"https:\/\/vocesparalelas.com.ar\/sitio\/wp-json\/wp\/v2\/media?parent=93059"}],"wp:term":[{"taxonomy":"category","embeddable":true,"href":"https:\/\/vocesparalelas.com.ar\/sitio\/wp-json\/wp\/v2\/categories?post=93059"},{"taxonomy":"post_tag","embeddable":true,"href":"https:\/\/vocesparalelas.com.ar\/sitio\/wp-json\/wp\/v2\/tags?post=93059"}],"curies":[{"name":"wp","href":"https:\/\/api.w.org\/{rel}","templated":true}]}}