{"id":93054,"date":"2025-10-24T11:39:38","date_gmt":"2025-10-24T14:39:38","guid":{"rendered":"https:\/\/vocesparalelas.com.ar\/sitio\/?p=93054"},"modified":"2025-10-25T19:29:52","modified_gmt":"2025-10-25T22:29:52","slug":"tatuajes-de-ruta-en-el-teatro-del-bicentenario-de-san-juan","status":"publish","type":"post","link":"https:\/\/vocesparalelas.com.ar\/sitio\/tatuajes-de-ruta-en-el-teatro-del-bicentenario-de-san-juan\/","title":{"rendered":"\u201cTatuajes de Ruta\u201d en el Teatro del Bicentenario de San Juan"},"content":{"rendered":"<p>El artista Emi Voiro combina su formaci\u00f3n teatral con su faceta de cantor y compositor, ofreciendo espect\u00e1culos que se distinguen no solo por la calidad sonora, sino tambi\u00e9n por una puesta en escena cargada de fuerza visual y dramat\u00fargica.<\/p>\n<p>En 2022 lanz\u00f3\u00a0Laber\u00edntico\u00a0, su primer \u00e1lbum solista, un trabajo conceptual que explor\u00f3 mitos y emociones humanas a trav\u00e9s de un lenguaje sonoro ecl\u00e9ctico que viaja entre el rock, el pop, el folklore y la bossa nova .<\/p>\n<p>Con\u00a0Tatuajes de Ruta, el artista rinde homenaje a aquellos primeros shows que marcaron su camino como solista. El \u00e1lbum re\u00fane canciones in\u00e9ditas junto a versiones de autores que lo acompa\u00f1an desde sus inicios, y se completa con el estreno de tres singles nuevos que no forman parte del disco, adem\u00e1s un realizar\u00e1 un recorrido por las composiciones de Laber\u00edntico.<\/p>\n<p>El repertorio incluir\u00e1 temas de su primer \u00e1lbum, el estreno de tres nuevos singles y la presentaci\u00f3n oficial de Tatuajes de Ruta, con versiones que reflejan su recorrido art\u00edstico.<\/p>\n<p>Una experiencia \u00edntima y potente que une m\u00fasica, teatro y emoci\u00f3n, donde cada canci\u00f3n se convierte en un tatuaje de memoria y camino compartido.<\/p>\n<p><iframe loading=\"lazy\" title=\"\u00cdcaro (En vivo)\" width=\"800\" height=\"450\" src=\"https:\/\/www.youtube.com\/embed\/xqWCeRZWXHo?feature=oembed\" frameborder=\"0\" allow=\"accelerometer; autoplay; clipboard-write; encrypted-media; gyroscope; picture-in-picture; web-share\" referrerpolicy=\"strict-origin-when-cross-origin\" allowfullscreen><\/iframe><\/p>\n<p>La funci\u00f3n es el Jueves, 31 de Octubre, a las 21:30 hs. en la Sala Audit\u00f3rium del Teatro del Bicentenario. El valor de las entradas es de $10.000, adem\u00e1s se cuenta con descuentos exclusivos disponibles en la boleter\u00eda del teatro de lunes a viernes de 09:30 a 14 hs. y de 16 a 20 hs. S\u00e1bados de 09:30 a 14 hs. Tambi\u00e9n se pueden adquirirlas a trav\u00e9s de<\/p>\n<p><a href=\"https:\/\/www.tuentrada.com\">https:\/\/www.tuentrada.com<\/a><\/p>\n<p><img loading=\"lazy\" decoding=\"async\" class=\"alignnone size-large wp-image-21666\" src=\"https:\/\/vocesparalelas.com.ar\/sitio\/wp-content\/uploads\/2019\/06\/TEATRO-BICENTENARIO-10-800x600.jpg\" alt=\"\" width=\"800\" height=\"600\" srcset=\"https:\/\/vocesparalelas.com.ar\/sitio\/wp-content\/uploads\/2019\/06\/TEATRO-BICENTENARIO-10-800x600.jpg 800w, https:\/\/vocesparalelas.com.ar\/sitio\/wp-content\/uploads\/2019\/06\/TEATRO-BICENTENARIO-10-300x225.jpg 300w, https:\/\/vocesparalelas.com.ar\/sitio\/wp-content\/uploads\/2019\/06\/TEATRO-BICENTENARIO-10-768x576.jpg 768w, https:\/\/vocesparalelas.com.ar\/sitio\/wp-content\/uploads\/2019\/06\/TEATRO-BICENTENARIO-10.jpg 1000w\" sizes=\"auto, (max-width: 800px) 100vw, 800px\" \/><\/p>\n","protected":false},"excerpt":{"rendered":"<p>El artista Emi Voiro combina su formaci\u00f3n teatral con su faceta de cantor y compositor, ofreciendo espect\u00e1culos que se distinguen<\/p>\n","protected":false},"author":3,"featured_media":51196,"comment_status":"closed","ping_status":"closed","sticky":false,"template":"","format":"standard","meta":{"_acf_changed":false,"_seopress_robots_primary_cat":"none","_seopress_titles_title":"","_seopress_titles_desc":"","_seopress_robots_index":"","colormag_page_container_layout":"default_layout","colormag_page_sidebar_layout":"default_layout","footnotes":""},"categories":[20,7],"tags":[],"class_list":["post-93054","post","type-post","status-publish","format-standard","has-post-thumbnail","hentry","category-cartelera","category-videos"],"acf":[],"_links":{"self":[{"href":"https:\/\/vocesparalelas.com.ar\/sitio\/wp-json\/wp\/v2\/posts\/93054","targetHints":{"allow":["GET"]}}],"collection":[{"href":"https:\/\/vocesparalelas.com.ar\/sitio\/wp-json\/wp\/v2\/posts"}],"about":[{"href":"https:\/\/vocesparalelas.com.ar\/sitio\/wp-json\/wp\/v2\/types\/post"}],"author":[{"embeddable":true,"href":"https:\/\/vocesparalelas.com.ar\/sitio\/wp-json\/wp\/v2\/users\/3"}],"replies":[{"embeddable":true,"href":"https:\/\/vocesparalelas.com.ar\/sitio\/wp-json\/wp\/v2\/comments?post=93054"}],"version-history":[{"count":2,"href":"https:\/\/vocesparalelas.com.ar\/sitio\/wp-json\/wp\/v2\/posts\/93054\/revisions"}],"predecessor-version":[{"id":93058,"href":"https:\/\/vocesparalelas.com.ar\/sitio\/wp-json\/wp\/v2\/posts\/93054\/revisions\/93058"}],"wp:featuredmedia":[{"embeddable":true,"href":"https:\/\/vocesparalelas.com.ar\/sitio\/wp-json\/wp\/v2\/media\/51196"}],"wp:attachment":[{"href":"https:\/\/vocesparalelas.com.ar\/sitio\/wp-json\/wp\/v2\/media?parent=93054"}],"wp:term":[{"taxonomy":"category","embeddable":true,"href":"https:\/\/vocesparalelas.com.ar\/sitio\/wp-json\/wp\/v2\/categories?post=93054"},{"taxonomy":"post_tag","embeddable":true,"href":"https:\/\/vocesparalelas.com.ar\/sitio\/wp-json\/wp\/v2\/tags?post=93054"}],"curies":[{"name":"wp","href":"https:\/\/api.w.org\/{rel}","templated":true}]}}