{"id":93048,"date":"2025-10-26T11:18:15","date_gmt":"2025-10-26T14:18:15","guid":{"rendered":"https:\/\/vocesparalelas.com.ar\/sitio\/?p=93048"},"modified":"2025-10-26T19:30:41","modified_gmt":"2025-10-26T22:30:41","slug":"hoja-en-blanco-metele-diseno-en-la-faud-de-la-unsj","status":"publish","type":"post","link":"https:\/\/vocesparalelas.com.ar\/sitio\/hoja-en-blanco-metele-diseno-en-la-faud-de-la-unsj\/","title":{"rendered":"\u201cHoja en blanco: \u00a1Metele dise\u00f1o!\u201d en la FAUD de la UNSJ"},"content":{"rendered":"<p data-start=\"229\" data-end=\"801\">Cada 24 de Otubre, Argentina celebra el D\u00eda del Dise\u00f1ador y la Dise\u00f1adora, en homenaje a\u00a0Hayd\u00e9e Strittmatter, la primera graduada con t\u00edtulo oficial de la Escuela de Dise\u00f1o de la Universidad Nacional de Cuyo &#8211; UNCUYO-, en 1966. Aquel logro marc\u00f3 un punto de partida para el reconocimiento del dise\u00f1o gr\u00e1fico como disciplina profesional. A\u00f1os m\u00e1s tarde, en 1975, los profesores Mario Delhez\u00a0(Mendoza) y\u00a0Ricardo Denegri\u00a0(La Plata) institucionalizaron la fecha, que hoy contin\u00faa inspirando a nuevas generaciones de dise\u00f1adores y dise\u00f1adoras en todo el pa\u00eds.<\/p>\n<p data-start=\"803\" data-end=\"1214\">En la\u00a0Facultad de Arquitectura, Urbanismo y Dise\u00f1o de la Universidad Nacional de San Juan, esta conmemoraci\u00f3n se vive de manera especial. Desde 2021, mediante la\u00a0Resoluci\u00f3n N.\u00ba 048-CD-FAUD, el\u00a024 de octubre fue reconocido institucionalmente como el \u201cD\u00eda del Dise\u00f1o Argentino\u201d, reafirmando el compromiso de la Unidad Acad\u00e9mica con la promoci\u00f3n, formaci\u00f3n y valoraci\u00f3n del dise\u00f1o en sus expresiones.<\/p>\n<p data-start=\"1216\" data-end=\"1279\"><span style=\"color: #ff6600;\"><strong data-start=\"1220\" data-end=\"1279\">Una jornada para crear, proyectar y transformar la FAUD de la UNSJ<\/strong><\/span><\/p>\n<p data-start=\"1281\" data-end=\"1579\">En este 2025, la\u00a0Secretar\u00eda de Extensi\u00f3n Universitaria, junto al\u00a0Departamento de Dise\u00f1o, presentan una nueva edici\u00f3n del evento\u00a0\u201cHoja en blanco: \u00a1Metele dise\u00f1o!\u201d, una propuesta que busca consolidarse como un espacio de encuentro, aprendizaje y celebraci\u00f3n para la comunidad FAUD de la UNSJ.<\/p>\n<p data-start=\"1581\" data-end=\"1798\">El evento tiene como eje central el Lunes, 27 de Octubre, con una jornada que combina\u00a0exposiciones, charlas, ponencias, talleres y actividades recreativas, en la que el dise\u00f1o ser\u00e1 el verdadero protagonista.<\/p>\n<p data-start=\"1800\" data-end=\"2154\">Adem\u00e1s, desde el\u00a013 hasta el 27 de Octubre, se desarrolla la exposici\u00f3n\u00a0\u201cHoja llena: \u00a1Dise\u00f1o con nota!\u201d, donde se presentan trabajos de c\u00e1tedra\u00a0de las carreras de\u00a0Dise\u00f1o Industrial, Dise\u00f1o Gr\u00e1fico, la Tecnicatura Universitaria en Dise\u00f1o de Indumentaria y Textil, as\u00ed como las\u00a0Diplomaturas en Dise\u00f1o de Indumentaria\u00a0y\u00a0en Ilustraci\u00f3n.<\/p>\n<p data-start=\"2437\" data-end=\"2529\"><strong><span style=\"color: #ff6600;\">Cronograma<\/span><\/strong><\/p>\n<p data-start=\"2437\" data-end=\"2529\"><strong><span style=\"color: #ff6600;\">Lunes 27 de Octubre \u2013 Jornada central \u201cCreamos, proyectamos y transformamos la FAUD\u201d<\/span><\/strong><\/p>\n<p data-start=\"2531\" data-end=\"2618\">Turno ma\u00f1ana \u2013 9 a 13 hs \u2013 Aula Magna<br data-start=\"2571\" data-end=\"2574\" \/>Hoja revisada: \u00a1Procesos que inspiran!<\/p>\n<ul data-start=\"2619\" data-end=\"2974\">\n<li data-start=\"2619\" data-end=\"2699\">\n<p data-start=\"2621\" data-end=\"2699\">8:30 hs: Acto de inauguraci\u00f3n a cargo de las autoridades de la FAUD de la UNSJ.<\/p>\n<\/li>\n<li data-start=\"2700\" data-end=\"2831\">\n<p data-start=\"2702\" data-end=\"2831\">9:00 a 12:30 hs:\u00a0Ponencias DISUR \u2014 los estudiantes que participaron en el encuentro compartir\u00e1n sus experiencias y trabajos.<\/p>\n<\/li>\n<li data-start=\"2832\" data-end=\"2974\">\n<p data-start=\"2834\" data-end=\"2974\">12:30 hs:\u00a0Presentaci\u00f3n\u00a0\u201cLa ilustraci\u00f3n en los procesos de dise\u00f1o\u201d, a cargo de los coordinadores de la\u00a0Diplomatura en Ilustraci\u00f3n.<\/p>\n<\/li>\n<\/ul>\n<p data-start=\"2976\" data-end=\"3004\">Receso \u2013 13:00 a 15:00 hs<\/p>\n<p data-start=\"3006\" data-end=\"3133\">Turno tarde \u2013 15 a 19:30 hs \u2013 Jardines FAUD Hoja en blanco: \u00a1Metele dise\u00f1o!<\/p>\n<p data-start=\"3006\" data-end=\"3133\">Talleres a cargo de docentes de la FAUD de la UNSJ<\/p>\n<p>1- \u201cCelebrando el Dise\u00f1o Gr\u00e1fico. Una marca para 25\u00b0 aniversario.<\/p>\n<p>2- \u201cGraffiti: color, forma y lenguaje\u201d<\/p>\n<p>3- \u201cDise\u00f1o Prospectivo\u201d<\/p>\n<p>4- \u00abDel dise\u00f1o al emprendimiento\u00bb.<\/p>\n<p>5- \u201cC\u00f3mo el Envase salv\u00f3 al mundo\u201d. Dise\u00f1o para el futuro.<\/p>\n<p>6-\u00a0 Campa\u00f1a de cuidado y respeto de los espacios de la FAUD<\/p>\n<p>7- \u201cPoes\u00eda: el ritual de las cosas \u2013 Taller de fanzine\u201d<\/p>\n<p>8-\u00a0\u00abDise\u00f1o Circular. Equipamiento urbano. Triple impacto en los jardines de la FAUD\u00bb<\/p>\n<p><strong><span style=\"color: #ff6600;\">Inscripciones a los Talleres<\/span><\/strong><\/p>\n<p><a href=\"https:\/\/docs.google.com\/document\/d\/1A9rfojSvZodhD20IaWif2G_O7hgLcwxQPTIf9a4b0Cg\/edit?tab=t.0\">https:\/\/docs.google.com\/document\/d\/1A9rfojSvZodhD20IaWif2G_O7hgLcwxQPTIf9a4b0Cg\/edit?tab=t.0<\/a><\/p>\n<p>Actividades con aval institucional y cr\u00e9ditos acad\u00e9micos.<\/p>\n<p data-start=\"3778\" data-end=\"3820\"><strong><span style=\"color: #ff6600;\">Hoja rayada: \u00a1Est\u00edmulos creativos!<\/span><\/strong><\/p>\n<p data-start=\"3821\" data-end=\"3870\">Turno tarde \u2013 17:00 a 19:30 h \u2013 Jardines FAUD<\/p>\n<ul data-start=\"3872\" data-end=\"4188\">\n<li data-start=\"3872\" data-end=\"3951\">\n<p data-start=\"3874\" data-end=\"3951\">Intervenci\u00f3n del\u00a0Grupo de Ilustraci\u00f3n\u00a0de la Diplomatura en Ilustraci\u00f3n.<\/p>\n<\/li>\n<li data-start=\"3952\" data-end=\"4017\">\n<p data-start=\"3954\" data-end=\"4017\">Intervenci\u00f3n sonora\u00a0a cargo del docente\u00a0Duilio Tapia.<\/p>\n<\/li>\n<li data-start=\"4018\" data-end=\"4070\">\n<p data-start=\"4020\" data-end=\"4070\">Participaci\u00f3n de\u00a0agrupaciones estudiantiles.<\/p>\n<\/li>\n<li data-start=\"4071\" data-end=\"4188\">\n<p data-start=\"4073\" data-end=\"4188\">Espacios recreativos con\u00a0food trucks,\u00a0mesas de ping pong\u00a0y m\u00e1s actividades para compartir la creatividad.<\/p>\n<\/li>\n<\/ul>\n<p data-start=\"4652\" data-end=\"4864\">Con propuestas que integran la pr\u00e1ctica, la reflexi\u00f3n y la creatividad, \u201cHoja en blanco: \u00a1Metele dise\u00f1o!\u201d reafirma el valor del dise\u00f1o como motor de transformaci\u00f3n, identidad y desarrollo dentro de la FAUD de la UNSJ.<\/p>\n<p data-start=\"4652\" data-end=\"4864\"><img loading=\"lazy\" decoding=\"async\" class=\"alignnone size-full wp-image-59158\" src=\"https:\/\/vocesparalelas.com.ar\/sitio\/wp-content\/uploads\/2023\/05\/FAUD-LOGO-03.jpg\" alt=\"\" width=\"800\" height=\"471\" srcset=\"https:\/\/vocesparalelas.com.ar\/sitio\/wp-content\/uploads\/2023\/05\/FAUD-LOGO-03.jpg 800w, https:\/\/vocesparalelas.com.ar\/sitio\/wp-content\/uploads\/2023\/05\/FAUD-LOGO-03-300x177.jpg 300w, https:\/\/vocesparalelas.com.ar\/sitio\/wp-content\/uploads\/2023\/05\/FAUD-LOGO-03-768x452.jpg 768w\" sizes=\"auto, (max-width: 800px) 100vw, 800px\" \/><\/p>\n<div class=\"addtoany_share_save_container addtoany_content addtoany_content_bottom\">\n<div class=\"a2a_kit a2a_kit_size_22 addtoany_list\" data-a2a-url=\"https:\/\/faud.unsj.edu.ar\/celebramos-dia-diseno-argentino-faud\/\" data-a2a-title=\"Celebramos el D\u00eda del Dise\u00f1o Argentino en la FAUD\"><\/div>\n<\/div>\n","protected":false},"excerpt":{"rendered":"<p>Cada 24 de Otubre, Argentina celebra el D\u00eda del Dise\u00f1ador y la Dise\u00f1adora, en homenaje a\u00a0Hayd\u00e9e Strittmatter, la primera graduada<\/p>\n","protected":false},"author":3,"featured_media":93051,"comment_status":"closed","ping_status":"closed","sticky":false,"template":"","format":"standard","meta":{"_acf_changed":false,"_seopress_robots_primary_cat":"none","_seopress_titles_title":"","_seopress_titles_desc":"","_seopress_robots_index":"","colormag_page_container_layout":"default_layout","colormag_page_sidebar_layout":"default_layout","footnotes":""},"categories":[1],"tags":[],"class_list":["post-93048","post","type-post","status-publish","format-standard","has-post-thumbnail","hentry","category-destacadas"],"acf":[],"_links":{"self":[{"href":"https:\/\/vocesparalelas.com.ar\/sitio\/wp-json\/wp\/v2\/posts\/93048","targetHints":{"allow":["GET"]}}],"collection":[{"href":"https:\/\/vocesparalelas.com.ar\/sitio\/wp-json\/wp\/v2\/posts"}],"about":[{"href":"https:\/\/vocesparalelas.com.ar\/sitio\/wp-json\/wp\/v2\/types\/post"}],"author":[{"embeddable":true,"href":"https:\/\/vocesparalelas.com.ar\/sitio\/wp-json\/wp\/v2\/users\/3"}],"replies":[{"embeddable":true,"href":"https:\/\/vocesparalelas.com.ar\/sitio\/wp-json\/wp\/v2\/comments?post=93048"}],"version-history":[{"count":2,"href":"https:\/\/vocesparalelas.com.ar\/sitio\/wp-json\/wp\/v2\/posts\/93048\/revisions"}],"predecessor-version":[{"id":93053,"href":"https:\/\/vocesparalelas.com.ar\/sitio\/wp-json\/wp\/v2\/posts\/93048\/revisions\/93053"}],"wp:featuredmedia":[{"embeddable":true,"href":"https:\/\/vocesparalelas.com.ar\/sitio\/wp-json\/wp\/v2\/media\/93051"}],"wp:attachment":[{"href":"https:\/\/vocesparalelas.com.ar\/sitio\/wp-json\/wp\/v2\/media?parent=93048"}],"wp:term":[{"taxonomy":"category","embeddable":true,"href":"https:\/\/vocesparalelas.com.ar\/sitio\/wp-json\/wp\/v2\/categories?post=93048"},{"taxonomy":"post_tag","embeddable":true,"href":"https:\/\/vocesparalelas.com.ar\/sitio\/wp-json\/wp\/v2\/tags?post=93048"}],"curies":[{"name":"wp","href":"https:\/\/api.w.org\/{rel}","templated":true}]}}