{"id":93010,"date":"2025-10-23T21:16:50","date_gmt":"2025-10-24T00:16:50","guid":{"rendered":"https:\/\/vocesparalelas.com.ar\/sitio\/?p=93010"},"modified":"2025-10-24T20:12:11","modified_gmt":"2025-10-24T23:12:11","slug":"taller-preventivos-sobre-la-violencia-de-la-oficina-de-la-mujer-de-la-corte-de-justicia-de-san-juan","status":"publish","type":"post","link":"https:\/\/vocesparalelas.com.ar\/sitio\/taller-preventivos-sobre-la-violencia-de-la-oficina-de-la-mujer-de-la-corte-de-justicia-de-san-juan\/","title":{"rendered":"Taller preventivos sobre la violencia de la Oficina de la Mujer de la Corte de Justicia de San Juan"},"content":{"rendered":"<p>Los alumnos de los Niveles Primaria, Secundaria, Terciarios y Universitarios reciben los talleres preventivos sobre la violencia de la Oficina de la Mujer de la Corte de Justicia, interactuando con jueces y funcionarios.<\/p>\n<p>Es as\u00ed que, la Oficina de la Mujer &#8211; OM -, dependiente de la Corte de Justicia de San Juan, brind\u00f3 distintos talleres a estudiantes del Nivel Primario, Secundario y Universitario, de escuelas de los departamentos de Sarmiento, Rivadavia, Pocito, Rawson y de la Escuela de Seguridad de la UCCuyo. Estos talleres tienen como objetivo prevenir y sensibilizar sobre la violencia.<\/p>\n<p>Los talleres comenzaron a implementarse en Noviembre del 2021 llegando en la actualidad a m\u00e1s de 40 escuelas de niveles Primario, Secundario, Terciario y Universitario, sensibilizando a m\u00e1s de 3.000 alumnos y alumnas en todo el territorio provincial.<\/p>\n<p>El objetivo es prevenir y disminuir la violencia en las adolescencias. Para ello, se busca coadyuvar al cambio de conductas en las relaciones de noviazgo, promoviendo v\u00ednculos igualitarios, de buen trato y sin violencia. Adem\u00e1s, se acompa\u00f1a a adolescentes en la construcci\u00f3n de proyectos de vida alejados de estereotipos y mandatos tradicionales de g\u00e9nero.<\/p>\n<p>Tambi\u00e9n se procura identificar aspectos cr\u00edticos de la violencia de g\u00e9nero y en el noviazgo, as\u00ed como conocer formas de relacionarse basadas en el respeto a los derechos humanos y el buen trato. Por otro lado, se genera un espacio para reflexionar sobre problem\u00e1ticas actuales que atraviesan las adolescencias, como la salud mental y las relaciones sanas. Finalmente, se sensibiliza y promueve la reflexi\u00f3n con las adolescencias sobre la importancia del autocuidado y el respeto mutuo.<\/p>\n<p>La Presidenta de la Corte de Justicia y responsable de la OM, Dra. Adriana Garc\u00eda Nieto, encabez\u00f3 la apertura en la mayor\u00eda de estas actividades y los talleres estuvieron a cargo del Equipo Operativo de la Oficina de la Mujer, integrado por Natacha Porolli, Amelia Mart\u00edn, Juan Manuel Barbera y Hern\u00e1n Ca\u00f1iza, jueces y funcionarios del Poder Judicial de San Juan.<\/p>\n<p>El jueves 16 de octubre \u00faltimo, estudiantes de la Escuela de Educaci\u00f3n Secundaria Divisadero, ubicada en la localidad del mismo nombre, departamento Sarmiento, recibieron el taller \u201cAprendiendo a Querer-Nos\u201d que fue brindado por el Equipo Operativo de la OM y la Lic. Carolina Tamagnini; tambi\u00e9n acompa\u00f1\u00f3 la actividad la jueza de Paz de Sarmiento, Dra. Mar\u00eda Eugenia Barassi. El Taller tiene como objetivo abordar problem\u00e1ticas como acoso escolar, mal uso de redes sociales y violencia en el noviazgo, facilitando herramientas para que los j\u00f3venes puedan mantener relaciones sanas en sus vidas y aprendan a valorarse, encontrarse y quererse.<\/p>\n<p>El viernes 17 de octubre de 2025, se realiz\u00f3 el Taller \u201cLa violencia no se naturaliza\u201d que estuvo destinado a estudiantes de la Escuela de Seguridad de la Universidad Cat\u00f3lica de Cuyo, Departamento Rivadavia. El taller fue dictado por el Equipo Operativo de la OM y la fiscal coordinadora de la UFI CAVIG &#8211; Centro de Abordaje de Violencia Intrafamiliar y de G\u00e9nero-, Dra. Claudia Ruiz Carignano. La tem\u00e1tica principal fue la sensibilizaci\u00f3n en perspectiva y violencia de g\u00e9nero y la violencia contra las mujeres.<\/p>\n<p>El lunes 21 de octubre de 2025, la OM dict\u00f3 el Taller \u201cAprendiendo a Querer-Nos\u201d a alumnos y alumnas del Nivel Primario del Colegio Parroquial Santa B\u00e1rbara, Pocito. Fue dictado por la OM y la Lic. Carolina Tamagnini, acompa\u00f1ando la jornada la jueza del Juzgado de Paz Letrado del departamento, Dra. Laura Cecilia Assandri.<\/p>\n<p>El martes 22 de octubre de 2025, estudiantes del Nivel Primario del Colegio Monse\u00f1or Jos\u00e9 Am\u00e9rico Orzali, en Rawson, recibieron el Taller \u201cSoy una persona valiosa\u201d, donde se abordaron tem\u00e1ticas sobre el respeto, empat\u00eda y bulling. Fue dictado por la OM y la Lic. Carolina Tamagnini.<\/p>\n<p><a href=\"https:\/\/vocesparalelas.com.ar\/sitio\/wp-content\/uploads\/2025\/10\/CJSJ-GROOMING-11.pdf\">CJSJ-GROOMING (11)<\/a><\/p>\n<p>Tambi\u00e9n estuvo presente la jueza de Paz Letrada de Rawson, Dra. Roxana Espin Brikc. En todos los talleres, la OM entreg\u00f3 a las instituciones un banner sobre indicadores de riesgo.<\/p>\n<p>&nbsp;<\/p>\n<p><img loading=\"lazy\" decoding=\"async\" class=\"alignnone size-full wp-image-62371\" src=\"https:\/\/vocesparalelas.com.ar\/sitio\/wp-content\/uploads\/2023\/08\/CORTE-JUSTICIA-SAN-JUAN-01.jpg\" alt=\"\" width=\"800\" height=\"503\" srcset=\"https:\/\/vocesparalelas.com.ar\/sitio\/wp-content\/uploads\/2023\/08\/CORTE-JUSTICIA-SAN-JUAN-01.jpg 800w, https:\/\/vocesparalelas.com.ar\/sitio\/wp-content\/uploads\/2023\/08\/CORTE-JUSTICIA-SAN-JUAN-01-300x189.jpg 300w, https:\/\/vocesparalelas.com.ar\/sitio\/wp-content\/uploads\/2023\/08\/CORTE-JUSTICIA-SAN-JUAN-01-768x483.jpg 768w\" sizes=\"auto, (max-width: 800px) 100vw, 800px\" \/><\/p>\n","protected":false},"excerpt":{"rendered":"<p>Los alumnos de los Niveles Primaria, Secundaria, Terciarios y Universitarios reciben los talleres preventivos sobre la violencia de la Oficina<\/p>\n","protected":false},"author":3,"featured_media":93013,"comment_status":"closed","ping_status":"closed","sticky":false,"template":"","format":"standard","meta":{"_acf_changed":false,"_seopress_robots_primary_cat":"none","_seopress_titles_title":"","_seopress_titles_desc":"","_seopress_robots_index":"","colormag_page_container_layout":"default_layout","colormag_page_sidebar_layout":"default_layout","footnotes":""},"categories":[9],"tags":[],"class_list":["post-93010","post","type-post","status-publish","format-standard","has-post-thumbnail","hentry","category-cursos"],"acf":[],"_links":{"self":[{"href":"https:\/\/vocesparalelas.com.ar\/sitio\/wp-json\/wp\/v2\/posts\/93010","targetHints":{"allow":["GET"]}}],"collection":[{"href":"https:\/\/vocesparalelas.com.ar\/sitio\/wp-json\/wp\/v2\/posts"}],"about":[{"href":"https:\/\/vocesparalelas.com.ar\/sitio\/wp-json\/wp\/v2\/types\/post"}],"author":[{"embeddable":true,"href":"https:\/\/vocesparalelas.com.ar\/sitio\/wp-json\/wp\/v2\/users\/3"}],"replies":[{"embeddable":true,"href":"https:\/\/vocesparalelas.com.ar\/sitio\/wp-json\/wp\/v2\/comments?post=93010"}],"version-history":[{"count":3,"href":"https:\/\/vocesparalelas.com.ar\/sitio\/wp-json\/wp\/v2\/posts\/93010\/revisions"}],"predecessor-version":[{"id":93017,"href":"https:\/\/vocesparalelas.com.ar\/sitio\/wp-json\/wp\/v2\/posts\/93010\/revisions\/93017"}],"wp:featuredmedia":[{"embeddable":true,"href":"https:\/\/vocesparalelas.com.ar\/sitio\/wp-json\/wp\/v2\/media\/93013"}],"wp:attachment":[{"href":"https:\/\/vocesparalelas.com.ar\/sitio\/wp-json\/wp\/v2\/media?parent=93010"}],"wp:term":[{"taxonomy":"category","embeddable":true,"href":"https:\/\/vocesparalelas.com.ar\/sitio\/wp-json\/wp\/v2\/categories?post=93010"},{"taxonomy":"post_tag","embeddable":true,"href":"https:\/\/vocesparalelas.com.ar\/sitio\/wp-json\/wp\/v2\/tags?post=93010"}],"curies":[{"name":"wp","href":"https:\/\/api.w.org\/{rel}","templated":true}]}}