{"id":93005,"date":"2025-10-23T20:55:31","date_gmt":"2025-10-23T23:55:31","guid":{"rendered":"https:\/\/vocesparalelas.com.ar\/sitio\/?p=93005"},"modified":"2025-10-24T20:49:39","modified_gmt":"2025-10-24T23:49:39","slug":"jornada-educando-para-prevenir-resistamos-a-la-resistencia-antimicrobiana-en-las-escuelas-de-san-juan","status":"publish","type":"post","link":"https:\/\/vocesparalelas.com.ar\/sitio\/jornada-educando-para-prevenir-resistamos-a-la-resistencia-antimicrobiana-en-las-escuelas-de-san-juan\/","title":{"rendered":"Jornada \u201cEducando para Prevenir: Resistamos a la Resistencia Antimicrobiana\u201d en las Escuelas de San Juan"},"content":{"rendered":"<p>En las Escuelas p\u00fablicas y privadas de los diferentes niveles educativo de San Juan de desarrolla de manera simultanea la Jornada \u201cEducando para Prevenir: Resistamos a la Resistencia Antimicrobiana\u201d<\/p>\n<p>La iniciativa es impulsada por el Programa Provincial de Prevenci\u00f3n, Vigilancia y Control de las Infecciones Asociadas al Cuidado de la Salud y la Resistencia Antimicrobiana, dependiente de la Divisi\u00f3n Epidemiolog\u00eda, Departamento de Medicina Sanitaria y Secretaria T\u00e9cnica, del Ministerio de Salud, y se implementa en articulaci\u00f3n con el Ministerio de Educaci\u00f3n, a trav\u00e9s de la Secretar\u00eda de Educaci\u00f3n.<\/p>\n<p>Como instancia preparatoria, el 14 de Octubre se realiz\u00f3 una capacitaci\u00f3n virtual destinada a los equipos docentes, que alcanz\u00f3 a unos 3.000 visualizaciones en la que se abordaron los principales aspectos te\u00f3ricos sobre la Resistencia Antimicrobiana &#8211; RAM -, su impacto en la salud p\u00fablica y las estrategias de prevenci\u00f3n, bajo el enfoque integral de \u201cUna Salud\u201d &#8211; One Health -, que reconoce la interconexi\u00f3n entre la salud humana, animal y ambiental.<\/p>\n<p>La jornada tiene como prop\u00f3sito sensibilizar a directivos, docentes y estudiantes sobre la importancia de comprender y actuar frente a esta problem\u00e1tica global. A trav\u00e9s de este proyecto, se busca integrar la educaci\u00f3n sobre la RAM en el \u00e1mbito escolar, brindando herramientas pr\u00e1cticas y conocimientos cient\u00edficos que permitan a la comunidad educativa convertirse en agente de cambio en la prevenci\u00f3n de esta amenaza.<\/p>\n<p>Los contenidos desarrollados durante la capacitaci\u00f3n ser\u00e1n replicados en las aulas por los docentes, promoviendo un trabajo participativo junto a los estudiantes y las comunidades escolares, con el objetivo de fortalecer la educaci\u00f3n y la conciencia colectiva frente a este desaf\u00edo sanitario.<\/p>\n<p>La educaci\u00f3n y sensibilizaci\u00f3n sobre la Resistencia Antimicrobiana no solo contribuyen a proteger la salud de los estudiantes, sino que tambi\u00e9n forman ciudadanos responsables, conscientes y comprometidos con el bienestar com\u00fan y la salud.<\/p>\n<p><img loading=\"lazy\" decoding=\"async\" class=\"alignnone size-large wp-image-7688\" src=\"https:\/\/vocesparalelas.com.ar\/sitio\/wp-content\/uploads\/2017\/11\/ANTIBIOTICOS-800x531.jpeg\" alt=\"\" width=\"800\" height=\"531\" srcset=\"https:\/\/vocesparalelas.com.ar\/sitio\/wp-content\/uploads\/2017\/11\/ANTIBIOTICOS-800x531.jpeg 800w, https:\/\/vocesparalelas.com.ar\/sitio\/wp-content\/uploads\/2017\/11\/ANTIBIOTICOS-300x199.jpeg 300w, https:\/\/vocesparalelas.com.ar\/sitio\/wp-content\/uploads\/2017\/11\/ANTIBIOTICOS-768x510.jpeg 768w, https:\/\/vocesparalelas.com.ar\/sitio\/wp-content\/uploads\/2017\/11\/ANTIBIOTICOS.jpeg 1024w\" sizes=\"auto, (max-width: 800px) 100vw, 800px\" \/><\/p>\n","protected":false},"excerpt":{"rendered":"<p>En las Escuelas p\u00fablicas y privadas de los diferentes niveles educativo de San Juan de desarrolla de manera simultanea la<\/p>\n","protected":false},"author":3,"featured_media":93008,"comment_status":"closed","ping_status":"closed","sticky":false,"template":"","format":"standard","meta":{"_acf_changed":false,"_seopress_robots_primary_cat":"none","_seopress_titles_title":"","_seopress_titles_desc":"","_seopress_robots_index":"","colormag_page_container_layout":"default_layout","colormag_page_sidebar_layout":"default_layout","footnotes":""},"categories":[9],"tags":[],"class_list":["post-93005","post","type-post","status-publish","format-standard","has-post-thumbnail","hentry","category-cursos"],"acf":[],"_links":{"self":[{"href":"https:\/\/vocesparalelas.com.ar\/sitio\/wp-json\/wp\/v2\/posts\/93005","targetHints":{"allow":["GET"]}}],"collection":[{"href":"https:\/\/vocesparalelas.com.ar\/sitio\/wp-json\/wp\/v2\/posts"}],"about":[{"href":"https:\/\/vocesparalelas.com.ar\/sitio\/wp-json\/wp\/v2\/types\/post"}],"author":[{"embeddable":true,"href":"https:\/\/vocesparalelas.com.ar\/sitio\/wp-json\/wp\/v2\/users\/3"}],"replies":[{"embeddable":true,"href":"https:\/\/vocesparalelas.com.ar\/sitio\/wp-json\/wp\/v2\/comments?post=93005"}],"version-history":[{"count":1,"href":"https:\/\/vocesparalelas.com.ar\/sitio\/wp-json\/wp\/v2\/posts\/93005\/revisions"}],"predecessor-version":[{"id":93009,"href":"https:\/\/vocesparalelas.com.ar\/sitio\/wp-json\/wp\/v2\/posts\/93005\/revisions\/93009"}],"wp:featuredmedia":[{"embeddable":true,"href":"https:\/\/vocesparalelas.com.ar\/sitio\/wp-json\/wp\/v2\/media\/93008"}],"wp:attachment":[{"href":"https:\/\/vocesparalelas.com.ar\/sitio\/wp-json\/wp\/v2\/media?parent=93005"}],"wp:term":[{"taxonomy":"category","embeddable":true,"href":"https:\/\/vocesparalelas.com.ar\/sitio\/wp-json\/wp\/v2\/categories?post=93005"},{"taxonomy":"post_tag","embeddable":true,"href":"https:\/\/vocesparalelas.com.ar\/sitio\/wp-json\/wp\/v2\/tags?post=93005"}],"curies":[{"name":"wp","href":"https:\/\/api.w.org\/{rel}","templated":true}]}}