{"id":92962,"date":"2025-10-22T14:22:15","date_gmt":"2025-10-22T17:22:15","guid":{"rendered":"https:\/\/vocesparalelas.com.ar\/sitio\/?p=92962"},"modified":"2025-10-22T20:07:45","modified_gmt":"2025-10-22T23:07:45","slug":"ciclo-de-comedia-volumen-3-camoteando-en-el-chalet-cantoni-de-san-juan","status":"publish","type":"post","link":"https:\/\/vocesparalelas.com.ar\/sitio\/ciclo-de-comedia-volumen-3-camoteando-en-el-chalet-cantoni-de-san-juan\/","title":{"rendered":"Ciclo de Comedia Volumen 3 \u201cCamoteando\u201d en el Chalet Cantoni de San Juan"},"content":{"rendered":"<p>El Viernes, 24 de Octubre, a las 20 hs, en el Chalet Cantoni es escenario del Ciclo de Comedia Volumen 3: \u201cCamoteando\u201d, una propuesta esc\u00e9nica que invita al p\u00fablico a vivir una experiencia \u00fanica cargada de risas, ingenio y frescura, con dos variantes del humor contempor\u00e1neo stand up e improvisaci\u00f3n teatral.<\/p>\n<p>El stand up, g\u00e9nero en el que cada comediante sube en solitario para compartir observaciones cotidianas con mordacidad y estilo propio, estar\u00e1 a cargo de Bel\u00e9n Marinero, Celi C\u00e1ceres y Yani Calder\u00f3n.<\/p>\n<p>La segunda parte de la velada estar\u00e1 dedicada a la improvisaci\u00f3n teatral: una t\u00e9cnica que permite a los actores construir escenas espont\u00e1neas, sin guion previo, donde la imaginaci\u00f3n y el juego colectivo dan vida a historias irrepetibles. En esta oportunidad, Abril Illanes, Luis Guti\u00e9rrez y Alan Herrera ser\u00e1n los encargados de sorprender al p\u00fablico con relatos que pueden surgir de cualquier situaci\u00f3n: desde un abuelo contando una historia a\u00f1eja, hasta un juicio, un funeral o incluso una invasi\u00f3n alien\u00edgena.<\/p>\n<p>La entrada es libre y gratuita, solo apta para mayores de 18 a\u00f1os. Adem\u00e1s, el p\u00fablico podr\u00e1 disfrutar de comida y bebida durante la funci\u00f3n en los diferentes foodtrucks.<\/p>\n<figure id=\"attachment_46297\" aria-describedby=\"caption-attachment-46297\" style=\"width: 782px\" class=\"wp-caption alignnone\"><img loading=\"lazy\" decoding=\"async\" class=\"size-full wp-image-46297\" src=\"https:\/\/vocesparalelas.com.ar\/sitio\/wp-content\/uploads\/2022\/02\/CHALET-CANTONI.jpg\" alt=\"\" width=\"782\" height=\"440\" srcset=\"https:\/\/vocesparalelas.com.ar\/sitio\/wp-content\/uploads\/2022\/02\/CHALET-CANTONI.jpg 782w, https:\/\/vocesparalelas.com.ar\/sitio\/wp-content\/uploads\/2022\/02\/CHALET-CANTONI-300x169.jpg 300w, https:\/\/vocesparalelas.com.ar\/sitio\/wp-content\/uploads\/2022\/02\/CHALET-CANTONI-768x432.jpg 768w\" sizes=\"auto, (max-width: 782px) 100vw, 782px\" \/><figcaption id=\"caption-attachment-46297\" class=\"wp-caption-text\">Chalet Cantoni, Departamento Rivadavia, Provincia San Juan, Rep\u00fablica Argentita<\/figcaption><\/figure>\n","protected":false},"excerpt":{"rendered":"<p>El Viernes, 24 de Octubre, a las 20 hs, en el Chalet Cantoni es escenario del Ciclo de Comedia Volumen<\/p>\n","protected":false},"author":3,"featured_media":92965,"comment_status":"closed","ping_status":"closed","sticky":false,"template":"","format":"standard","meta":{"_acf_changed":false,"_seopress_robots_primary_cat":"none","_seopress_titles_title":"","_seopress_titles_desc":"","_seopress_robots_index":"","colormag_page_container_layout":"default_layout","colormag_page_sidebar_layout":"default_layout","footnotes":""},"categories":[20],"tags":[],"class_list":["post-92962","post","type-post","status-publish","format-standard","has-post-thumbnail","hentry","category-cartelera"],"acf":[],"_links":{"self":[{"href":"https:\/\/vocesparalelas.com.ar\/sitio\/wp-json\/wp\/v2\/posts\/92962","targetHints":{"allow":["GET"]}}],"collection":[{"href":"https:\/\/vocesparalelas.com.ar\/sitio\/wp-json\/wp\/v2\/posts"}],"about":[{"href":"https:\/\/vocesparalelas.com.ar\/sitio\/wp-json\/wp\/v2\/types\/post"}],"author":[{"embeddable":true,"href":"https:\/\/vocesparalelas.com.ar\/sitio\/wp-json\/wp\/v2\/users\/3"}],"replies":[{"embeddable":true,"href":"https:\/\/vocesparalelas.com.ar\/sitio\/wp-json\/wp\/v2\/comments?post=92962"}],"version-history":[{"count":1,"href":"https:\/\/vocesparalelas.com.ar\/sitio\/wp-json\/wp\/v2\/posts\/92962\/revisions"}],"predecessor-version":[{"id":92966,"href":"https:\/\/vocesparalelas.com.ar\/sitio\/wp-json\/wp\/v2\/posts\/92962\/revisions\/92966"}],"wp:featuredmedia":[{"embeddable":true,"href":"https:\/\/vocesparalelas.com.ar\/sitio\/wp-json\/wp\/v2\/media\/92965"}],"wp:attachment":[{"href":"https:\/\/vocesparalelas.com.ar\/sitio\/wp-json\/wp\/v2\/media?parent=92962"}],"wp:term":[{"taxonomy":"category","embeddable":true,"href":"https:\/\/vocesparalelas.com.ar\/sitio\/wp-json\/wp\/v2\/categories?post=92962"},{"taxonomy":"post_tag","embeddable":true,"href":"https:\/\/vocesparalelas.com.ar\/sitio\/wp-json\/wp\/v2\/tags?post=92962"}],"curies":[{"name":"wp","href":"https:\/\/api.w.org\/{rel}","templated":true}]}}