{"id":92951,"date":"2025-10-22T13:16:36","date_gmt":"2025-10-22T16:16:36","guid":{"rendered":"https:\/\/vocesparalelas.com.ar\/sitio\/?p=92951"},"modified":"2025-10-23T21:30:26","modified_gmt":"2025-10-24T00:30:26","slug":"tu-voto-y-tu-compromiso-cimiento-de-nuestra-democracia-en-argentina","status":"publish","type":"post","link":"https:\/\/vocesparalelas.com.ar\/sitio\/tu-voto-y-tu-compromiso-cimiento-de-nuestra-democracia-en-argentina\/","title":{"rendered":"Tu voto y tu compromiso, cimiento de nuestra Democracia en Argentina"},"content":{"rendered":"<p>Desde el Secretariado de Laicos de la Conferencia Episcopal Argentina, queremos invitar a reflexionar sobre c\u00f3mo participamos en la construcci\u00f3n social de la democracia, especialmente en estas elecciones de medio t\u00e9rmino. La<br \/>\nIglesia nos ense\u00f1a que la participaci\u00f3n pol\u00edtica es una forma de servir y construir una comunidad m\u00e1s justa y solidaria.<\/p>\n<p>A veces, el clima cultural se encuentra impregnado de desconfianza y cansancio hacia la pol\u00edtica y sus actores. Sin embargo, la aut\u00e9ntica vocaci\u00f3n pol\u00edtica, propia de la vocaci\u00f3n laical, es un acto de amor cristiano que busca el bien com\u00fan. Es el compromiso de entregar la vida para crear una sociedad fraterna y justa. En este sentido el Papa Le\u00f3n XIV en \u201cDilexi Te\u201d nos dice: \u201cHago votos, por lo tanto para que crezca el n\u00famero de pol\u00edticos capaces de entrar en un aut\u00e9ntico di\u00e1logo que se oriente eficazmente a sanar las ra\u00edces profundas y no la apariencia de los males de nuestro mundo.\u201d (91)<\/p>\n<p>La pr\u00e1ctica pol\u00edtica recobra su sentido m\u00e1s profundo cuando busca la unidad y prioriza a las personas m\u00e1s vulnerables, promoviendo intereses que beneficien al conjunto. Como dice el Papa Francisco en \u201cFratelli Tutti\u201d, y tambi\u00e9n otros pont\u00edfices, trabajar por el bien com\u00fan y la justicia social es la forma m\u00e1s alta de caridad, cuando la pol\u00edtica est\u00e1 al servicio del amor a las personas en todas sus dimensiones, y no s\u00f3lo de los intereses econ\u00f3micos o tecnol\u00f3gicos.<\/p>\n<p>Francisco tambi\u00e9n nos ense\u00f1a que, para hacer un buen trabajo por nuestro pueblo, hay que partir de las necesidades reales y escuchar a los m\u00e1s vulnerables. La diversidad en la pol\u00edtica enriquece y construye una visi\u00f3n m\u00e1s<br \/>\ncompleta del \u201cnosotros\u201d.<\/p>\n<p>El testimonio del Papa ha demostrado que el poder es para servir con amor, cercan\u00eda y humildad. Nos anima a ser constructores del bien com\u00fan, promoviendo la paz y el respeto, incluso con quienes piensan diferente.<\/p>\n<p>Se aproximan elecciones para elegir diputados y senadores nacionales. Es comprensible que experimentemos cansancio o decepci\u00f3n, pero somos portadores de una esperanza que debe animarnos a involucrarnos \u00a1compromet\u00e1monos a participar con nuestro voto! Tu compromiso y tu voto son cimiento de nuestra democracia.<\/p>\n<p>Esta es nuestra oportunidad para dar mayor presencia a nuestra voz en el recinto legislativo y de incidir en el rumbo del pa\u00eds. Te animamos a rezar, informarte y discernir a qui\u00e9nes votar, conocer sus propuestas partidarias, sus antecedentes c\u00edvicos y valores. La ense\u00f1anza social de la Iglesia nos recuerda la importancia del valor de toda vida, de la educaci\u00f3n, y de la familia como escuela de humanidad. Es necesario que el Congreso de la Naci\u00f3n se vuelva un \u00e1mbito de di\u00e1logo donde poder superar las heridas sociales de nuestro pueblo.<\/p>\n<p>Que nuestras comunidades sean el espacio de encuentro donde podamos acompa\u00f1arnos para no caer en el des\u00e1nimo ni el pesimismo. Que sea desde la vida comunitaria, donde podamos alimentarnos de la fuerza y esperanza<br \/>\nevang\u00e9lica para elegir a quienes mejor representan nuestros valores humanos y cristianos. Sabemos que algunos forman parte de nuestras comunidades, acompa\u00f1emos su servicio y entrega en esta vocaci\u00f3n sublime.<\/p>\n<p>En este a\u00f1o jubilar, tambi\u00e9n en la pol\u00edtica, estamos llamados a ser peregrinos de esperanza. \u00a1A participar con esperanza! \u00a1Un fuerte abrazo fraterno!<\/p>\n<p style=\"text-align: right;\">Secretariado Nacional para los Laicos &#8211; SEPLAI<br \/>\nComisi\u00f3n Episcopal para la Vida, los Laicos, la Familia y la Juventud<br \/>\nCONFERENCIA EPISCOPAL ARGENTINA<\/p>\n<p>&nbsp;<\/p>\n<p><img loading=\"lazy\" decoding=\"async\" class=\"alignnone size-full wp-image-86052\" src=\"https:\/\/vocesparalelas.com.ar\/sitio\/wp-content\/uploads\/2025\/05\/OBISPOS-CEA.jpg\" alt=\"\" width=\"800\" height=\"533\" srcset=\"https:\/\/vocesparalelas.com.ar\/sitio\/wp-content\/uploads\/2025\/05\/OBISPOS-CEA.jpg 800w, https:\/\/vocesparalelas.com.ar\/sitio\/wp-content\/uploads\/2025\/05\/OBISPOS-CEA-300x200.jpg 300w, https:\/\/vocesparalelas.com.ar\/sitio\/wp-content\/uploads\/2025\/05\/OBISPOS-CEA-768x512.jpg 768w\" sizes=\"auto, (max-width: 800px) 100vw, 800px\" \/><\/p>\n<p>&nbsp;<\/p>\n","protected":false},"excerpt":{"rendered":"<p>Desde el Secretariado de Laicos de la Conferencia Episcopal Argentina, queremos invitar a reflexionar sobre c\u00f3mo participamos en la construcci\u00f3n<\/p>\n","protected":false},"author":3,"featured_media":59069,"comment_status":"closed","ping_status":"closed","sticky":false,"template":"","format":"standard","meta":{"_acf_changed":false,"_seopress_robots_primary_cat":"none","_seopress_titles_title":"","_seopress_titles_desc":"","_seopress_robots_index":"","colormag_page_container_layout":"default_layout","colormag_page_sidebar_layout":"default_layout","footnotes":""},"categories":[10],"tags":[],"class_list":["post-92951","post","type-post","status-publish","format-standard","has-post-thumbnail","hentry","category-opiniones"],"acf":[],"_links":{"self":[{"href":"https:\/\/vocesparalelas.com.ar\/sitio\/wp-json\/wp\/v2\/posts\/92951","targetHints":{"allow":["GET"]}}],"collection":[{"href":"https:\/\/vocesparalelas.com.ar\/sitio\/wp-json\/wp\/v2\/posts"}],"about":[{"href":"https:\/\/vocesparalelas.com.ar\/sitio\/wp-json\/wp\/v2\/types\/post"}],"author":[{"embeddable":true,"href":"https:\/\/vocesparalelas.com.ar\/sitio\/wp-json\/wp\/v2\/users\/3"}],"replies":[{"embeddable":true,"href":"https:\/\/vocesparalelas.com.ar\/sitio\/wp-json\/wp\/v2\/comments?post=92951"}],"version-history":[{"count":3,"href":"https:\/\/vocesparalelas.com.ar\/sitio\/wp-json\/wp\/v2\/posts\/92951\/revisions"}],"predecessor-version":[{"id":92956,"href":"https:\/\/vocesparalelas.com.ar\/sitio\/wp-json\/wp\/v2\/posts\/92951\/revisions\/92956"}],"wp:featuredmedia":[{"embeddable":true,"href":"https:\/\/vocesparalelas.com.ar\/sitio\/wp-json\/wp\/v2\/media\/59069"}],"wp:attachment":[{"href":"https:\/\/vocesparalelas.com.ar\/sitio\/wp-json\/wp\/v2\/media?parent=92951"}],"wp:term":[{"taxonomy":"category","embeddable":true,"href":"https:\/\/vocesparalelas.com.ar\/sitio\/wp-json\/wp\/v2\/categories?post=92951"},{"taxonomy":"post_tag","embeddable":true,"href":"https:\/\/vocesparalelas.com.ar\/sitio\/wp-json\/wp\/v2\/tags?post=92951"}],"curies":[{"name":"wp","href":"https:\/\/api.w.org\/{rel}","templated":true}]}}