{"id":92941,"date":"2025-10-22T12:19:34","date_gmt":"2025-10-22T15:19:34","guid":{"rendered":"https:\/\/vocesparalelas.com.ar\/sitio\/?p=92941"},"modified":"2025-10-23T22:23:06","modified_gmt":"2025-10-24T01:23:06","slug":"el-programa-provincial-de-capacitacion-y-concientizacion-en-rcp-se-aplica-en-las-escuelas-secundarias-de-san-juan","status":"publish","type":"post","link":"https:\/\/vocesparalelas.com.ar\/sitio\/el-programa-provincial-de-capacitacion-y-concientizacion-en-rcp-se-aplica-en-las-escuelas-secundarias-de-san-juan\/","title":{"rendered":"El Programa Provincial de Capacitaci\u00f3n y Concientizaci\u00f3n en RCP se aplica en las Escuelas Secundarias de San Juan"},"content":{"rendered":"<p>La ministra de Educaci\u00f3n, Lic. Silvia Fuentes y el ministro de Salud del\u00a0Gobierno de San Juan, Dr. Am\u00edlcar Dobladez iniciaron el Programa Provincial de Capacitaci\u00f3n y Concientizaci\u00f3n en RCP en el \u00c1mbito Educativo, que busca formar a miles de estudiantes y docentes de San Juan.<\/p>\n<p>El objetivo es formar a alumnos, docentes y personal escolar de nivel Secundario en t\u00e9cnicas b\u00e1sicas de RCP, como tambi\u00e9n fomentar la conciencia y la prevenci\u00f3n de enfermedades card\u00edacas en la comunidad educativa.<\/p>\n<p>La actividad se inici\u00f3 en la Escuela Presidente Hip\u00f3lito Yrigoyen, Departamento Capital acompa\u00f1ando a los profesionales que dictan la formaci\u00f3n y a los alumnos y docentes de quinto y sexto a\u00f1o de la instituci\u00f3n.<\/p>\n<p>En simult\u00e1neo, la capacitaci\u00f3n tambi\u00e9n se desarroll\u00f3 en el Colegio San Nicol\u00e1s de Bari, Departamento Capital, marcando el inicio de una etapa de trabajo intensiva que alcanzar\u00e1 a 192 escuelas inscriptas al programa en toda la provincia. El objetivo es cubrir al menos el 50% de esas instituciones entre octubre y noviembre, para continuar en 2026 hasta llegar a la totalidad de las escuelas inscriptas.<\/p>\n<p>En este contexto, la ministra de Educaci\u00f3n, Lic. Silvia Fuentes subray\u00f3 que \u00abesta propuesta tiene un valor doble. Los estudiantes aprenden t\u00e9cnicas que pueden salvar vidas y, al mismo tiempo, fortalecen su sentido de responsabilidad y compromiso social. Cada alumno que se capacita multiplica las posibilidades de respuesta en una emergencia\u201d.<\/p>\n<p>Por su parte, el ministro de Salud, Dr. Am\u00edlcar Dobladez destac\u00f3 que \u00abel trabajo conjunto entre Salud y Educaci\u00f3n permite construir una comunidad educativa preparada para actuar ante una situaci\u00f3n de emergencia. Nadie sabe cu\u00e1ndo puede enfrentar una situaci\u00f3n as\u00ed, por eso la formaci\u00f3n en RCP debe asumirse con convicci\u00f3n y compromiso. Es una acci\u00f3n que salva vidas\u201d.<\/p>\n<p>Acompa\u00f1aron el secretario de Medicina Preventiva, Emergencia y Cat\u00e1strofe, Dr. Pablo Arroyo ; la jefa del Departamento de Medicina Asistencial, Dra. Romina Mataix; y la jefa de Divisi\u00f3n Enfermer\u00eda, Lic. Marianela P\u00e9rez.<\/p>\n<p><img loading=\"lazy\" decoding=\"async\" class=\"alignnone size-full wp-image-92945\" src=\"https:\/\/vocesparalelas.com.ar\/sitio\/wp-content\/uploads\/2025\/10\/EDUCACION-RCP-02.jpg\" alt=\"\" width=\"800\" height=\"454\" srcset=\"https:\/\/vocesparalelas.com.ar\/sitio\/wp-content\/uploads\/2025\/10\/EDUCACION-RCP-02.jpg 800w, https:\/\/vocesparalelas.com.ar\/sitio\/wp-content\/uploads\/2025\/10\/EDUCACION-RCP-02-300x170.jpg 300w, https:\/\/vocesparalelas.com.ar\/sitio\/wp-content\/uploads\/2025\/10\/EDUCACION-RCP-02-768x436.jpg 768w\" sizes=\"auto, (max-width: 800px) 100vw, 800px\" \/><\/p>\n<p>El programa, aprobado por Resoluci\u00f3n N\u00b014594 del Ministerio de Educaci\u00f3n, surge del convenio firmado entre ambos ministerios en el marco de las Leyes Provincial 2674-H y Nacionales 26.835 y 27.159, que promueven la ense\u00f1anza de RCP en instituciones educativas.<\/p>\n<p>Las jornadas incluyen talleres te\u00f3rico-pr\u00e1cticos, pr\u00e1cticas supervisadas con simuladores y material audiovisual adaptado a los lineamientos de la American Heart Association (2024). En esta primera etapa, la formaci\u00f3n est\u00e1 dirigida a los dos \u00faltimos a\u00f1os del nivel secundario, y en una segunda fase se extender\u00e1 progresivamente a todos los a\u00f1os de las escuelas secundarias.<\/p>\n<p>La Reanimaci\u00f3n Cardiopulmonar aumenta las posibilidades de supervivencia (puede salvar vidas al mantener el flujo de sangre oxigenada al cerebro y otros \u00f3rganos vitales); reduce el da\u00f1o cerebral (la RCP oportuna puede ayudar a prevenir da\u00f1os cerebrales irreversibles causados por la falta de ox\u00edgeno); y fortalece la comunidad (capacitar a m\u00e1s personas en RCP crea una red de seguridad comunitaria en la que los vecinos pueden ayudarse mutuamente en situaciones de emergencia).<\/p>\n<p>La muerte s\u00fabita es una de las principales causas de muerte en todo el mundo, y m\u00e1s de la mitad de las muertes cardiovasculares se deben a este tipo de evento. En Argentina, se estima que entre 40.000 y 60.000 personas fallecen cada a\u00f1o por muerte s\u00fabita.<\/p>\n<p>&nbsp;<\/p>\n<p><img loading=\"lazy\" decoding=\"async\" class=\"alignnone size-full wp-image-92946\" src=\"https:\/\/vocesparalelas.com.ar\/sitio\/wp-content\/uploads\/2025\/10\/EDUCACION-RCP-03.jpg\" alt=\"\" width=\"800\" height=\"461\" srcset=\"https:\/\/vocesparalelas.com.ar\/sitio\/wp-content\/uploads\/2025\/10\/EDUCACION-RCP-03.jpg 800w, https:\/\/vocesparalelas.com.ar\/sitio\/wp-content\/uploads\/2025\/10\/EDUCACION-RCP-03-300x173.jpg 300w, https:\/\/vocesparalelas.com.ar\/sitio\/wp-content\/uploads\/2025\/10\/EDUCACION-RCP-03-768x443.jpg 768w\" sizes=\"auto, (max-width: 800px) 100vw, 800px\" \/><\/p>\n","protected":false},"excerpt":{"rendered":"<p>La ministra de Educaci\u00f3n, Lic. Silvia Fuentes y el ministro de Salud del\u00a0Gobierno de San Juan, Dr. Am\u00edlcar Dobladez iniciaron<\/p>\n","protected":false},"author":3,"featured_media":92944,"comment_status":"closed","ping_status":"closed","sticky":false,"template":"","format":"standard","meta":{"_acf_changed":false,"_seopress_robots_primary_cat":"none","_seopress_titles_title":"","_seopress_titles_desc":"","_seopress_robots_index":"","colormag_page_container_layout":"default_layout","colormag_page_sidebar_layout":"default_layout","footnotes":""},"categories":[9],"tags":[],"class_list":["post-92941","post","type-post","status-publish","format-standard","has-post-thumbnail","hentry","category-cursos"],"acf":[],"_links":{"self":[{"href":"https:\/\/vocesparalelas.com.ar\/sitio\/wp-json\/wp\/v2\/posts\/92941","targetHints":{"allow":["GET"]}}],"collection":[{"href":"https:\/\/vocesparalelas.com.ar\/sitio\/wp-json\/wp\/v2\/posts"}],"about":[{"href":"https:\/\/vocesparalelas.com.ar\/sitio\/wp-json\/wp\/v2\/types\/post"}],"author":[{"embeddable":true,"href":"https:\/\/vocesparalelas.com.ar\/sitio\/wp-json\/wp\/v2\/users\/3"}],"replies":[{"embeddable":true,"href":"https:\/\/vocesparalelas.com.ar\/sitio\/wp-json\/wp\/v2\/comments?post=92941"}],"version-history":[{"count":4,"href":"https:\/\/vocesparalelas.com.ar\/sitio\/wp-json\/wp\/v2\/posts\/92941\/revisions"}],"predecessor-version":[{"id":92950,"href":"https:\/\/vocesparalelas.com.ar\/sitio\/wp-json\/wp\/v2\/posts\/92941\/revisions\/92950"}],"wp:featuredmedia":[{"embeddable":true,"href":"https:\/\/vocesparalelas.com.ar\/sitio\/wp-json\/wp\/v2\/media\/92944"}],"wp:attachment":[{"href":"https:\/\/vocesparalelas.com.ar\/sitio\/wp-json\/wp\/v2\/media?parent=92941"}],"wp:term":[{"taxonomy":"category","embeddable":true,"href":"https:\/\/vocesparalelas.com.ar\/sitio\/wp-json\/wp\/v2\/categories?post=92941"},{"taxonomy":"post_tag","embeddable":true,"href":"https:\/\/vocesparalelas.com.ar\/sitio\/wp-json\/wp\/v2\/tags?post=92941"}],"curies":[{"name":"wp","href":"https:\/\/api.w.org\/{rel}","templated":true}]}}