{"id":92936,"date":"2025-10-22T11:42:28","date_gmt":"2025-10-22T14:42:28","guid":{"rendered":"https:\/\/vocesparalelas.com.ar\/sitio\/?p=92936"},"modified":"2025-10-23T21:58:44","modified_gmt":"2025-10-24T00:58:44","slug":"finalizo-el-ciclo-de-conversatorios-incorporando-herramientas-en-la-camara-de-diputados-de-san-juan","status":"publish","type":"post","link":"https:\/\/vocesparalelas.com.ar\/sitio\/finalizo-el-ciclo-de-conversatorios-incorporando-herramientas-en-la-camara-de-diputados-de-san-juan\/","title":{"rendered":"Finaliz\u00f3 el Ciclo de Conversatorios \u201cIncorporando Herramientas\u201d en la C\u00e1mara de Diputados de San Juan"},"content":{"rendered":"<p>Con la participaci\u00f3n y entusiasmo del personal legislativo, se desarroll\u00f3 este martes 21 de octubre, en el Auditorio Emar Acosta del Anexo Legislativo, el \u00faltimo encuentro del Ciclo de Conversatorios \u201cIncorporando Herramientas\u201d, una propuesta de formaci\u00f3n impulsada por la Secretar\u00eda Legislativa, en articulaci\u00f3n con el Instituto de Capacitaci\u00f3n Parlamentaria (ICAP) y la Direcci\u00f3n de Asuntos Legislativos.<\/p>\n<p>La apertura de la jornada estuvo encabezada por el secretario Legislativo, Gustavo Velert; la coordinadora de Relaciones con la Comunidad, Giselle Fern\u00e1ndez; y el Lic. Gustavo Moguilner, escritor y especialista en inteligencia emocional, quien brind\u00f3 la charla titulada \u201cGesti\u00f3n de las emociones y comunicaci\u00f3n efectiva\u201d.<\/p>\n<p>Acompa\u00f1aron en la ocasi\u00f3n el secretario Administrativo, Lic. Jorge Fern\u00e1ndez, y el diputado Dr. Juan de la Cruz C\u00f3rdoba.<\/p>\n<p>Durante su exposici\u00f3n, Lic. Gustavo Moguilner abord\u00f3 la importancia de gestionar las emociones en contextos de presi\u00f3n, estr\u00e9s o incertidumbre, promoviendo competencias como la autoconciencia, la autorregulaci\u00f3n, la empat\u00eda, la automotivaci\u00f3n y la comunicaci\u00f3n saludable.<\/p>\n<p>Esta tercera charla tuvo como prop\u00f3sito aportar al desarrollo personal desde una mirada integral, reconociendo que detr\u00e1s de cada trabajador hay una historia, una carga emocional y un potencial que puede fortalecerse con acompa\u00f1amiento y herramientas adecuadas.<\/p>\n<p>El secretario Legislativo, Dr. Gustavo Velert, destac\u00f3 el valor de esta instancia de capacitaci\u00f3n y el compromiso de quienes participaron a lo largo del ciclo. En la oportunidad, junto al diputado Dr. Juan de la Cruz C\u00f3rdoba, hizo entrega al expositor Lic. Gustavo Moguilner de la resoluci\u00f3n de inter\u00e9s por los Conversatorios.<\/p>\n<p>El ciclo \u201cIncorporando Herramientas\u201d incluy\u00f3 tres encuentros centrados en tem\u00e1ticas de alto impacto: Educaci\u00f3n Financiera, Estafas Digitales y Grooming, y Gesti\u00f3n de Emociones y Comunicaci\u00f3n.<\/p>\n<p>Cada propuesta ofreci\u00f3 un espacio de di\u00e1logo, reflexi\u00f3n y aprendizaje, con el prop\u00f3sito de fortalecer las capacidades personales y promover el bienestar integral de quienes integran la C\u00e1mara de Diputados.<\/p>\n<p>Con esta \u00faltima jornada, la Legislatura culmina una etapa formativa que reafirma su compromiso con la capacitaci\u00f3n permanente y con una mirada humana, solidaria y preventiva del trabajo institucional.<\/p>\n<figure id=\"attachment_37951\" aria-describedby=\"caption-attachment-37951\" style=\"width: 800px\" class=\"wp-caption alignnone\"><img loading=\"lazy\" decoding=\"async\" class=\"size-full wp-image-37951\" src=\"https:\/\/vocesparalelas.com.ar\/sitio\/wp-content\/uploads\/2021\/05\/CAMARA-EDIFICIO.jpg\" alt=\"\" width=\"800\" height=\"515\" srcset=\"https:\/\/vocesparalelas.com.ar\/sitio\/wp-content\/uploads\/2021\/05\/CAMARA-EDIFICIO.jpg 800w, https:\/\/vocesparalelas.com.ar\/sitio\/wp-content\/uploads\/2021\/05\/CAMARA-EDIFICIO-300x193.jpg 300w, https:\/\/vocesparalelas.com.ar\/sitio\/wp-content\/uploads\/2021\/05\/CAMARA-EDIFICIO-768x494.jpg 768w\" sizes=\"auto, (max-width: 800px) 100vw, 800px\" \/><figcaption id=\"caption-attachment-37951\" class=\"wp-caption-text\">Legislatura Provincial de San Juan, Rep\u00fablica Argentina<\/figcaption><\/figure>\n","protected":false},"excerpt":{"rendered":"<p>Con la participaci\u00f3n y entusiasmo del personal legislativo, se desarroll\u00f3 este martes 21 de octubre, en el Auditorio Emar Acosta<\/p>\n","protected":false},"author":3,"featured_media":92939,"comment_status":"closed","ping_status":"closed","sticky":false,"template":"","format":"standard","meta":{"_acf_changed":false,"_seopress_robots_primary_cat":"none","_seopress_titles_title":"","_seopress_titles_desc":"","_seopress_robots_index":"","colormag_page_container_layout":"default_layout","colormag_page_sidebar_layout":"default_layout","footnotes":""},"categories":[9],"tags":[],"class_list":["post-92936","post","type-post","status-publish","format-standard","has-post-thumbnail","hentry","category-cursos"],"acf":[],"_links":{"self":[{"href":"https:\/\/vocesparalelas.com.ar\/sitio\/wp-json\/wp\/v2\/posts\/92936","targetHints":{"allow":["GET"]}}],"collection":[{"href":"https:\/\/vocesparalelas.com.ar\/sitio\/wp-json\/wp\/v2\/posts"}],"about":[{"href":"https:\/\/vocesparalelas.com.ar\/sitio\/wp-json\/wp\/v2\/types\/post"}],"author":[{"embeddable":true,"href":"https:\/\/vocesparalelas.com.ar\/sitio\/wp-json\/wp\/v2\/users\/3"}],"replies":[{"embeddable":true,"href":"https:\/\/vocesparalelas.com.ar\/sitio\/wp-json\/wp\/v2\/comments?post=92936"}],"version-history":[{"count":1,"href":"https:\/\/vocesparalelas.com.ar\/sitio\/wp-json\/wp\/v2\/posts\/92936\/revisions"}],"predecessor-version":[{"id":92940,"href":"https:\/\/vocesparalelas.com.ar\/sitio\/wp-json\/wp\/v2\/posts\/92936\/revisions\/92940"}],"wp:featuredmedia":[{"embeddable":true,"href":"https:\/\/vocesparalelas.com.ar\/sitio\/wp-json\/wp\/v2\/media\/92939"}],"wp:attachment":[{"href":"https:\/\/vocesparalelas.com.ar\/sitio\/wp-json\/wp\/v2\/media?parent=92936"}],"wp:term":[{"taxonomy":"category","embeddable":true,"href":"https:\/\/vocesparalelas.com.ar\/sitio\/wp-json\/wp\/v2\/categories?post=92936"},{"taxonomy":"post_tag","embeddable":true,"href":"https:\/\/vocesparalelas.com.ar\/sitio\/wp-json\/wp\/v2\/tags?post=92936"}],"curies":[{"name":"wp","href":"https:\/\/api.w.org\/{rel}","templated":true}]}}