{"id":92916,"date":"2025-10-21T21:23:13","date_gmt":"2025-10-22T00:23:13","guid":{"rendered":"https:\/\/vocesparalelas.com.ar\/sitio\/?p=92916"},"modified":"2025-10-23T22:46:33","modified_gmt":"2025-10-24T01:46:33","slug":"se-desarrolla-en-san-juan-las-paradas-saludables","status":"publish","type":"post","link":"https:\/\/vocesparalelas.com.ar\/sitio\/se-desarrolla-en-san-juan-las-paradas-saludables\/","title":{"rendered":"Se desarrolla en San Juan \u00abLas Paradas Saludables\u00bb"},"content":{"rendered":"<p>La Fundaci\u00f3n Modo de Vida, a trav\u00e9s de su Programa Nutrici\u00f3n en Vivo, contin\u00faa promoviendo encuentros intergeneracionales que fomentan h\u00e1bitos saludables entre ni\u00f1os y adultos mayores.<\/p>\n<p>Durante Octubre de 2025 y en el marco de la campa\u00f1a alimentando voluntades, se est\u00e1n desarrollando las Paradas Saludables, encuentros intergeneracionales en Geri\u00e1tricos que combinan educaci\u00f3n, intercambio entre estudiantes y adultos mayores y solidaridad, generando espacios de aprendizaje y convivencia en la comunidad.<\/p>\n<p>Ya estuvieron visitando en la Parada Saludable Sand\u00eda al geri\u00e1trico Jardines de Querencia, apadrinado por la Escuela Juan Mantovani, Departamento Albard\u00f3n.<\/p>\n<p>En esta parada, los alumnos de la Escuela Juan Mantovani realizaron un encuentro intergeneracional inolvidable, llevando consigo cartitas llenas de amor, platines de arom\u00e1ticas y una hermosa canci\u00f3n que crearon y presentaron durante el festival de canciones saludables.<\/p>\n<p>Los residentes del geri\u00e1trico recibieron a los chicos con grandes sonrisas y entusiasmo, disfrutando de un espacio de intercambio y alegr\u00eda.<\/p>\n<p>Se est\u00e1n preparando para la visita al Geri\u00e1trico Santa \u00c1gueda durante la Parada Saludable Durazno el 27 de Octubre, a las 10 hs<\/p>\n<p>En esta ocasi\u00f3n est\u00e1n apadrinando y preparando este encuentro con los residentes del geri\u00e1trico las Escuela San Jos\u00e9 de Calasanz, Departamento Pocito y la Escuela Provincia de Santa Fe, Departamento Capital.<\/p>\n<p>Los estudiantes y docentes de ambas escuelas compartir\u00e1n un encuentro intergeneracional, buscando promover h\u00e1bitos saludables, la interacci\u00f3n entre generaciones, la difusi\u00f3n de valores de solidaridad y cuidado en la comunidad.<\/p>\n<p>Las Paradas Saludables son unas de las acciones de la Campa\u00f1a Alimentando Voluntades del Programa Nutrici\u00f3n En Vivo, para Alimentar Buenos H\u00e1bitos entre las dos generaciones y seguir guiando a los estudiantes para que se conviertan en Embajadores Saludables De San Juan.<\/p>\n<p>&nbsp;<\/p>\n<p><img loading=\"lazy\" decoding=\"async\" class=\"alignnone size-full wp-image-92920\" src=\"https:\/\/vocesparalelas.com.ar\/sitio\/wp-content\/uploads\/2025\/10\/SALUD-ALIMENTOS-02.jpg\" alt=\"\" width=\"800\" height=\"447\" srcset=\"https:\/\/vocesparalelas.com.ar\/sitio\/wp-content\/uploads\/2025\/10\/SALUD-ALIMENTOS-02.jpg 800w, https:\/\/vocesparalelas.com.ar\/sitio\/wp-content\/uploads\/2025\/10\/SALUD-ALIMENTOS-02-300x168.jpg 300w, https:\/\/vocesparalelas.com.ar\/sitio\/wp-content\/uploads\/2025\/10\/SALUD-ALIMENTOS-02-768x429.jpg 768w\" sizes=\"auto, (max-width: 800px) 100vw, 800px\" \/><\/p>\n","protected":false},"excerpt":{"rendered":"<p>La Fundaci\u00f3n Modo de Vida, a trav\u00e9s de su Programa Nutrici\u00f3n en Vivo, contin\u00faa promoviendo encuentros intergeneracionales que fomentan h\u00e1bitos<\/p>\n","protected":false},"author":3,"featured_media":92919,"comment_status":"closed","ping_status":"closed","sticky":false,"template":"","format":"standard","meta":{"_acf_changed":false,"_seopress_robots_primary_cat":"none","_seopress_titles_title":"","_seopress_titles_desc":"","_seopress_robots_index":"","colormag_page_container_layout":"default_layout","colormag_page_sidebar_layout":"default_layout","footnotes":""},"categories":[5],"tags":[],"class_list":["post-92916","post","type-post","status-publish","format-standard","has-post-thumbnail","hentry","category-ofrecimientos"],"acf":[],"_links":{"self":[{"href":"https:\/\/vocesparalelas.com.ar\/sitio\/wp-json\/wp\/v2\/posts\/92916","targetHints":{"allow":["GET"]}}],"collection":[{"href":"https:\/\/vocesparalelas.com.ar\/sitio\/wp-json\/wp\/v2\/posts"}],"about":[{"href":"https:\/\/vocesparalelas.com.ar\/sitio\/wp-json\/wp\/v2\/types\/post"}],"author":[{"embeddable":true,"href":"https:\/\/vocesparalelas.com.ar\/sitio\/wp-json\/wp\/v2\/users\/3"}],"replies":[{"embeddable":true,"href":"https:\/\/vocesparalelas.com.ar\/sitio\/wp-json\/wp\/v2\/comments?post=92916"}],"version-history":[{"count":1,"href":"https:\/\/vocesparalelas.com.ar\/sitio\/wp-json\/wp\/v2\/posts\/92916\/revisions"}],"predecessor-version":[{"id":92921,"href":"https:\/\/vocesparalelas.com.ar\/sitio\/wp-json\/wp\/v2\/posts\/92916\/revisions\/92921"}],"wp:featuredmedia":[{"embeddable":true,"href":"https:\/\/vocesparalelas.com.ar\/sitio\/wp-json\/wp\/v2\/media\/92919"}],"wp:attachment":[{"href":"https:\/\/vocesparalelas.com.ar\/sitio\/wp-json\/wp\/v2\/media?parent=92916"}],"wp:term":[{"taxonomy":"category","embeddable":true,"href":"https:\/\/vocesparalelas.com.ar\/sitio\/wp-json\/wp\/v2\/categories?post=92916"},{"taxonomy":"post_tag","embeddable":true,"href":"https:\/\/vocesparalelas.com.ar\/sitio\/wp-json\/wp\/v2\/tags?post=92916"}],"curies":[{"name":"wp","href":"https:\/\/api.w.org\/{rel}","templated":true}]}}