{"id":92887,"date":"2025-10-21T12:49:42","date_gmt":"2025-10-21T15:49:42","guid":{"rendered":"https:\/\/vocesparalelas.com.ar\/sitio\/?p=92887"},"modified":"2025-10-22T19:08:55","modified_gmt":"2025-10-22T22:08:55","slug":"jornadas-de-capacitacion-conviertete-en-un-corredor-inmobiliario-de-exito-en-san-juan","status":"publish","type":"post","link":"https:\/\/vocesparalelas.com.ar\/sitio\/jornadas-de-capacitacion-conviertete-en-un-corredor-inmobiliario-de-exito-en-san-juan\/","title":{"rendered":"Jornadas de Capacitaci\u00f3n \u201cConvi\u00e9rtete en un Corredor Inmobiliario de \u00c9xito\u201d en San Juan"},"content":{"rendered":"<p>La Agenda Inmobiliaria se Viste de Gala y llega a San Juan las Jornadas de Capacitaci\u00f3n junto al Speaker Internacional, Lic. Julio Valente \u201cConvi\u00e9rtete en un Corredor Inmobiliario de \u00c9xito\u201d.<\/p>\n<p>El perfeccionamiento avanzado para Corredores Inmobiliarios. Una cita impostergable que eleva la vara profesional y promete ser una verdadera \u00abinyecci\u00f3n para vender\u00bb, fortaleciendo los cimientos del sector.<\/p>\n<p>El encuentro se desarrolla en dos jornadas estelares, el Lunes, 27 y el Martes, 28 de Octubre de 2025, en el marco inigualable del Auditorio Eloy Camus. Un espacio de gran categor\u00eda, elegido meticulosamente para reflejar la aspiraci\u00f3n de jerarquizaci\u00f3n profesional de nuestra instituci\u00f3n.<\/p>\n<p>El disertante de esta cumbre de conocimiento es el Lic. Julio Valente, un referente con 22 a\u00f1os de trayectoria y actual Director de CRS (Council of Residential Specialists) en Argentina y Uruguay. Su presencia asegura una transferencia de expertise de calibre internacional, enfocada en la excelencia y la estrategia de mercado.<\/p>\n<p>La capacitaci\u00f3n intensiva, que se extiende cada d\u00eda desde las 8:45 a 18 hs, desglosa en ocho m\u00f3dulos cruciales la maestr\u00eda en el corretaje: desde el Posicionamiento del Agente y la conexi\u00f3n con el C\u00edrculo de Influencia, hasta el arte de la Captaci\u00f3n generando un cultivo barrial, culminando con la Elaboraci\u00f3n de una Estrategia de Precios y la t\u00e9cnica para Obtener la Autorizaci\u00f3n en Exclusiva.<\/p>\n<p>La organizaci\u00f3n ha cuidado cada fibra del evento, identidad, difusi\u00f3n, coffees de camarader\u00eda, merchandising y certificaci\u00f3n, garantizando que este sea, sin lugar a dudas, el momento c\u00falmine del Colegio de Corredores Inmobiliarios de San Juan.<\/p>\n<p>Una oportunidad dorada para unificar criterios, potenciar la cartera de ventas y cimentar un futuro inmobiliario de vanguardia.<\/p>\n<p>\u00a1Una inversi\u00f3n en conocimiento que se traducir\u00e1 en \u00e9xito tangible!<\/p>\n<p>&nbsp;<\/p>\n<p><img loading=\"lazy\" decoding=\"async\" class=\"alignnone size-large wp-image-15938\" src=\"https:\/\/vocesparalelas.com.ar\/sitio\/wp-content\/uploads\/2018\/10\/CASA-800x502.jpg\" alt=\"\" width=\"800\" height=\"502\" srcset=\"https:\/\/vocesparalelas.com.ar\/sitio\/wp-content\/uploads\/2018\/10\/CASA-800x502.jpg 800w, https:\/\/vocesparalelas.com.ar\/sitio\/wp-content\/uploads\/2018\/10\/CASA-300x188.jpg 300w, https:\/\/vocesparalelas.com.ar\/sitio\/wp-content\/uploads\/2018\/10\/CASA-768x482.jpg 768w, https:\/\/vocesparalelas.com.ar\/sitio\/wp-content\/uploads\/2018\/10\/CASA.jpg 1000w\" sizes=\"auto, (max-width: 800px) 100vw, 800px\" \/><\/p>\n","protected":false},"excerpt":{"rendered":"<p>La Agenda Inmobiliaria se Viste de Gala y llega a San Juan las Jornadas de Capacitaci\u00f3n junto al Speaker Internacional,<\/p>\n","protected":false},"author":3,"featured_media":92890,"comment_status":"closed","ping_status":"closed","sticky":false,"template":"","format":"standard","meta":{"_acf_changed":false,"_seopress_robots_primary_cat":"none","_seopress_titles_title":"","_seopress_titles_desc":"","_seopress_robots_index":"","colormag_page_container_layout":"default_layout","colormag_page_sidebar_layout":"default_layout","footnotes":""},"categories":[9],"tags":[],"class_list":["post-92887","post","type-post","status-publish","format-standard","has-post-thumbnail","hentry","category-cursos"],"acf":[],"_links":{"self":[{"href":"https:\/\/vocesparalelas.com.ar\/sitio\/wp-json\/wp\/v2\/posts\/92887","targetHints":{"allow":["GET"]}}],"collection":[{"href":"https:\/\/vocesparalelas.com.ar\/sitio\/wp-json\/wp\/v2\/posts"}],"about":[{"href":"https:\/\/vocesparalelas.com.ar\/sitio\/wp-json\/wp\/v2\/types\/post"}],"author":[{"embeddable":true,"href":"https:\/\/vocesparalelas.com.ar\/sitio\/wp-json\/wp\/v2\/users\/3"}],"replies":[{"embeddable":true,"href":"https:\/\/vocesparalelas.com.ar\/sitio\/wp-json\/wp\/v2\/comments?post=92887"}],"version-history":[{"count":1,"href":"https:\/\/vocesparalelas.com.ar\/sitio\/wp-json\/wp\/v2\/posts\/92887\/revisions"}],"predecessor-version":[{"id":92891,"href":"https:\/\/vocesparalelas.com.ar\/sitio\/wp-json\/wp\/v2\/posts\/92887\/revisions\/92891"}],"wp:featuredmedia":[{"embeddable":true,"href":"https:\/\/vocesparalelas.com.ar\/sitio\/wp-json\/wp\/v2\/media\/92890"}],"wp:attachment":[{"href":"https:\/\/vocesparalelas.com.ar\/sitio\/wp-json\/wp\/v2\/media?parent=92887"}],"wp:term":[{"taxonomy":"category","embeddable":true,"href":"https:\/\/vocesparalelas.com.ar\/sitio\/wp-json\/wp\/v2\/categories?post=92887"},{"taxonomy":"post_tag","embeddable":true,"href":"https:\/\/vocesparalelas.com.ar\/sitio\/wp-json\/wp\/v2\/tags?post=92887"}],"curies":[{"name":"wp","href":"https:\/\/api.w.org\/{rel}","templated":true}]}}