{"id":92873,"date":"2025-10-21T10:23:41","date_gmt":"2025-10-21T13:23:41","guid":{"rendered":"https:\/\/vocesparalelas.com.ar\/sitio\/?p=92873"},"modified":"2025-10-22T19:13:32","modified_gmt":"2025-10-22T22:13:32","slug":"personas-con-discapacidad-se-suman-a-la-fns-2025-en-san-juan","status":"publish","type":"post","link":"https:\/\/vocesparalelas.com.ar\/sitio\/personas-con-discapacidad-se-suman-a-la-fns-2025-en-san-juan\/","title":{"rendered":"Personas con discapacidad se suman a la FNS 2025 en San Juan"},"content":{"rendered":"<p>Con esta acci\u00f3n se busca garantizar la participaci\u00f3n plena de las personas con discapacidad en las distintas etapas del evento: desde la accesibilidad hasta la inclusi\u00f3n laboral.<\/p>\n<p>La Fiesta Nacional del Sol 2025 ratifica su compromiso con la inclusi\u00f3n; organizando y ampliando acciones desarrolladas en ediciones anteriores.<\/p>\n<p>A trav\u00e9s de un trabajo en conjunto entre el Ministerio de Turismo, Cultura y Deporte y el Ministerio de Familia y Desarrollo Humano del gobierno de San Juan; se firm\u00f3 un convenio para desarrollar acciones de inclusi\u00f3n en la FNS 2025.<\/p>\n<p><img loading=\"lazy\" decoding=\"async\" class=\"alignnone size-full wp-image-90510\" src=\"https:\/\/vocesparalelas.com.ar\/sitio\/wp-content\/uploads\/2025\/08\/FNS-2025-01.jpg\" alt=\"\" width=\"800\" height=\"450\" srcset=\"https:\/\/vocesparalelas.com.ar\/sitio\/wp-content\/uploads\/2025\/08\/FNS-2025-01.jpg 800w, https:\/\/vocesparalelas.com.ar\/sitio\/wp-content\/uploads\/2025\/08\/FNS-2025-01-300x169.jpg 300w, https:\/\/vocesparalelas.com.ar\/sitio\/wp-content\/uploads\/2025\/08\/FNS-2025-01-768x432.jpg 768w\" sizes=\"auto, (max-width: 800px) 100vw, 800px\" \/><\/p>\n<p>Esta iniciativa tiene como objetivo garantizar la participaci\u00f3n plena de las personas con discapacidad en todas las etapas del evento, es decir, desde la producci\u00f3n art\u00edstica y log\u00edstica hasta la generaci\u00f3n de productos oficiales, de manera integrada y sostenida.<\/p>\n<p>La web\u00a0<a href=\"https:\/\/discapacidad.sanjuan.gob.ar\/InclusionLaboral\">https:\/\/discapacidad.sanjuan.gob.ar\/InclusionLaboral<\/a>\u00a0fue la v\u00eda de selecci\u00f3n de aquellas personas que trabajar\u00e1n en la gran celebraci\u00f3n local. A partir de esta base de datos, el equipo t\u00e9cnico de la Direcci\u00f3n de Personas con Discapacidad evalu\u00f3 los perfiles de los postulantes para cubrir los puestos laborales requeridos por la producci\u00f3n de FNS, garantizando tanto el proceso de acompa\u00f1amiento y adaptaci\u00f3n necesario en cada funci\u00f3n.<\/p>\n<p>Cabe destacar que el objetivo es que la inclusi\u00f3n no sea una acci\u00f3n aislada, sino una parte estructural de la organizaci\u00f3n, con presencia en \u00e1reas claves como la log\u00edstica, la art\u00edstica y el merchandising oficial.<\/p>\n<p>As\u00ed, en el \u00e1rea de producci\u00f3n habr\u00e1 puestos en tareas de orden, archivo y catalogaci\u00f3n de materiales escenogr\u00e1ficos y stands, puestos de hidrataci\u00f3n y acomodadores en atenci\u00f3n de p\u00fablico en los espect\u00e1culos principales del Vel\u00f3dromo y del Estadio. Tambi\u00e9n trabajar\u00e1n personas como evaluadores de accesibilidad en escenarios, accesos, se\u00f1al\u00e9tica y servicios en el equipo de la Feria.<\/p>\n<p>Por su parte, en el \u00e1rea art\u00edstica se incorporar\u00e1n personas en danza o actuaci\u00f3n con turnos especiales y acompa\u00f1amiento. Tambi\u00e9n habr\u00e1 puestos en el \u00e1rea t\u00e9cnica del Vel\u00f3dromo para asistencia en camarines y utiler\u00eda. Por otro lado, todos los escenarios contar\u00e1n con int\u00e9rpretes de lengua de se\u00f1as durante los shows como ya es habitual.<\/p>\n<p>En cuanto a la realizaci\u00f3n del merchandising de la FNS 2025, que se realizar\u00e1 con materiales reciclados, participar\u00e1n personas con distintas discapacidades (motrices, sensoriales e intelectuales) en la elaboraci\u00f3n de bolsas y accesorios a partir de telas y pl\u00e1sticos reutilizados.<\/p>\n<p>Cabe destacar que el etiquetado ser\u00e1 realizado por el taller protegido de la Escuela de Educaci\u00f3n Integral para Adolescentes y J\u00f3venes con Discapacidad Profesora Ivonne Barud de Quattropani.<\/p>\n<p><iframe loading=\"lazy\" title=\"SAN JUAN FNS 2025\" width=\"800\" height=\"450\" src=\"https:\/\/www.youtube.com\/embed\/hG6JPSqgl-k?feature=oembed\" frameborder=\"0\" allow=\"accelerometer; autoplay; clipboard-write; encrypted-media; gyroscope; picture-in-picture; web-share\" referrerpolicy=\"strict-origin-when-cross-origin\" allowfullscreen><\/iframe><\/p>\n<p>&nbsp;<\/p>\n","protected":false},"excerpt":{"rendered":"<p>Con esta acci\u00f3n se busca garantizar la participaci\u00f3n plena de las personas con discapacidad en las distintas etapas del evento:<\/p>\n","protected":false},"author":3,"featured_media":92876,"comment_status":"closed","ping_status":"closed","sticky":false,"template":"","format":"standard","meta":{"_acf_changed":false,"_seopress_robots_primary_cat":"none","_seopress_titles_title":"","_seopress_titles_desc":"","_seopress_robots_index":"","colormag_page_container_layout":"default_layout","colormag_page_sidebar_layout":"default_layout","footnotes":""},"categories":[2,7],"tags":[],"class_list":["post-92873","post","type-post","status-publish","format-standard","has-post-thumbnail","hentry","category-convocatorias","category-videos"],"acf":[],"_links":{"self":[{"href":"https:\/\/vocesparalelas.com.ar\/sitio\/wp-json\/wp\/v2\/posts\/92873","targetHints":{"allow":["GET"]}}],"collection":[{"href":"https:\/\/vocesparalelas.com.ar\/sitio\/wp-json\/wp\/v2\/posts"}],"about":[{"href":"https:\/\/vocesparalelas.com.ar\/sitio\/wp-json\/wp\/v2\/types\/post"}],"author":[{"embeddable":true,"href":"https:\/\/vocesparalelas.com.ar\/sitio\/wp-json\/wp\/v2\/users\/3"}],"replies":[{"embeddable":true,"href":"https:\/\/vocesparalelas.com.ar\/sitio\/wp-json\/wp\/v2\/comments?post=92873"}],"version-history":[{"count":1,"href":"https:\/\/vocesparalelas.com.ar\/sitio\/wp-json\/wp\/v2\/posts\/92873\/revisions"}],"predecessor-version":[{"id":92877,"href":"https:\/\/vocesparalelas.com.ar\/sitio\/wp-json\/wp\/v2\/posts\/92873\/revisions\/92877"}],"wp:featuredmedia":[{"embeddable":true,"href":"https:\/\/vocesparalelas.com.ar\/sitio\/wp-json\/wp\/v2\/media\/92876"}],"wp:attachment":[{"href":"https:\/\/vocesparalelas.com.ar\/sitio\/wp-json\/wp\/v2\/media?parent=92873"}],"wp:term":[{"taxonomy":"category","embeddable":true,"href":"https:\/\/vocesparalelas.com.ar\/sitio\/wp-json\/wp\/v2\/categories?post=92873"},{"taxonomy":"post_tag","embeddable":true,"href":"https:\/\/vocesparalelas.com.ar\/sitio\/wp-json\/wp\/v2\/tags?post=92873"}],"curies":[{"name":"wp","href":"https:\/\/api.w.org\/{rel}","templated":true}]}}