{"id":92829,"date":"2025-10-20T21:32:23","date_gmt":"2025-10-21T00:32:23","guid":{"rendered":"https:\/\/vocesparalelas.com.ar\/sitio\/?p=92829"},"modified":"2025-10-21T12:59:52","modified_gmt":"2025-10-21T15:59:52","slug":"el-gobierno-de-san-juan-entrego-el-premio-domingo-faustino-sarmiento-de-ciencia-e-innovacion-2025","status":"publish","type":"post","link":"https:\/\/vocesparalelas.com.ar\/sitio\/el-gobierno-de-san-juan-entrego-el-premio-domingo-faustino-sarmiento-de-ciencia-e-innovacion-2025\/","title":{"rendered":"El Gobierno de San Juan entreg\u00f3 el Premio Domingo Faustino Sarmiento de Ciencia e Innovaci\u00f3n 2025"},"content":{"rendered":"<p>El Gobierno de San Juan reafirm\u00f3 su compromiso con el desarrollo cient\u00edfico y la innovaci\u00f3n al celebrar la duod\u00e9cima edici\u00f3n del prestigioso Premio Domingo Faustino Sarmiento de Ciencia e Innovaci\u00f3n 2025.<\/p>\n<p>El acto central fue presidido por el gobernador, Dr. Marcelo Orrego, destacando la importancia que la gesti\u00f3n provincial otorga al talento, la investigaci\u00f3n y el aporte de la comunidad cient\u00edfica y tecnol\u00f3gica local.<\/p>\n<p>Acompa\u00f1aron el vicegobernador Dr. Fabi\u00e1n Mart\u00edn; ministro de Producci\u00f3n, Trabajo e Innovaci\u00f3n, CPN Gustavo Fern\u00e1ndez; secretario de Ciencia, Tecnolog\u00eda e Innovaci\u00f3n, Dr. Germ\u00e1n Von Euw; director de Promoci\u00f3n de la Actividad Cient\u00edfica y Tecnol\u00f3gica, Ing. Federico Ramos, y dem\u00e1s funcionarios del Gobierno de la provincia.<\/p>\n<p>Organizado a trav\u00e9s de la Secretar\u00eda de Ciencia, Tecnolog\u00eda e Innovaci\u00f3n del Ministerio de Producci\u00f3n, Trabajo e Innovaci\u00f3n del Gobierno de San Juan, galard\u00f3n se consolida como el m\u00e1ximo reconocimiento que la provincia otorga a quienes, con su esfuerzo y dedicaci\u00f3n, impulsan el conocimiento y generan soluciones para los desaf\u00edos de San Juan.<\/p>\n<p>Se observ\u00f3 el Video Institucional<\/p>\n<p><iframe loading=\"lazy\" title=\"SAN JUAN PREMIO DOMINGO FAUSTINO SARMIENTO\" width=\"563\" height=\"1000\" src=\"https:\/\/www.youtube.com\/embed\/A5cTnV8p0tw?feature=oembed\" frameborder=\"0\" allow=\"accelerometer; autoplay; clipboard-write; encrypted-media; gyroscope; picture-in-picture; web-share\" referrerpolicy=\"strict-origin-when-cross-origin\" allowfullscreen><\/iframe><\/p>\n<p>El premio busca visibilizar y estimular la labor de investigadores, docentes, estudiantes y grupos de trabajo que, siguiendo el legado de Sarmiento, contribuyen al progreso mediante la ciencia y la innovaci\u00f3n.<\/p>\n<p><span style=\"color: #ff6600;\"><strong>Adem\u00e1s, se firm\u00f3 un convenio entre<\/strong><\/span><\/p>\n<ul>\n<li>Ministerio de Producci\u00f3n, Trabajo e Innovaci\u00f3n<\/li>\n<li>Universidad Nacional de San Juan<\/li>\n<li>Universidad Cat\u00f3lica de Cuyo<\/li>\n<li>Gobierno de San Juan<\/li>\n<\/ul>\n<p><img loading=\"lazy\" decoding=\"async\" class=\"alignnone size-full wp-image-92835\" src=\"https:\/\/vocesparalelas.com.ar\/sitio\/wp-content\/uploads\/2025\/10\/SAN-JUAN-PREMIO-SARMIENTO-2025-04.jpg\" alt=\"\" width=\"800\" height=\"533\" srcset=\"https:\/\/vocesparalelas.com.ar\/sitio\/wp-content\/uploads\/2025\/10\/SAN-JUAN-PREMIO-SARMIENTO-2025-04.jpg 800w, https:\/\/vocesparalelas.com.ar\/sitio\/wp-content\/uploads\/2025\/10\/SAN-JUAN-PREMIO-SARMIENTO-2025-04-300x200.jpg 300w, https:\/\/vocesparalelas.com.ar\/sitio\/wp-content\/uploads\/2025\/10\/SAN-JUAN-PREMIO-SARMIENTO-2025-04-768x512.jpg 768w\" sizes=\"auto, (max-width: 800px) 100vw, 800px\" \/><\/p>\n<p>Durante la ceremonia, el ministro de Producci\u00f3n, Trabajo e Innovaci\u00f3n, CPN Gustavo Fern\u00e1ndez explic\u00f3 que \u201cestamos premiando la excelencia acad\u00e9mica con el Premio a la Investigaci\u00f3n Domingo Faustino Sarmiento, que reconoce a los mejores tesistas de grado y posgrado de nuestras universidades y los acompa\u00f1a econ\u00f3micamente para que puedan desarrollar sus proyectos\u201d.<\/p>\n<p><iframe loading=\"lazy\" title=\"SAN JUAN PREMIO DFS MINISTRO CPN GUSTAVO FERN\u00c1NDEZ \" width=\"800\" height=\"450\" src=\"https:\/\/www.youtube.com\/embed\/x6dSIrhUqCE?feature=oembed\" frameborder=\"0\" allow=\"accelerometer; autoplay; clipboard-write; encrypted-media; gyroscope; picture-in-picture; web-share\" referrerpolicy=\"strict-origin-when-cross-origin\" allowfullscreen><\/iframe><\/p>\n<p>&nbsp;<\/p>\n<p>Posteriormente, el vicegobernador, Dr. Fabi\u00e1n Mart\u00edn destac\u00f3 que \u201ceste gobierno, que conduce Marcelo Orrego, hace una apuesta fuerte a la educaci\u00f3n como eje central de gesti\u00f3n. Creemos que la educaci\u00f3n siempre es p\u00fablica, con gesti\u00f3n estatal o privada, y que todos los problemas se resuelven con m\u00e1s educaci\u00f3n. Con menos recursos, estamos haciendo m\u00e1s: implementamos el boleto escolar gratuito y entregamos computadoras a alumnos y docentes, una inversi\u00f3n cuyos frutos se ver\u00e1n en el futuro. Aspiramos a que San Juan desarrolle tambi\u00e9n su industria del conocimiento, porque investigar es adelantarse al tiempo. Solo con una educaci\u00f3n fuerte y sostenida lograremos un San Juan m\u00e1s pr\u00f3spero y con igualdad de oportunidades\u201d.<\/p>\n<p><iframe loading=\"lazy\" title=\"SAN JUAN PREMIO DFS VICEGOBERNADOR DR FABI\u00c1N MART\u00cdN \" width=\"800\" height=\"450\" src=\"https:\/\/www.youtube.com\/embed\/4q3k9J1B9FY?feature=oembed\" frameborder=\"0\" allow=\"accelerometer; autoplay; clipboard-write; encrypted-media; gyroscope; picture-in-picture; web-share\" referrerpolicy=\"strict-origin-when-cross-origin\" allowfullscreen><\/iframe><\/p>\n<p>Finalmente, el gobernador Dr. Marcelo Orrego subray\u00f3 que \u201ces un d\u00eda especial para entregar los Premios Domingo Faustino Sarmiento, que reconocen la excelencia y la trayectoria de quienes investigan y aportan al conocimiento. Todo comienza con una acci\u00f3n que se vuelve h\u00e1bito, costumbre y finalmente cultura, y eso es lo que representan nuestros investigadores. Desde el Gobierno seguimos apostando a la educaci\u00f3n como pol\u00edtica de Estado, fortaleciendo a nuestras universidades y promoviendo programas como la alfabetizaci\u00f3n, la digitalizaci\u00f3n, la inteligencia artificial y la educaci\u00f3n financiera, para garantizar igualdad de oportunidades y una movilidad social ascendente en San Juan\u201d.<\/p>\n<p><iframe loading=\"lazy\" title=\"SAN JUAN PREMIO DFS GOBERNADOR DR MARCELO ORREGO \" width=\"800\" height=\"450\" src=\"https:\/\/www.youtube.com\/embed\/LYiB2qW06lE?feature=oembed\" frameborder=\"0\" allow=\"accelerometer; autoplay; clipboard-write; encrypted-media; gyroscope; picture-in-picture; web-share\" referrerpolicy=\"strict-origin-when-cross-origin\" allowfullscreen><\/iframe><\/p>\n<p>&nbsp;<\/p>\n<p><span style=\"color: #ff6600;\"><strong>Adem\u00e1s, el Gobierno Provincial ratific\u00f3 su apoyo e inversi\u00f3n a la ciencia con los programas:<\/strong><\/span><\/p>\n<ul>\n<li>\u201cSembrar Ciencia\u201d, junto a la Universidad Nacional de San Juan, con una inversi\u00f3n de 90 millones de pesos, destinado a promover la investigaci\u00f3n de base en todas sus facultades.<\/li>\n<li>Programa de apoyo a los institutos de investigaci\u00f3n de la Universidad Cat\u00f3lica de Cuyo, con 50 millones de pesos, para reequipar y fortalecer sus centros cient\u00edficos.<\/li>\n<li>Programa con el INTA, con 40 millones de pesos, orientado a transferir conocimientos cient\u00edficos al sector agropecuario, acercando la investigaci\u00f3n al territorio.<\/li>\n<\/ul>\n<p><strong><span style=\"color: #ff6600;\">Los galardonados<\/span><\/strong><\/p>\n<p>El premio Domingo Faustino Sarmiento const\u00f3 de 15 millones de pesos distribuidos en tesistas de grado, tesis de maestr\u00edas, tesis de doctorados y tres menciones honor\u00edficas.<\/p>\n<p>Estos son los investigadores y trabajos premiados en las principales categor\u00edas de tesis, reconociendo el compromiso y la calidad de la producci\u00f3n cient\u00edfica y acad\u00e9mica de la provincia<\/p>\n<p><span style=\"color: #ff6600;\"><strong>Categor\u00eda 1: Tesis de Grado<\/strong><\/span><\/p>\n<ul>\n<li>FIGUEROA HERRERA, Mariano. T\u00edtulo: \u201cGobernanza del Agua en San Juan: Democracia, Relaciones de Poder y Conflictos. Estudio de caso en el marco de la Crisis H\u00eddrica 2022-2023\u201d.<\/li>\n<li>OCAMPO, Mar\u00eda Celeste. T\u00edtulo: \u201cEstrategias del neuromarketing aplicadas al plan de marketing en la gastronom\u00eda saludable: un estudio de caso en San Juan\u201d.<\/li>\n<li>REYNA MELLO, Juan Manuel. T\u00edtulo: \u201cImplementaci\u00f3n de una Estaci\u00f3n de Post-procesamiento de Im\u00e1genes M\u00e9dicas Automatizada\u201d.<\/li>\n<li>Z\u00c1RATE OJEDA, Francisco. T\u00edtulo: \u201cEstima de redshifts fotom\u00e9tricos para galaxias en la regi\u00f3n del c\u00famulo de Ophiuchus\u201d.<\/li>\n<li>G\u00d3NGORA GALDEANO, Gabriel. T\u00edtulo: \u201cRefuncionalizaci\u00f3n del predio ex Bodega CAVIC\u201d.<\/li>\n<li>CORT\u00c9S ZMUTT, Facundo. T\u00edtulo: \u201cDise\u00f1o y construcci\u00f3n de una base de datos cient\u00edfica para entrenamiento y validacion de algoritmos de inteligencia artificial aplicados a mamograf\u00edas\u201d<\/li>\n<li>YAFAR, Yasmin Noelia. T\u00edtulo: \u201cLevaduras como agentes de control biol\u00f3gico de Fusarium y promotores del crecimiento vegetal en cebolla (Allium cepa L.)\u201d.<\/li>\n<li>DAMIANI, Nicol\u00e1s Emmanuel. T\u00edtulo: \u201cEstudios sobre la microbiota intestinal de poblaciones nativas de Ceratitis capitata (D\u00edptera: Tephritidae) para el mejoramiento de la producci\u00f3n masiva de la plaga en la Biof\u00e1brica San Juan, Argentina\u201d.<\/li>\n<li>GARAY, Sof\u00eda Alejandra. T\u00edtulo: \u201cModelado matem\u00e1tico con incorporaci\u00f3n de variables fisicoqu\u00edmicas del biocontrol de la levadura contaminante de vinos Zygosaccharomyces rouxii\u201d.<\/li>\n<li>SCALIA YANZI, Angelina. T\u00edtulo: \u201cDise\u00f1o de propuestas y estrategias sustentables para alojamientos enotur\u00edsticos de San Juan\u201d.<\/li>\n<li>NOTARIO GATICA, Victoria. T\u00edtulo: \u201cImplementaci\u00f3n del teletrabajo en Mipymes de la provincia de San Juan\u201d.<\/li>\n<li>QUIROGA, Daniel Alejandro. T\u00edtulo: \u201cModelamiento Geol\u00f3gico del Proyecto Minero Salamanca\u201d.<\/li>\n<\/ul>\n<p><strong><span style=\"color: #ff6600;\">Categor\u00eda 2: Tesis de Maestr\u00eda<\/span><\/strong><\/p>\n<ul>\n<li>GARC\u00cdA RODRIGUEZ, Zarina Roc\u00edo. T\u00edtulo: \u201cPropuesta metodol\u00f3gica para el dise\u00f1o de un \u00edndice de jerarquizaci\u00f3n vial basado en m\u00e9tricas de centralidad de redes\u201d.<\/li>\n<li>P\u00c9REZ ARMEND\u00c1RIZ, Mar\u00eda Paula. T\u00edtulo: \u201cLa importancia de la incorporaci\u00f3n de la sostenibilidad en el Sector Salud. Propuesta de un Plan Estrat\u00e9gico\u201d.<\/li>\n<\/ul>\n<p><strong><span style=\"color: #ff6600;\">Categor\u00eda 3: Tesis de Doctorado<\/span><\/strong><\/p>\n<ul>\n<li>HEREDIA, Bel\u00e9n. T\u00edtulo: \u201cEvaluaci\u00f3n del potencial fitorremediador de especies nativas del Monte sanjuanino en suelos con residuos de una mina de oro\u201d.<\/li>\n<li>MIQUELARENA HOLLGER, Paula Andrea. T\u00edtulo: \u201cB\u00fasqueda de la marca qu\u00edmica de formaci\u00f3n de planetas en sistemas binarios\u201d.<\/li>\n<li>TORRES, Erick David. T\u00edtulo: \u201cPirogasificaci\u00f3n de residuos agroindustriales. Aplicaci\u00f3n de indicadores exerg\u00e9ticos, econ\u00f3micos y ambientales\u201d.<\/li>\n<li>BLANCO AVILA, Ana Mar\u00eda. T\u00edtulo: \u201cProducci\u00f3n de territorios de interfase en tierras secas durante la \u00faltima d\u00e9cada. Aportes al ordenamiento territorial sostenible del \u00c1rea Metropolitana de San Juan (AMSJ)\u201d.<\/li>\n<li>GOMEZ, Juan Abel. T\u00edtulo: \u201cMonitorizaci\u00f3n y an\u00e1lisis continuo de cultivos para optimizaci\u00f3n y control del riego basado en modelo\u201d.<\/li>\n<li>NARVAEZ, Luciana Maricel. T\u00edtulo: \u201cModelos decisionales de riesgo s\u00edsmico en el departamento Sarmiento (San Juan-Argentina).\u201d<\/li>\n<\/ul>\n<p><strong><span style=\"color: #ff6600;\">Menciones Honor\u00edficas<\/span><\/strong><\/p>\n<ul>\n<li>Lic. Z\u00c1RATE OJEDA, Francisco M. \u2014 \u201cEstima de redshifts fotom\u00e9tricos para galaxias en la regi\u00f3n del c\u00famulo de Ophiuchus\u201d<\/li>\n<li>Arq. G\u00d3NGORA GALDEANO, Gabriel A. \u2014 \u201cRefuncionalizaci\u00f3n del predio ex Bodega CAVIC\u201d<\/li>\n<li>Dr. Ing. GOMEZ, Juan Abel \u2014 \u201cMonitorizaci\u00f3n y an\u00e1lisis continuo de cultivos para optimizaci\u00f3n y control del riego basado en modelo\u201d.<\/li>\n<\/ul>\n<p><img loading=\"lazy\" decoding=\"async\" class=\"alignnone size-full wp-image-92832\" src=\"https:\/\/vocesparalelas.com.ar\/sitio\/wp-content\/uploads\/2025\/10\/SAN-JUAN-PREMIO-SARMIENTO-2025-01.jpg\" alt=\"\" width=\"800\" height=\"533\" srcset=\"https:\/\/vocesparalelas.com.ar\/sitio\/wp-content\/uploads\/2025\/10\/SAN-JUAN-PREMIO-SARMIENTO-2025-01.jpg 800w, https:\/\/vocesparalelas.com.ar\/sitio\/wp-content\/uploads\/2025\/10\/SAN-JUAN-PREMIO-SARMIENTO-2025-01-300x200.jpg 300w, https:\/\/vocesparalelas.com.ar\/sitio\/wp-content\/uploads\/2025\/10\/SAN-JUAN-PREMIO-SARMIENTO-2025-01-768x512.jpg 768w\" sizes=\"auto, (max-width: 800px) 100vw, 800px\" \/><\/p>\n<p><iframe loading=\"lazy\" title=\"Orrego presidi\u00f3 la entrega del Premio Domingo Faustino Sarmiento de Ciencia e Innovaci\u00f3n 2025\" width=\"800\" height=\"450\" src=\"https:\/\/www.youtube.com\/embed\/13ElpP9N60Q?feature=oembed\" frameborder=\"0\" allow=\"accelerometer; autoplay; clipboard-write; encrypted-media; gyroscope; picture-in-picture; web-share\" referrerpolicy=\"strict-origin-when-cross-origin\" allowfullscreen><\/iframe><\/p>\n<p>&nbsp;<\/p>\n<p><img loading=\"lazy\" decoding=\"async\" class=\"alignnone size-full wp-image-92834\" src=\"https:\/\/vocesparalelas.com.ar\/sitio\/wp-content\/uploads\/2025\/10\/SAN-JUAN-PREMIO-SARMIENTO-2025-03.jpg\" alt=\"\" width=\"800\" height=\"533\" srcset=\"https:\/\/vocesparalelas.com.ar\/sitio\/wp-content\/uploads\/2025\/10\/SAN-JUAN-PREMIO-SARMIENTO-2025-03.jpg 800w, https:\/\/vocesparalelas.com.ar\/sitio\/wp-content\/uploads\/2025\/10\/SAN-JUAN-PREMIO-SARMIENTO-2025-03-300x200.jpg 300w, https:\/\/vocesparalelas.com.ar\/sitio\/wp-content\/uploads\/2025\/10\/SAN-JUAN-PREMIO-SARMIENTO-2025-03-768x512.jpg 768w\" sizes=\"auto, (max-width: 800px) 100vw, 800px\" \/><\/p>\n","protected":false},"excerpt":{"rendered":"<p>El Gobierno de San Juan reafirm\u00f3 su compromiso con el desarrollo cient\u00edfico y la innovaci\u00f3n al celebrar la duod\u00e9cima edici\u00f3n<\/p>\n","protected":false},"author":3,"featured_media":92833,"comment_status":"closed","ping_status":"closed","sticky":false,"template":"","format":"standard","meta":{"_acf_changed":false,"_seopress_robots_primary_cat":"none","_seopress_titles_title":"","_seopress_titles_desc":"","_seopress_robots_index":"","colormag_page_container_layout":"default_layout","colormag_page_sidebar_layout":"default_layout","footnotes":""},"categories":[8,7],"tags":[],"class_list":["post-92829","post","type-post","status-publish","format-standard","has-post-thumbnail","hentry","category-concursos","category-videos"],"acf":[],"_links":{"self":[{"href":"https:\/\/vocesparalelas.com.ar\/sitio\/wp-json\/wp\/v2\/posts\/92829","targetHints":{"allow":["GET"]}}],"collection":[{"href":"https:\/\/vocesparalelas.com.ar\/sitio\/wp-json\/wp\/v2\/posts"}],"about":[{"href":"https:\/\/vocesparalelas.com.ar\/sitio\/wp-json\/wp\/v2\/types\/post"}],"author":[{"embeddable":true,"href":"https:\/\/vocesparalelas.com.ar\/sitio\/wp-json\/wp\/v2\/users\/3"}],"replies":[{"embeddable":true,"href":"https:\/\/vocesparalelas.com.ar\/sitio\/wp-json\/wp\/v2\/comments?post=92829"}],"version-history":[{"count":4,"href":"https:\/\/vocesparalelas.com.ar\/sitio\/wp-json\/wp\/v2\/posts\/92829\/revisions"}],"predecessor-version":[{"id":92840,"href":"https:\/\/vocesparalelas.com.ar\/sitio\/wp-json\/wp\/v2\/posts\/92829\/revisions\/92840"}],"wp:featuredmedia":[{"embeddable":true,"href":"https:\/\/vocesparalelas.com.ar\/sitio\/wp-json\/wp\/v2\/media\/92833"}],"wp:attachment":[{"href":"https:\/\/vocesparalelas.com.ar\/sitio\/wp-json\/wp\/v2\/media?parent=92829"}],"wp:term":[{"taxonomy":"category","embeddable":true,"href":"https:\/\/vocesparalelas.com.ar\/sitio\/wp-json\/wp\/v2\/categories?post=92829"},{"taxonomy":"post_tag","embeddable":true,"href":"https:\/\/vocesparalelas.com.ar\/sitio\/wp-json\/wp\/v2\/tags?post=92829"}],"curies":[{"name":"wp","href":"https:\/\/api.w.org\/{rel}","templated":true}]}}