{"id":92771,"date":"2025-10-17T22:04:28","date_gmt":"2025-10-18T01:04:28","guid":{"rendered":"https:\/\/vocesparalelas.com.ar\/sitio\/?p=92771"},"modified":"2025-10-20T23:52:41","modified_gmt":"2025-10-21T02:52:41","slug":"semana-de-escuelas-albergues-2025-en-san-juan","status":"publish","type":"post","link":"https:\/\/vocesparalelas.com.ar\/sitio\/semana-de-escuelas-albergues-2025-en-san-juan\/","title":{"rendered":"Semana de Escuelas Albergues 2025 en San Juan"},"content":{"rendered":"<p>El Ministerio de Educaci\u00f3n del Gobierno de San Juan, desarrolla del 20 al 24 de Octubre, la Semana de Escuelas Albergues 2025, una propuesta que pone en valor la tarea educativa y comunitaria.<\/p>\n<p>Las actividades se realizan de manera simult\u00e1nea en los departamentos J\u00e1chal, Iglesia, Valle F\u00e9rtil, 25 de Mayo, Sarmiento, Calingasta y Rawson, con la participaci\u00f3n de alumnos, docentes, celadores, familias y vecinos, quienes ser\u00e1n protagonistas de talleres, actos, exposiciones y encuentros comunitarios.<\/p>\n<p>La apertura se realiza el Lunes, 20 de Octubre, a las 9,30 hs.\u00a0 en el Auditorio Emar Acosta de la Legislatura de San Juan, con la presentaci\u00f3n de los lineamientos generales de la Semana y un reconocimiento a quienes accedieron al beneficio de la jubilaci\u00f3n. En paralelo, cada escuela albergue realiza su propio acto de apertura y talleres a cargo de los celadores, con la participaci\u00f3n de la comunidad educativa.<\/p>\n<p><iframe loading=\"lazy\" title=\"IGLESIA SAN JUAN ESCUELA ALBERGUE MIGUEL CAN\u00c9\" width=\"800\" height=\"450\" src=\"https:\/\/www.youtube.com\/embed\/w0-ePTazChg?feature=oembed\" frameborder=\"0\" allow=\"accelerometer; autoplay; clipboard-write; encrypted-media; gyroscope; picture-in-picture; web-share\" referrerpolicy=\"strict-origin-when-cross-origin\" allowfullscreen><\/iframe><\/p>\n<p><strong><span style=\"color: #ff6600;\">Cronograma<\/span><\/strong><\/p>\n<ul>\n<li><span style=\"color: #ff6600;\"><strong>Martes, 21 de Octubre<\/strong>:<\/span> encuentros pedag\u00f3gicos de 8 a 21 hs.\u00a0 con actividades did\u00e1cticas, deportivas, recreativas, espirituales y de hogar. A las 16 hs.\u00a0 se realiza la tradicional suelta de volantines \u201cRemontando esperanza y paz\u201d. Adem\u00e1s, se emiten audiciones radiales con informaci\u00f3n de las actividades en cada instituci\u00f3n.<\/li>\n<li><span style=\"color: #ff6600;\"><strong>Mi\u00e9rcoles, 22 de Octubre<\/strong>:<\/span> jornada socio-comunitaria con actividades de integraci\u00f3n, exposiciones de trabajos, misa y fogones. Se prev\u00e9 tambi\u00e9n un encuentro con familias enfocado en el acompa\u00f1amiento a la alfabetizaci\u00f3n y las tareas escolares.<\/li>\n<li><span style=\"color: #ff6600;\"><strong>Jueves, 23 de Octubre<\/strong>:<\/span> jornada de intercambio cultural, con teatro, m\u00fasica, danzas regionales y exposiciones sobre la identidad cultural y el patrimonio local.<\/li>\n<li><span style=\"color: #ff6600;\"><strong>Viernes, 24 de Octubre<\/strong>:<\/span> acto de clausura provincial, a las 9,30 hs. en la Plaza Seca del Centro C\u00edvico, con presencia de cuerpos de banderas, alumnos, docentes y celadores. Durante la ma\u00f1ana se exhibir\u00e1 la oferta educativa y producciones escolares, culminando con un almuerzo en cada instituci\u00f3n.<\/li>\n<\/ul>\n<p><img loading=\"lazy\" decoding=\"async\" class=\"alignnone size-full wp-image-28629\" src=\"https:\/\/vocesparalelas.com.ar\/sitio\/wp-content\/uploads\/2020\/05\/MINISTERIO-EDUCACION-SJ.jpg\" alt=\"\" width=\"800\" height=\"533\" srcset=\"https:\/\/vocesparalelas.com.ar\/sitio\/wp-content\/uploads\/2020\/05\/MINISTERIO-EDUCACION-SJ.jpg 800w, https:\/\/vocesparalelas.com.ar\/sitio\/wp-content\/uploads\/2020\/05\/MINISTERIO-EDUCACION-SJ-300x200.jpg 300w, https:\/\/vocesparalelas.com.ar\/sitio\/wp-content\/uploads\/2020\/05\/MINISTERIO-EDUCACION-SJ-768x512.jpg 768w\" sizes=\"auto, (max-width: 800px) 100vw, 800px\" \/><\/p>\n","protected":false},"excerpt":{"rendered":"<p>El Ministerio de Educaci\u00f3n del Gobierno de San Juan, desarrolla del 20 al 24 de Octubre, la Semana de Escuelas<\/p>\n","protected":false},"author":3,"featured_media":36068,"comment_status":"closed","ping_status":"closed","sticky":false,"template":"","format":"standard","meta":{"_acf_changed":false,"_seopress_robots_primary_cat":"none","_seopress_titles_title":"","_seopress_titles_desc":"","_seopress_robots_index":"","colormag_page_container_layout":"default_layout","colormag_page_sidebar_layout":"default_layout","footnotes":""},"categories":[5,7],"tags":[],"class_list":["post-92771","post","type-post","status-publish","format-standard","has-post-thumbnail","hentry","category-ofrecimientos","category-videos"],"acf":[],"_links":{"self":[{"href":"https:\/\/vocesparalelas.com.ar\/sitio\/wp-json\/wp\/v2\/posts\/92771","targetHints":{"allow":["GET"]}}],"collection":[{"href":"https:\/\/vocesparalelas.com.ar\/sitio\/wp-json\/wp\/v2\/posts"}],"about":[{"href":"https:\/\/vocesparalelas.com.ar\/sitio\/wp-json\/wp\/v2\/types\/post"}],"author":[{"embeddable":true,"href":"https:\/\/vocesparalelas.com.ar\/sitio\/wp-json\/wp\/v2\/users\/3"}],"replies":[{"embeddable":true,"href":"https:\/\/vocesparalelas.com.ar\/sitio\/wp-json\/wp\/v2\/comments?post=92771"}],"version-history":[{"count":4,"href":"https:\/\/vocesparalelas.com.ar\/sitio\/wp-json\/wp\/v2\/posts\/92771\/revisions"}],"predecessor-version":[{"id":92777,"href":"https:\/\/vocesparalelas.com.ar\/sitio\/wp-json\/wp\/v2\/posts\/92771\/revisions\/92777"}],"wp:featuredmedia":[{"embeddable":true,"href":"https:\/\/vocesparalelas.com.ar\/sitio\/wp-json\/wp\/v2\/media\/36068"}],"wp:attachment":[{"href":"https:\/\/vocesparalelas.com.ar\/sitio\/wp-json\/wp\/v2\/media?parent=92771"}],"wp:term":[{"taxonomy":"category","embeddable":true,"href":"https:\/\/vocesparalelas.com.ar\/sitio\/wp-json\/wp\/v2\/categories?post=92771"},{"taxonomy":"post_tag","embeddable":true,"href":"https:\/\/vocesparalelas.com.ar\/sitio\/wp-json\/wp\/v2\/tags?post=92771"}],"curies":[{"name":"wp","href":"https:\/\/api.w.org\/{rel}","templated":true}]}}