{"id":92754,"date":"2025-10-17T21:48:04","date_gmt":"2025-10-18T00:48:04","guid":{"rendered":"https:\/\/vocesparalelas.com.ar\/sitio\/?p=92754"},"modified":"2025-10-19T10:24:59","modified_gmt":"2025-10-19T13:24:59","slug":"la-banda-cruzando-el-charco-en-el-auditorio-ing-juan-victoria-de-san-juan","status":"publish","type":"post","link":"https:\/\/vocesparalelas.com.ar\/sitio\/la-banda-cruzando-el-charco-en-el-auditorio-ing-juan-victoria-de-san-juan\/","title":{"rendered":"La Banda Cruzando el Charco en el Auditorio Ing. Juan Victoria de San Juan"},"content":{"rendered":"<p>El Auditorio Ing. Juan Victoria, dependiente del Ministerio de Turismo, Cultura y Deporte, ser\u00e1 el escenario donde la banda platense Cruzando el Charco despida Esencia, la gira que marc\u00f3 un antes y un despu\u00e9s en su historia. Con una propuesta esc\u00e9nica renovada, invitados especiales y un repaso por sus grandes canciones, el grupo invita a vivir una noche cargada de emoci\u00f3n, energ\u00eda y agradecimiento.<\/p>\n<p>Luego de recorrer 12 pa\u00edses y realizar m\u00e1s de 80 shows, la agrupaci\u00f3n llega a San Juan para coronar un ciclo que la consolid\u00f3 como una de las m\u00e1s destacadas del rock nacional. La gira de Esencia comenz\u00f3 en C\u00f3rdoba, con un show impactante en la Plaza de la M\u00fasica, y continu\u00f3 por escenarios de Argentina, Uruguay, Espa\u00f1a, M\u00e9xico, Colombia, Per\u00fa, Paraguay, Chile y m\u00e1s destinos que ampliaron su proyecci\u00f3n internacional.<\/p>\n<p>Adem\u00e1s, el \u00e1lbum Esencia fue nominado a los Premios Gardel 2025 como \u201cMejor \u00c1lbum Grupo de Rock\u201d, lo que represent\u00f3 un punto de inflexi\u00f3n en la evoluci\u00f3n art\u00edstica de Cruzando el Charco. Con colaboraciones de artistas como Chano, Nahuel Pennisi, Facundo Soto, La Konga y Gustavo Cordera, el disco refleja la madurez sonora y la versatilidad de la banda.<\/p>\n<p><iframe loading=\"lazy\" title=\"Cruzando el Charco - Para Mucho Mas (Video Oficial)\" width=\"800\" height=\"450\" src=\"https:\/\/www.youtube.com\/embed\/W22SNPGfYYo?feature=oembed\" frameborder=\"0\" allow=\"accelerometer; autoplay; clipboard-write; encrypted-media; gyroscope; picture-in-picture; web-share\" referrerpolicy=\"strict-origin-when-cross-origin\" allowfullscreen><\/iframe><\/p>\n<p>Formados en La Plata en 2012, esta banda se caracteriza por su fusi\u00f3n de estilos que combina rock, candombe, cumbia, reggae, pop y funk. Desde su primer disco Perdonar hasta su reciente \u00e1lbum en vivo grabado en el Luna Park, la banda ha sabido construir un camino s\u00f3lido y fiel a su identidad musical.<\/p>\n<p>Con m\u00e1s de una d\u00e9cada de trayectoria, Cruzando el Charco llega a San Juan para celebrar junto a su p\u00fablico el cierre de una etapa inolvidable. Es una cita imperdible para quienes disfrutan de la m\u00fasica en vivo y las propuestas que hacen vibrar al Auditorio Ing. Juan Victoria.<\/p>\n<figure id=\"attachment_61468\" aria-describedby=\"caption-attachment-61468\" style=\"width: 800px\" class=\"wp-caption alignnone\"><img loading=\"lazy\" decoding=\"async\" class=\"size-full wp-image-61468\" src=\"https:\/\/vocesparalelas.com.ar\/sitio\/wp-content\/uploads\/2023\/07\/AUDITORIO-EDIFICIO.jpg\" alt=\"\" width=\"800\" height=\"533\" srcset=\"https:\/\/vocesparalelas.com.ar\/sitio\/wp-content\/uploads\/2023\/07\/AUDITORIO-EDIFICIO.jpg 800w, https:\/\/vocesparalelas.com.ar\/sitio\/wp-content\/uploads\/2023\/07\/AUDITORIO-EDIFICIO-300x200.jpg 300w, https:\/\/vocesparalelas.com.ar\/sitio\/wp-content\/uploads\/2023\/07\/AUDITORIO-EDIFICIO-768x512.jpg 768w\" sizes=\"auto, (max-width: 800px) 100vw, 800px\" \/><figcaption id=\"caption-attachment-61468\" class=\"wp-caption-text\">Auditorio Ing. Juan Victoria, Departamento Capital, Provincia San Juan, Rep\u00fablica Argentita<\/figcaption><\/figure>\n","protected":false},"excerpt":{"rendered":"<p>El Auditorio Ing. Juan Victoria, dependiente del Ministerio de Turismo, Cultura y Deporte, ser\u00e1 el escenario donde la banda platense<\/p>\n","protected":false},"author":3,"featured_media":92767,"comment_status":"closed","ping_status":"closed","sticky":false,"template":"","format":"standard","meta":{"_acf_changed":false,"_seopress_robots_primary_cat":"none","_seopress_titles_title":"","_seopress_titles_desc":"","_seopress_robots_index":"","colormag_page_container_layout":"default_layout","colormag_page_sidebar_layout":"default_layout","footnotes":""},"categories":[20,7],"tags":[],"class_list":["post-92754","post","type-post","status-publish","format-standard","has-post-thumbnail","hentry","category-cartelera","category-videos"],"acf":[],"_links":{"self":[{"href":"https:\/\/vocesparalelas.com.ar\/sitio\/wp-json\/wp\/v2\/posts\/92754","targetHints":{"allow":["GET"]}}],"collection":[{"href":"https:\/\/vocesparalelas.com.ar\/sitio\/wp-json\/wp\/v2\/posts"}],"about":[{"href":"https:\/\/vocesparalelas.com.ar\/sitio\/wp-json\/wp\/v2\/types\/post"}],"author":[{"embeddable":true,"href":"https:\/\/vocesparalelas.com.ar\/sitio\/wp-json\/wp\/v2\/users\/3"}],"replies":[{"embeddable":true,"href":"https:\/\/vocesparalelas.com.ar\/sitio\/wp-json\/wp\/v2\/comments?post=92754"}],"version-history":[{"count":3,"href":"https:\/\/vocesparalelas.com.ar\/sitio\/wp-json\/wp\/v2\/posts\/92754\/revisions"}],"predecessor-version":[{"id":92770,"href":"https:\/\/vocesparalelas.com.ar\/sitio\/wp-json\/wp\/v2\/posts\/92754\/revisions\/92770"}],"wp:featuredmedia":[{"embeddable":true,"href":"https:\/\/vocesparalelas.com.ar\/sitio\/wp-json\/wp\/v2\/media\/92767"}],"wp:attachment":[{"href":"https:\/\/vocesparalelas.com.ar\/sitio\/wp-json\/wp\/v2\/media?parent=92754"}],"wp:term":[{"taxonomy":"category","embeddable":true,"href":"https:\/\/vocesparalelas.com.ar\/sitio\/wp-json\/wp\/v2\/categories?post=92754"},{"taxonomy":"post_tag","embeddable":true,"href":"https:\/\/vocesparalelas.com.ar\/sitio\/wp-json\/wp\/v2\/tags?post=92754"}],"curies":[{"name":"wp","href":"https:\/\/api.w.org\/{rel}","templated":true}]}}