{"id":92717,"date":"2025-10-16T19:51:37","date_gmt":"2025-10-16T22:51:37","guid":{"rendered":"https:\/\/vocesparalelas.com.ar\/sitio\/?p=92717"},"modified":"2025-10-17T22:11:05","modified_gmt":"2025-10-18T01:11:05","slug":"convocatoria-feria-en-comunidad-en-san-juan","status":"publish","type":"post","link":"https:\/\/vocesparalelas.com.ar\/sitio\/convocatoria-feria-en-comunidad-en-san-juan\/","title":{"rendered":"Convocatoria \u201cFeria en Comunidad\u201d en San Juan"},"content":{"rendered":"<p style=\"font-weight: 500;\">La Direcci\u00f3n de Cultura de la Secretar\u00eda de Extensi\u00f3n Universitaria de la Universidad Nacional de San Juan, la Secretar\u00eda de Cultura del Ministerio de Turismo, Cultura y Deporte del Gobierno de San Juan convocan para oranizar los participantes a la \u201cFeria en Comunidad\u201d, una actividad que busca reunir en un mismo espacio a los diversos proyectos que integran el sector artesanal local.<\/p>\n<p style=\"font-weight: 500;\">La actividad se realiza el Viernes, 7 de Noviembre, de 19 a 23 horas, en el Paseo de las Palmeras del Parque de Mayo, en 25 de Mayo 890 &#8211; O &#8211; Capital.<\/p>\n<p style=\"font-weight: 500;\">La propuesta forma parte del Programa \u201cEn comunidad. Arte y cultura para todo p\u00fablico\u201d de la Direcci\u00f3n de Cultura de la Secretar\u00eda de Extensi\u00f3n de la UNSJ, cuyo objetivo central es democratizar el acceso a la cultura, generando espacios de encuentro y visibilizaci\u00f3n de las diferentes expresiones art\u00edsticas de la provincia.<\/p>\n<p style=\"font-weight: 500;\"><span style=\"color: #ff6600;\"><b><strong>La convocatoria busca<\/strong><\/b><\/span><\/p>\n<ul>\n<li style=\"font-weight: 500;\">Artesanos\/as que trabajen diferentes materiales (madera, metal, barro, textiles, papel, pintura, etc.)<\/li>\n<li style=\"font-weight: 500;\">Artistas y dise\u00f1adores\/as de la cultura impresa (editorial independiente \u2013 fanzines &#8211; grabado \u2013 ilustraci\u00f3n \u2013 fotograf\u00eda \u2013 productos de librer\u00eda)<\/li>\n<\/ul>\n<p><strong><span style=\"color: #ff6600;\">Inscripci\u00f3n<\/span><\/strong><\/p>\n<p><a href=\"https:\/\/docs.google.com\/forms\/d\/e\/1FAIpQLSeRsms_gRx4uH27U42ysjKAG9LPIwt7x856M-UKTMHEjbM3pA\/viewform?usp=send_form\">https:\/\/docs.google.com\/forms\/d\/e\/1FAIpQLSeRsms_gRx4uH27U42ysjKAG9LPIwt7x856M-UKTMHEjbM3pA\/viewform?usp=send_form<\/a><\/p>\n<p><img loading=\"lazy\" decoding=\"async\" class=\"alignnone size-full wp-image-80133\" src=\"https:\/\/vocesparalelas.com.ar\/sitio\/wp-content\/uploads\/2024\/12\/FERIA-CULTURAL-IMPRESA-06.jpg\" alt=\"\" width=\"800\" height=\"533\" srcset=\"https:\/\/vocesparalelas.com.ar\/sitio\/wp-content\/uploads\/2024\/12\/FERIA-CULTURAL-IMPRESA-06.jpg 800w, https:\/\/vocesparalelas.com.ar\/sitio\/wp-content\/uploads\/2024\/12\/FERIA-CULTURAL-IMPRESA-06-300x200.jpg 300w, https:\/\/vocesparalelas.com.ar\/sitio\/wp-content\/uploads\/2024\/12\/FERIA-CULTURAL-IMPRESA-06-768x512.jpg 768w\" sizes=\"auto, (max-width: 800px) 100vw, 800px\" \/><\/p>\n<p>&nbsp;<\/p>\n","protected":false},"excerpt":{"rendered":"<p>La Direcci\u00f3n de Cultura de la Secretar\u00eda de Extensi\u00f3n Universitaria de la Universidad Nacional de San Juan, la Secretar\u00eda de<\/p>\n","protected":false},"author":3,"featured_media":80129,"comment_status":"closed","ping_status":"closed","sticky":false,"template":"","format":"standard","meta":{"_acf_changed":false,"_seopress_robots_primary_cat":"none","_seopress_titles_title":"","_seopress_titles_desc":"","_seopress_robots_index":"","colormag_page_container_layout":"default_layout","colormag_page_sidebar_layout":"default_layout","footnotes":""},"categories":[2],"tags":[],"class_list":["post-92717","post","type-post","status-publish","format-standard","has-post-thumbnail","hentry","category-convocatorias"],"acf":[],"_links":{"self":[{"href":"https:\/\/vocesparalelas.com.ar\/sitio\/wp-json\/wp\/v2\/posts\/92717","targetHints":{"allow":["GET"]}}],"collection":[{"href":"https:\/\/vocesparalelas.com.ar\/sitio\/wp-json\/wp\/v2\/posts"}],"about":[{"href":"https:\/\/vocesparalelas.com.ar\/sitio\/wp-json\/wp\/v2\/types\/post"}],"author":[{"embeddable":true,"href":"https:\/\/vocesparalelas.com.ar\/sitio\/wp-json\/wp\/v2\/users\/3"}],"replies":[{"embeddable":true,"href":"https:\/\/vocesparalelas.com.ar\/sitio\/wp-json\/wp\/v2\/comments?post=92717"}],"version-history":[{"count":2,"href":"https:\/\/vocesparalelas.com.ar\/sitio\/wp-json\/wp\/v2\/posts\/92717\/revisions"}],"predecessor-version":[{"id":92721,"href":"https:\/\/vocesparalelas.com.ar\/sitio\/wp-json\/wp\/v2\/posts\/92717\/revisions\/92721"}],"wp:featuredmedia":[{"embeddable":true,"href":"https:\/\/vocesparalelas.com.ar\/sitio\/wp-json\/wp\/v2\/media\/80129"}],"wp:attachment":[{"href":"https:\/\/vocesparalelas.com.ar\/sitio\/wp-json\/wp\/v2\/media?parent=92717"}],"wp:term":[{"taxonomy":"category","embeddable":true,"href":"https:\/\/vocesparalelas.com.ar\/sitio\/wp-json\/wp\/v2\/categories?post=92717"},{"taxonomy":"post_tag","embeddable":true,"href":"https:\/\/vocesparalelas.com.ar\/sitio\/wp-json\/wp\/v2\/tags?post=92717"}],"curies":[{"name":"wp","href":"https:\/\/api.w.org\/{rel}","templated":true}]}}