{"id":92697,"date":"2025-10-16T13:52:29","date_gmt":"2025-10-16T16:52:29","guid":{"rendered":"https:\/\/vocesparalelas.com.ar\/sitio\/?p=92697"},"modified":"2025-10-17T22:13:51","modified_gmt":"2025-10-18T01:13:51","slug":"feria-agroproductiva-dia-de-la-madre-en-san-juan","status":"publish","type":"post","link":"https:\/\/vocesparalelas.com.ar\/sitio\/feria-agroproductiva-dia-de-la-madre-en-san-juan\/","title":{"rendered":"Feria Agroproductiva \u00abD\u00eda de la Madre\u00bb en San Juan"},"content":{"rendered":"<p>El S\u00e1bado, 18 de Octubre, de 9:30 a 13:30 hs en el Paseo de las Palmeras del Parque de Mayo se desarrolla la Feria Agroproductiva \u00abD\u00eda de la Madre\u00bb .<\/p>\n<p>Los asistentes pueden disfrutar de productos locales, el regreso del programa \u00abCambio Verde\u00bb, shows de cocina en vivo y sorteos, en una jornada familiar que promueve el consumo responsable .<\/p>\n<p>Una de las atracciones principales de esta edici\u00f3n es el regreso del programa \u00abCambio Verde\u00bb. Los vecinos podr\u00e1n acercar materiales reciclables -como pl\u00e1sticos, metales, vidrios y cart\u00f3n- y recibir\u00e1n a cambio vouchers, con un m\u00e1ximo de dos por familia.<\/p>\n<p><img loading=\"lazy\" decoding=\"async\" class=\"alignnone size-full wp-image-74847\" src=\"https:\/\/vocesparalelas.com.ar\/sitio\/wp-content\/uploads\/2024\/07\/AMBIENTE-VERDE.jpg\" alt=\"\" width=\"800\" height=\"623\" srcset=\"https:\/\/vocesparalelas.com.ar\/sitio\/wp-content\/uploads\/2024\/07\/AMBIENTE-VERDE.jpg 800w, https:\/\/vocesparalelas.com.ar\/sitio\/wp-content\/uploads\/2024\/07\/AMBIENTE-VERDE-300x234.jpg 300w, https:\/\/vocesparalelas.com.ar\/sitio\/wp-content\/uploads\/2024\/07\/AMBIENTE-VERDE-768x598.jpg 768w\" sizes=\"auto, (max-width: 800px) 100vw, 800px\" \/><\/p>\n<p>Para celebrar el D\u00eda de la Madre, la jornada cuenta con un toque gourmet a cargo del chef Mauricio Bar\u00f3n, quien prepara pizzas al sart\u00e9n con ingredientes locales, deleitando al p\u00fablico asistente. Adem\u00e1s, se realizar\u00e1 el tradicional sorteo para sumar alegr\u00eda a la jornada familiar.<\/p>\n<p><img loading=\"lazy\" decoding=\"async\" class=\"alignnone size-full wp-image-88926\" src=\"https:\/\/vocesparalelas.com.ar\/sitio\/wp-content\/uploads\/2025\/07\/CASA-SAN-JUAN-PIZZA-02.jpg\" alt=\"\" width=\"800\" height=\"471\" srcset=\"https:\/\/vocesparalelas.com.ar\/sitio\/wp-content\/uploads\/2025\/07\/CASA-SAN-JUAN-PIZZA-02.jpg 800w, https:\/\/vocesparalelas.com.ar\/sitio\/wp-content\/uploads\/2025\/07\/CASA-SAN-JUAN-PIZZA-02-300x177.jpg 300w, https:\/\/vocesparalelas.com.ar\/sitio\/wp-content\/uploads\/2025\/07\/CASA-SAN-JUAN-PIZZA-02-768x452.jpg 768w\" sizes=\"auto, (max-width: 800px) 100vw, 800px\" \/><\/p>\n<p>La feria tambi\u00e9n se consolida como un punto de acceso a servicios p\u00fablicos. La Secretar\u00eda de Tr\u00e1nsito y Transporte entregar\u00e1 tarjetas SUBE y brinda asesoramiento, mientras que la Direcci\u00f3n de Sanidad Vegetal intercambiar\u00e1 botellas descartables por trampas para la mosca de los frutos, promoviendo el control de plagas.<\/p>\n<p><img loading=\"lazy\" decoding=\"async\" class=\"alignnone size-full wp-image-71555\" src=\"https:\/\/vocesparalelas.com.ar\/sitio\/wp-content\/uploads\/2024\/04\/FERIA-AGROPRODUCTIVA-02.jpg\" alt=\"\" width=\"800\" height=\"533\" srcset=\"https:\/\/vocesparalelas.com.ar\/sitio\/wp-content\/uploads\/2024\/04\/FERIA-AGROPRODUCTIVA-02.jpg 800w, https:\/\/vocesparalelas.com.ar\/sitio\/wp-content\/uploads\/2024\/04\/FERIA-AGROPRODUCTIVA-02-300x200.jpg 300w, https:\/\/vocesparalelas.com.ar\/sitio\/wp-content\/uploads\/2024\/04\/FERIA-AGROPRODUCTIVA-02-768x512.jpg 768w\" sizes=\"auto, (max-width: 800px) 100vw, 800px\" \/><\/p>\n<p>Con esta propuesta, la Feria Agroproductiva de San Juan reafirma su compromiso con la sustentabilidad, la producci\u00f3n local y la construcci\u00f3n de comunidad, invitando a todos a disfrutar de una ma\u00f1ana que combina ambiente, producci\u00f3n y solidaridad.<\/p>\n<p><img loading=\"lazy\" decoding=\"async\" class=\"alignnone size-full wp-image-65642\" src=\"https:\/\/vocesparalelas.com.ar\/sitio\/wp-content\/uploads\/2023\/11\/GOBIERNO-SAN-JUAN.jpg\" alt=\"\" width=\"800\" height=\"600\" srcset=\"https:\/\/vocesparalelas.com.ar\/sitio\/wp-content\/uploads\/2023\/11\/GOBIERNO-SAN-JUAN.jpg 800w, https:\/\/vocesparalelas.com.ar\/sitio\/wp-content\/uploads\/2023\/11\/GOBIERNO-SAN-JUAN-300x225.jpg 300w, https:\/\/vocesparalelas.com.ar\/sitio\/wp-content\/uploads\/2023\/11\/GOBIERNO-SAN-JUAN-768x576.jpg 768w\" sizes=\"auto, (max-width: 800px) 100vw, 800px\" \/><\/p>\n","protected":false},"excerpt":{"rendered":"<p>El S\u00e1bado, 18 de Octubre, de 9:30 a 13:30 hs en el Paseo de las Palmeras del Parque de Mayo<\/p>\n","protected":false},"author":3,"featured_media":71556,"comment_status":"closed","ping_status":"closed","sticky":false,"template":"","format":"standard","meta":{"_acf_changed":false,"_seopress_robots_primary_cat":"none","_seopress_titles_title":"","_seopress_titles_desc":"","_seopress_robots_index":"","colormag_page_container_layout":"default_layout","colormag_page_sidebar_layout":"default_layout","footnotes":""},"categories":[6],"tags":[],"class_list":["post-92697","post","type-post","status-publish","format-standard","has-post-thumbnail","hentry","category-eventos"],"acf":[],"_links":{"self":[{"href":"https:\/\/vocesparalelas.com.ar\/sitio\/wp-json\/wp\/v2\/posts\/92697","targetHints":{"allow":["GET"]}}],"collection":[{"href":"https:\/\/vocesparalelas.com.ar\/sitio\/wp-json\/wp\/v2\/posts"}],"about":[{"href":"https:\/\/vocesparalelas.com.ar\/sitio\/wp-json\/wp\/v2\/types\/post"}],"author":[{"embeddable":true,"href":"https:\/\/vocesparalelas.com.ar\/sitio\/wp-json\/wp\/v2\/users\/3"}],"replies":[{"embeddable":true,"href":"https:\/\/vocesparalelas.com.ar\/sitio\/wp-json\/wp\/v2\/comments?post=92697"}],"version-history":[{"count":1,"href":"https:\/\/vocesparalelas.com.ar\/sitio\/wp-json\/wp\/v2\/posts\/92697\/revisions"}],"predecessor-version":[{"id":92700,"href":"https:\/\/vocesparalelas.com.ar\/sitio\/wp-json\/wp\/v2\/posts\/92697\/revisions\/92700"}],"wp:featuredmedia":[{"embeddable":true,"href":"https:\/\/vocesparalelas.com.ar\/sitio\/wp-json\/wp\/v2\/media\/71556"}],"wp:attachment":[{"href":"https:\/\/vocesparalelas.com.ar\/sitio\/wp-json\/wp\/v2\/media?parent=92697"}],"wp:term":[{"taxonomy":"category","embeddable":true,"href":"https:\/\/vocesparalelas.com.ar\/sitio\/wp-json\/wp\/v2\/categories?post=92697"},{"taxonomy":"post_tag","embeddable":true,"href":"https:\/\/vocesparalelas.com.ar\/sitio\/wp-json\/wp\/v2\/tags?post=92697"}],"curies":[{"name":"wp","href":"https:\/\/api.w.org\/{rel}","templated":true}]}}