{"id":92689,"date":"2025-10-16T13:12:12","date_gmt":"2025-10-16T16:12:12","guid":{"rendered":"https:\/\/vocesparalelas.com.ar\/sitio\/?p=92689"},"modified":"2025-10-17T21:41:39","modified_gmt":"2025-10-18T00:41:39","slug":"concierto-de-gala-2025-del-programa-de-coros-y-orquestas-de-san-juan","status":"publish","type":"post","link":"https:\/\/vocesparalelas.com.ar\/sitio\/concierto-de-gala-2025-del-programa-de-coros-y-orquestas-de-san-juan\/","title":{"rendered":"\u00abConcierto de Gala 2025\u00bb del Programa de Coros y Orquestas de San Juan"},"content":{"rendered":"<p>El Ministerio de Educaci\u00f3n del\u00a0Gobierno de San Juan, a trav\u00e9s de la Subsecretar\u00eda de Planeamiento Educativo, realiza el Jueves, 16 de Octubre, a las 20 hs.; en el Auditorio Ing. Juan Victoria el Concierto de Gala 2025 del Programa Coros y Orquestas, con la presentaci\u00f3n del Coro y Ensamble Instrumental de la Escuela Mosconi y de la Orquesta de la Escuela Pestalozzi. El repertorio combina piezas de rock, cl\u00e1sico y pop, entre otros g\u00e9neros.<\/p>\n<p>El programa de Coros y Orquestas aporta a la educaci\u00f3n de San Juan un impacto significativo en el desarrollo integral de los estudiantes y de la comunidad en general.<\/p>\n<p>La ministra de Educaci\u00f3n, Lic. Silvia Fuentes destac\u00f3 que \u00abel programa se promueve como una herramienta pedag\u00f3gica que fusiona formaci\u00f3n musical, valores sociales y desarrollo estudiantil, tanto con clases individuales, seccionales y grupales, con como talleres y conciertos\u00bb.<\/p>\n<p>El Coro y Ensamble Instrumental Escuela Secundaria Enrique Mosconi presenta Soledad y el mar (Natalia Lafourcade), Tan solo (Los Piojos), La ciudad de la furia (Soda Stereo), Mil horas (Los Abuelos de la Nada), Sol de los Andes (Bruno Arias) y La luna llena (Nelson Araya).<\/p>\n<p>En tanto, la Orquesta de la Escuela Secundaria Juan Enrique Pestalozzi interpreta Pantera rosa (Henry Mancini &#8211; Arreglo: Carlos Bisurgi), Himno a la alegr\u00eda (Ludwig Van Beethoven), Suite renacentista (Tielman Susato &#8211; Arreglo: James Curnow) y La tempestad (Robert Smith).<\/p>\n<p>A su vez, hay obras en com\u00fan con ambos equipos: Rezo por vos y La pollera amarilla.<\/p>\n<p>Por otro lado, se realiza tambi\u00e9n la tradicional distinci\u00f3n a alumnos del Programa Coros y Orquestas, reconociendo habilidades sociales como la comunicaci\u00f3n, la empat\u00eda y el trabajo en equipo.<\/p>\n<p><img loading=\"lazy\" decoding=\"async\" class=\"alignnone size-full wp-image-28629\" src=\"https:\/\/vocesparalelas.com.ar\/sitio\/wp-content\/uploads\/2020\/05\/MINISTERIO-EDUCACION-SJ.jpg\" alt=\"\" width=\"800\" height=\"533\" srcset=\"https:\/\/vocesparalelas.com.ar\/sitio\/wp-content\/uploads\/2020\/05\/MINISTERIO-EDUCACION-SJ.jpg 800w, https:\/\/vocesparalelas.com.ar\/sitio\/wp-content\/uploads\/2020\/05\/MINISTERIO-EDUCACION-SJ-300x200.jpg 300w, https:\/\/vocesparalelas.com.ar\/sitio\/wp-content\/uploads\/2020\/05\/MINISTERIO-EDUCACION-SJ-768x512.jpg 768w\" sizes=\"auto, (max-width: 800px) 100vw, 800px\" \/><\/p>\n<p>&nbsp;<\/p>\n","protected":false},"excerpt":{"rendered":"<p>El Ministerio de Educaci\u00f3n del\u00a0Gobierno de San Juan, a trav\u00e9s de la Subsecretar\u00eda de Planeamiento Educativo, realiza el Jueves, 16<\/p>\n","protected":false},"author":3,"featured_media":67608,"comment_status":"closed","ping_status":"closed","sticky":false,"template":"","format":"standard","meta":{"_acf_changed":false,"_seopress_robots_primary_cat":"none","_seopress_titles_title":"","_seopress_titles_desc":"","_seopress_robots_index":"","colormag_page_container_layout":"default_layout","colormag_page_sidebar_layout":"default_layout","footnotes":""},"categories":[1],"tags":[],"class_list":["post-92689","post","type-post","status-publish","format-standard","has-post-thumbnail","hentry","category-destacadas"],"acf":[],"_links":{"self":[{"href":"https:\/\/vocesparalelas.com.ar\/sitio\/wp-json\/wp\/v2\/posts\/92689","targetHints":{"allow":["GET"]}}],"collection":[{"href":"https:\/\/vocesparalelas.com.ar\/sitio\/wp-json\/wp\/v2\/posts"}],"about":[{"href":"https:\/\/vocesparalelas.com.ar\/sitio\/wp-json\/wp\/v2\/types\/post"}],"author":[{"embeddable":true,"href":"https:\/\/vocesparalelas.com.ar\/sitio\/wp-json\/wp\/v2\/users\/3"}],"replies":[{"embeddable":true,"href":"https:\/\/vocesparalelas.com.ar\/sitio\/wp-json\/wp\/v2\/comments?post=92689"}],"version-history":[{"count":1,"href":"https:\/\/vocesparalelas.com.ar\/sitio\/wp-json\/wp\/v2\/posts\/92689\/revisions"}],"predecessor-version":[{"id":92692,"href":"https:\/\/vocesparalelas.com.ar\/sitio\/wp-json\/wp\/v2\/posts\/92689\/revisions\/92692"}],"wp:featuredmedia":[{"embeddable":true,"href":"https:\/\/vocesparalelas.com.ar\/sitio\/wp-json\/wp\/v2\/media\/67608"}],"wp:attachment":[{"href":"https:\/\/vocesparalelas.com.ar\/sitio\/wp-json\/wp\/v2\/media?parent=92689"}],"wp:term":[{"taxonomy":"category","embeddable":true,"href":"https:\/\/vocesparalelas.com.ar\/sitio\/wp-json\/wp\/v2\/categories?post=92689"},{"taxonomy":"post_tag","embeddable":true,"href":"https:\/\/vocesparalelas.com.ar\/sitio\/wp-json\/wp\/v2\/tags?post=92689"}],"curies":[{"name":"wp","href":"https:\/\/api.w.org\/{rel}","templated":true}]}}