{"id":92672,"date":"2025-10-16T10:32:11","date_gmt":"2025-10-16T13:32:11","guid":{"rendered":"https:\/\/vocesparalelas.com.ar\/sitio\/?p=92672"},"modified":"2025-10-18T00:15:22","modified_gmt":"2025-10-18T03:15:22","slug":"recorrido-de-la-xiii-caminata-contra-el-cancer-de-mama-crear-conciencia-es-la-meta-en-san-juan","status":"publish","type":"post","link":"https:\/\/vocesparalelas.com.ar\/sitio\/recorrido-de-la-xiii-caminata-contra-el-cancer-de-mama-crear-conciencia-es-la-meta-en-san-juan\/","title":{"rendered":"Recorrido de la XIII Caminata contra el C\u00e1ncer de Mama \u201cCrear Conciencia es la Meta\u201d en San Juan"},"content":{"rendered":"<p>El Ministerio de Turismo, Cultura y Deporte del Gobierno de San Juan junto a la Municipalidad de la Ciudad de San Juan, informan a los vecinos que este s\u00e1bado 18 de octubre, entre las 8:00 y las 14:00 horas, se realizan cortes y modificaciones en el tr\u00e1nsito por la\u00a0XIII Caminata contra el C\u00e1ncer de Mama \u201cCrear Conciencia es la Meta\u201d en San Juan, organizada por la Fundaci\u00f3n Sanatorio Argentino con el acompa\u00f1amiento del Gobierno de San Juan.<\/p>\n<p>La competencia, que busca promover la concientizaci\u00f3n y prevenci\u00f3n del c\u00e1ncer de mama en el marco del Mes Rosa, tiene su punto de partida en el Estadio Dr. Aldo Cantoni a las 11:00 horas.<\/p>\n<p><strong><span style=\"color: #ff00ff;\">Circuito previsto<\/span><\/strong><\/p>\n<ul>\n<li>Urquiza, 25 de Mayo,<\/li>\n<li>Las Heras,<\/li>\n<li>San Luis,<\/li>\n<li>Av. Alem y<\/li>\n<li>Av. Libertador (en direcci\u00f3n a Urquiza).<\/li>\n<\/ul>\n<p>El trayecto inicia desde el Estadio Dr. Aldo Cantoni, avanzando hacia el Norte por Urquiza hasta 25 de Mayo; contin\u00faa hacia el Este hasta Alem, donde gira hacia San Luis, para luego dirigirse al Oeste por Espa\u00f1a para Libertador hasta conectar nuevamente con Urquiza, finalizando el recorrido en el punto de partida.<\/p>\n<p><img loading=\"lazy\" decoding=\"async\" class=\"alignnone size-full wp-image-92675\" src=\"https:\/\/vocesparalelas.com.ar\/sitio\/wp-content\/uploads\/2025\/10\/SAN-JUAN-CONTRA-CANCER-MAMA.jpg\" alt=\"\" width=\"800\" height=\"450\" srcset=\"https:\/\/vocesparalelas.com.ar\/sitio\/wp-content\/uploads\/2025\/10\/SAN-JUAN-CONTRA-CANCER-MAMA.jpg 800w, https:\/\/vocesparalelas.com.ar\/sitio\/wp-content\/uploads\/2025\/10\/SAN-JUAN-CONTRA-CANCER-MAMA-300x169.jpg 300w, https:\/\/vocesparalelas.com.ar\/sitio\/wp-content\/uploads\/2025\/10\/SAN-JUAN-CONTRA-CANCER-MAMA-768x432.jpg 768w\" sizes=\"auto, (max-width: 800px) 100vw, 800px\" \/><\/p>\n<p>Por tal motivo, se solicita a los conductores y vecinos planificar sus desplazamientos con anticipaci\u00f3n y considerar rutas alternativas durante el desarrollo del evento.<\/p>\n<p>Adem\u00e1s, se recomienda respetar las indicaciones del personal de tr\u00e1nsito y seguridad, que estar\u00e1 presente en los distintos sectores del circuito para garantizar la seguridad vial y el normal desarrollo de la jornada.<\/p>\n<p>El Ministerio de Turismo, Cultura y Deporte y la Municipalidad de la Ciudad de San Juan agradecen la comprensi\u00f3n y colaboraci\u00f3n de todos los ciudadanos ante esta actividad solidaria que busca generar conciencia sobre la importancia de la detecci\u00f3n temprana del c\u00e1ncer de mama.<\/p>\n<p><img loading=\"lazy\" decoding=\"async\" class=\"alignnone size-large wp-image-24477\" src=\"https:\/\/vocesparalelas.com.ar\/sitio\/wp-content\/uploads\/2019\/10\/CANCER-CARRERA-11-800x533.jpg\" alt=\"\" width=\"800\" height=\"533\" srcset=\"https:\/\/vocesparalelas.com.ar\/sitio\/wp-content\/uploads\/2019\/10\/CANCER-CARRERA-11.jpg 800w, https:\/\/vocesparalelas.com.ar\/sitio\/wp-content\/uploads\/2019\/10\/CANCER-CARRERA-11-300x200.jpg 300w, https:\/\/vocesparalelas.com.ar\/sitio\/wp-content\/uploads\/2019\/10\/CANCER-CARRERA-11-768x512.jpg 768w\" sizes=\"auto, (max-width: 800px) 100vw, 800px\" \/><\/p>\n","protected":false},"excerpt":{"rendered":"<p>El Ministerio de Turismo, Cultura y Deporte del Gobierno de San Juan junto a la Municipalidad de la Ciudad de<\/p>\n","protected":false},"author":3,"featured_media":16394,"comment_status":"closed","ping_status":"closed","sticky":false,"template":"","format":"standard","meta":{"_acf_changed":false,"_seopress_robots_primary_cat":"none","_seopress_titles_title":"","_seopress_titles_desc":"","_seopress_robots_index":"","colormag_page_container_layout":"default_layout","colormag_page_sidebar_layout":"default_layout","footnotes":""},"categories":[6],"tags":[],"class_list":["post-92672","post","type-post","status-publish","format-standard","has-post-thumbnail","hentry","category-eventos"],"acf":[],"_links":{"self":[{"href":"https:\/\/vocesparalelas.com.ar\/sitio\/wp-json\/wp\/v2\/posts\/92672","targetHints":{"allow":["GET"]}}],"collection":[{"href":"https:\/\/vocesparalelas.com.ar\/sitio\/wp-json\/wp\/v2\/posts"}],"about":[{"href":"https:\/\/vocesparalelas.com.ar\/sitio\/wp-json\/wp\/v2\/types\/post"}],"author":[{"embeddable":true,"href":"https:\/\/vocesparalelas.com.ar\/sitio\/wp-json\/wp\/v2\/users\/3"}],"replies":[{"embeddable":true,"href":"https:\/\/vocesparalelas.com.ar\/sitio\/wp-json\/wp\/v2\/comments?post=92672"}],"version-history":[{"count":1,"href":"https:\/\/vocesparalelas.com.ar\/sitio\/wp-json\/wp\/v2\/posts\/92672\/revisions"}],"predecessor-version":[{"id":92676,"href":"https:\/\/vocesparalelas.com.ar\/sitio\/wp-json\/wp\/v2\/posts\/92672\/revisions\/92676"}],"wp:featuredmedia":[{"embeddable":true,"href":"https:\/\/vocesparalelas.com.ar\/sitio\/wp-json\/wp\/v2\/media\/16394"}],"wp:attachment":[{"href":"https:\/\/vocesparalelas.com.ar\/sitio\/wp-json\/wp\/v2\/media?parent=92672"}],"wp:term":[{"taxonomy":"category","embeddable":true,"href":"https:\/\/vocesparalelas.com.ar\/sitio\/wp-json\/wp\/v2\/categories?post=92672"},{"taxonomy":"post_tag","embeddable":true,"href":"https:\/\/vocesparalelas.com.ar\/sitio\/wp-json\/wp\/v2\/tags?post=92672"}],"curies":[{"name":"wp","href":"https:\/\/api.w.org\/{rel}","templated":true}]}}