{"id":92667,"date":"2025-10-16T10:21:23","date_gmt":"2025-10-16T13:21:23","guid":{"rendered":"https:\/\/vocesparalelas.com.ar\/sitio\/?p=92667"},"modified":"2025-10-16T22:07:21","modified_gmt":"2025-10-17T01:07:21","slug":"primera-cirugia-endoscopica-en-craneosinostosis-en-el-hospital-dr-guillermo-rawson-de-san-juan","status":"publish","type":"post","link":"https:\/\/vocesparalelas.com.ar\/sitio\/primera-cirugia-endoscopica-en-craneosinostosis-en-el-hospital-dr-guillermo-rawson-de-san-juan\/","title":{"rendered":"Primera cirug\u00eda endosc\u00f3pica en craneosinostosis en el Hospital Dr. Guillermo Rawson de San Juan"},"content":{"rendered":"<p>El servicio de Neurocirug\u00eda del Hospital Dr. Guillermo Rawson del Ministerio de Salud del Gobierno de San Juan realiz\u00f3 la primera cirug\u00eda endosc\u00f3pica en craneosinostosis, en un paciente beb\u00e9 de 3 meses con plagiocefalia anterior derecha.<\/p>\n<p><img loading=\"lazy\" decoding=\"async\" class=\"alignnone size-full wp-image-27624\" src=\"https:\/\/vocesparalelas.com.ar\/sitio\/wp-content\/uploads\/2020\/04\/BEBE-PATITAS.jpg\" alt=\"\" width=\"800\" height=\"720\" srcset=\"https:\/\/vocesparalelas.com.ar\/sitio\/wp-content\/uploads\/2020\/04\/BEBE-PATITAS.jpg 800w, https:\/\/vocesparalelas.com.ar\/sitio\/wp-content\/uploads\/2020\/04\/BEBE-PATITAS-300x270.jpg 300w, https:\/\/vocesparalelas.com.ar\/sitio\/wp-content\/uploads\/2020\/04\/BEBE-PATITAS-768x691.jpg 768w\" sizes=\"auto, (max-width: 800px) 100vw, 800px\" \/><\/p>\n<p>La Craneosinostosis es una malformaci\u00f3n de nacimiento ocasionado por el cierre anticipado de las suturas del cr\u00e1neo, lo cual debe ser corregido para que la cabeza del beb\u00e9 logre su forma adecuada y, sobre todo, que el cerebro crezca de manera correcta, por eso es indispensable un diagn\u00f3stico temprano ya que se recomienda realizarla antes de los seis meses de vida. En este caso el diagn\u00f3stico fue realizado por el servicio de Neonatolog\u00eda, lo cual remarca el trabajo interdisciplinario.<\/p>\n<p>La cirug\u00eda endosc\u00f3pica representa un gran avance frente a la t\u00e9cnica convencional de cirug\u00eda abierta, ya que ofrece incisiones m\u00e1s peque\u00f1as, menor sangrado, menor tiempo quir\u00fargico y de internaci\u00f3n, menor riesgo de infecciones y una recuperaci\u00f3n m\u00e1s r\u00e1pida. Para esta cirug\u00eda fue fundamental la preparaci\u00f3n previa de los cirujanos mediante la pr\u00e1ctica con modelos de simulaci\u00f3n, lo cual pone en valor la futura implementaci\u00f3n del \u00e1rea de simulaci\u00f3n en el Hospital Dr. Guillermo Rawson.<\/p>\n<p>La t\u00e9cnica empleada se realiza utilizando un endoscopio (un tubo delgado con una c\u00e1mara y una luz) a trav\u00e9s de peque\u00f1as incisiones para extirpar la sutura fusionada de forma prematura, permitiendo que el cerebro del beb\u00e9 crezca correctamente. La t\u00e9cnica convencional es mucho m\u00e1s invasiva y cruenta, ya que implica grandes despliegues en el cuero cabelludo, desplazando la piel hacia los contornos y realizando cortes en el cr\u00e1neo.<\/p>\n<p>Posteriormente el beb\u00e9 suele necesitar el uso de un casco moldeador durante algunos meses para que el cr\u00e1neo adopte una forma adecuada, permitiendo un normal crecimiento del cerebro.<\/p>\n<p>Esta cirug\u00eda, pocas veces realizada en hospitales del interior del pa\u00eds, sigue marcando un gran rumbo para el Hospital Dr. Guillermo Rawson y la salud de la provincia de San Juan, a trav\u00e9s de la capacidad de sus profesionales y la infraestructura hospitalaria de Alta complejidad.<\/p>\n<p><strong><span style=\"color: #ff0000;\">Equipo quir\u00fargico<\/span><\/strong><\/p>\n<ul>\n<li>Dra. Carolina Maldonado Alejos,<\/li>\n<li>Dr. Patricio J\u00e1camo<\/li>\n<li>Dr. Emilio Pellereti<\/li>\n<\/ul>\n<p>Neurocirujano pedi\u00e1trico del hospital Notti de la Provincia de Mendoza, con el respaldo y la participaci\u00f3n activa de los servicios de Neurocirug\u00eda, Neonatolog\u00eda, Quir\u00f3fano Central, Anestesiolog\u00eda, Instrumentaci\u00f3n quir\u00fargica y Enfermer\u00eda, entre otros.<\/p>\n<p>&nbsp;<\/p>\n<p><img loading=\"lazy\" decoding=\"async\" class=\"alignnone size-full wp-image-27493\" src=\"https:\/\/vocesparalelas.com.ar\/sitio\/wp-content\/uploads\/2020\/04\/HOSPITAL-RAWSON-10.jpg\" alt=\"\" width=\"800\" height=\"533\" srcset=\"https:\/\/vocesparalelas.com.ar\/sitio\/wp-content\/uploads\/2020\/04\/HOSPITAL-RAWSON-10.jpg 800w, https:\/\/vocesparalelas.com.ar\/sitio\/wp-content\/uploads\/2020\/04\/HOSPITAL-RAWSON-10-300x200.jpg 300w, https:\/\/vocesparalelas.com.ar\/sitio\/wp-content\/uploads\/2020\/04\/HOSPITAL-RAWSON-10-768x512.jpg 768w\" sizes=\"auto, (max-width: 800px) 100vw, 800px\" \/><\/p>\n","protected":false},"excerpt":{"rendered":"<p>El servicio de Neurocirug\u00eda del Hospital Dr. Guillermo Rawson del Ministerio de Salud del Gobierno de San Juan realiz\u00f3 la<\/p>\n","protected":false},"author":3,"featured_media":92670,"comment_status":"closed","ping_status":"closed","sticky":false,"template":"","format":"standard","meta":{"_acf_changed":false,"_seopress_robots_primary_cat":"none","_seopress_titles_title":"","_seopress_titles_desc":"","_seopress_robots_index":"","colormag_page_container_layout":"default_layout","colormag_page_sidebar_layout":"default_layout","footnotes":""},"categories":[2],"tags":[],"class_list":["post-92667","post","type-post","status-publish","format-standard","has-post-thumbnail","hentry","category-convocatorias"],"acf":[],"_links":{"self":[{"href":"https:\/\/vocesparalelas.com.ar\/sitio\/wp-json\/wp\/v2\/posts\/92667","targetHints":{"allow":["GET"]}}],"collection":[{"href":"https:\/\/vocesparalelas.com.ar\/sitio\/wp-json\/wp\/v2\/posts"}],"about":[{"href":"https:\/\/vocesparalelas.com.ar\/sitio\/wp-json\/wp\/v2\/types\/post"}],"author":[{"embeddable":true,"href":"https:\/\/vocesparalelas.com.ar\/sitio\/wp-json\/wp\/v2\/users\/3"}],"replies":[{"embeddable":true,"href":"https:\/\/vocesparalelas.com.ar\/sitio\/wp-json\/wp\/v2\/comments?post=92667"}],"version-history":[{"count":1,"href":"https:\/\/vocesparalelas.com.ar\/sitio\/wp-json\/wp\/v2\/posts\/92667\/revisions"}],"predecessor-version":[{"id":92671,"href":"https:\/\/vocesparalelas.com.ar\/sitio\/wp-json\/wp\/v2\/posts\/92667\/revisions\/92671"}],"wp:featuredmedia":[{"embeddable":true,"href":"https:\/\/vocesparalelas.com.ar\/sitio\/wp-json\/wp\/v2\/media\/92670"}],"wp:attachment":[{"href":"https:\/\/vocesparalelas.com.ar\/sitio\/wp-json\/wp\/v2\/media?parent=92667"}],"wp:term":[{"taxonomy":"category","embeddable":true,"href":"https:\/\/vocesparalelas.com.ar\/sitio\/wp-json\/wp\/v2\/categories?post=92667"},{"taxonomy":"post_tag","embeddable":true,"href":"https:\/\/vocesparalelas.com.ar\/sitio\/wp-json\/wp\/v2\/tags?post=92667"}],"curies":[{"name":"wp","href":"https:\/\/api.w.org\/{rel}","templated":true}]}}