{"id":92654,"date":"2025-10-15T19:33:39","date_gmt":"2025-10-15T22:33:39","guid":{"rendered":"https:\/\/vocesparalelas.com.ar\/sitio\/?p=92654"},"modified":"2025-10-16T20:54:41","modified_gmt":"2025-10-16T23:54:41","slug":"fortalecen-las-actividades-academicas-de-investigacion-y-vinculacion-institucional-con-la-aprobacion-del-cd-de-la-faud-de-la-unsj","status":"publish","type":"post","link":"https:\/\/vocesparalelas.com.ar\/sitio\/fortalecen-las-actividades-academicas-de-investigacion-y-vinculacion-institucional-con-la-aprobacion-del-cd-de-la-faud-de-la-unsj\/","title":{"rendered":"Fortalecen las actividades acad\u00e9micas, de investigaci\u00f3n y vinculaci\u00f3n institucional con la aprobaci\u00f3n del CD de la FAUD de la UNSJ"},"content":{"rendered":"<p>En su \u00faltima sesi\u00f3n, el\u00a0Consejo Directivo &#8211; CD &#8211; de la Facultad de Arquitectura, Urbanismo y Dise\u00f1o\u00a0de la Universidad Nacional de San Juan aprob\u00f3 y aval\u00f3 una serie de iniciativas que fortalecen las actividades acad\u00e9micas, de investigaci\u00f3n y vinculaci\u00f3n institucional.<\/p>\n<p>La secretaria del Consejo Directivo de la FAUD, Abog, Antonella Furl\u00e1n, explic\u00f3 cada iniciativa y coment\u00f3 los avances que se lograr\u00e1n a partir de esto.<\/p>\n<p>En primer lugar,\u00a0se otorg\u00f3 Aval Acad\u00e9mico\u00a0a la actividad denominada\u00a0\u201cAn\u00e1lisis y Evaluaci\u00f3n de Viviendas en el marco de los Lineamientos del Programa Nacional de Etiquetado de Viviendas &#8211; PRONEV &#8211; para la Prueba Piloto San Juan\u201d. Tambi\u00e9n se autoriz\u00f3 la firma del Acta Complementaria entre la FAUD y el Ministerio de Infraestructura, Agua y Energ\u00eda del Gobierno de San Juan para la realizaci\u00f3n de las Pruebas Piloto comprendidas en el Programa Nacional de Etiquetado de Viviendas &#8211; PRONEV.<\/p>\n<p>Sobre esto, Abog. Antonella Furl\u00e1n coment\u00f3 que \u00abeste acta tiene por objetivo validar el aplicativo inform\u00e1tico y el sistema de implementaci\u00f3n proyectado a nivel nacional, y realizar ajustes para garantizar su correcta adaptaci\u00f3n a todo el territorio, contemplando las particularidades clim\u00e1ticas, socio-econ\u00f3micas y de pr\u00e1cticas constructivas locales, para llevar a cabo el procedimiento de Etiquetado de Eficiencia Energ\u00e9tica, siendo la FAUD la primera facultad a nivel nacional como unidad capacitadora.\u00a0Estas acciones refuerzan la articulaci\u00f3n entre la FAUD y organismos provinciales y nacionales en el marco del PRONEV, que busca evaluar la eficiencia energ\u00e9tica habitacional\u00bb.<\/p>\n<p>En segundo lugar, se designaron a los y las estudiantes en condiciones de integrar el\u00a0Cuerpo de Bandera\u00a0para el Ciclo 2025\/2026. La Secretaria del CD explic\u00f3 que este a\u00f1o se dio una situaci\u00f3n excepcional, debido a que, en el primer puesto, ambos estudiantes obtuvieron el mismo promedio y que ambos no registraban aplazos. Para definir esto, se realiz\u00f3 un sorteo seg\u00fan inciso C, en atenci\u00f3n a lo dispuesto por el Art\u00edculo 5\u00b0 de la Ord. 16\/93-CS, quedando conformado el\u00a0Cuerpo de Bandera\u00a0de la siguiente manera:<\/p>\n<ul>\n<li>Abanderado: Ortega, Mariano;<\/li>\n<li>Primera Escolta: G\u00f3mez Roca, Julieta Micaela;<\/li>\n<li>Segunda Escolta: Rodr\u00edguez Ruiz, Samuel Brian;<\/li>\n<li>Primera Escolta Suplente: Juan, Melina Virginia;<\/li>\n<li>Segunda Escolta Suplente: Altamirano Valdez, Candela Paula;<\/li>\n<li>Tercera Escolta Suplente: Marcuzzi Cernuda, Maitena; y<\/li>\n<li>Cuarta Escolta Suplente: Correa Romano, Mar\u00eda Caterina.<\/li>\n<\/ul>\n<p>A su vez, se aprob\u00f3 la propuesta de\u00a0Estructura y Disposiciones generales del \u00c1rea de Materialidad y su reglamento de uso interno; se design\u00f3 como\u00a0Codirectora del Comit\u00e9 Acad\u00e9mico del Doctorado de Arquitectura y Urbanismo a la Dra. Arq. Alci\u00f3n Alonso Frank; se aceptaron\u00a0dos cesiones de Proyectores LED, obtenidos en el marco de la ejecuci\u00f3n de Proyectos de Investigaci\u00f3n.<\/p>\n<p>Tambi\u00e9n, se aprob\u00f3 y otorg\u00f3 Aval Acad\u00e9mico al Concurso de Dise\u00f1o de la Remera &#8211; DISUR 2025, el que tiene como prop\u00f3sito fomentar la creatividad y sentido de pertenencia para los estudiantes de nuestra instituci\u00f3n que asistan al mencionado Congreso; se aprob\u00f3 la propuesta de la Actividad\u00a0\u201cRegistro y Observaci\u00f3n preliminar de Comportamientos del Mercado del Suelo en Territorios Periurbanos del \u00c1rea Metropolitana de San Juan. Periodo 2020-2024\u201d\u00a0para meritarla con diez (10) cr\u00e9ditos acad\u00e9micos.<\/p>\n<p>Se autoriz\u00f3\u00a0la Firma del Acta Complementaria entre la FAUD y el Ministerio de Educaci\u00f3n del Gobierno de San Juan, para la realizaci\u00f3n de actividades acad\u00e9micas de la c\u00e1tedra electiva \u201cDise\u00f1o Bioclim\u00e1tico\u201d, con el objeto de concretar la curricularizaci\u00f3n de la extensi\u00f3n en la unidad acad\u00e9mica.<\/p>\n<p>La Abog. Antonella Furl\u00e1n coment\u00f3 que se recibi\u00f3 al presidente del DAMSU, Ing. Alfredo Russo, junto con miembros del Consejo Directivo, quienes expusieron, entre otras cosas, la real situaci\u00f3n econ\u00f3mica financiera de la Obra Social y la cobertura en prestaciones m\u00e9dicas y provisi\u00f3n de medicamentos, con el prop\u00f3sito que se disponga de la informaci\u00f3n precisa vinculada con el cumplimiento adecuado de la obligaci\u00f3n de dirigir y administrar los recursos de los afiliados. \u201cExpresaron en distintas oportunidades la crisis estructural de todo el sistema de prestadores de salud privado, p\u00fablico e intermedio. Tambi\u00e9n hablamos sobre la p\u00e9rdida del salario y c\u00f3mo impacta en los aportes y contribuciones que recibe DAMSU SAN JUAN para su funcionamiento\u201d.<\/p>\n<p>&nbsp;<\/p>\n<p><img loading=\"lazy\" decoding=\"async\" class=\"alignnone size-full wp-image-59158\" src=\"https:\/\/vocesparalelas.com.ar\/sitio\/wp-content\/uploads\/2023\/05\/FAUD-LOGO-03.jpg\" alt=\"\" width=\"800\" height=\"471\" srcset=\"https:\/\/vocesparalelas.com.ar\/sitio\/wp-content\/uploads\/2023\/05\/FAUD-LOGO-03.jpg 800w, https:\/\/vocesparalelas.com.ar\/sitio\/wp-content\/uploads\/2023\/05\/FAUD-LOGO-03-300x177.jpg 300w, https:\/\/vocesparalelas.com.ar\/sitio\/wp-content\/uploads\/2023\/05\/FAUD-LOGO-03-768x452.jpg 768w\" sizes=\"auto, (max-width: 800px) 100vw, 800px\" \/><\/p>\n<p>&nbsp;<\/p>\n<p>&nbsp;<\/p>\n","protected":false},"excerpt":{"rendered":"<p>En su \u00faltima sesi\u00f3n, el\u00a0Consejo Directivo &#8211; CD &#8211; de la Facultad de Arquitectura, Urbanismo y Dise\u00f1o\u00a0de la Universidad Nacional<\/p>\n","protected":false},"author":3,"featured_media":92657,"comment_status":"closed","ping_status":"closed","sticky":false,"template":"","format":"standard","meta":{"_acf_changed":false,"_seopress_robots_primary_cat":"none","_seopress_titles_title":"","_seopress_titles_desc":"","_seopress_robots_index":"","colormag_page_container_layout":"default_layout","colormag_page_sidebar_layout":"default_layout","footnotes":""},"categories":[10],"tags":[],"class_list":["post-92654","post","type-post","status-publish","format-standard","has-post-thumbnail","hentry","category-opiniones"],"acf":[],"_links":{"self":[{"href":"https:\/\/vocesparalelas.com.ar\/sitio\/wp-json\/wp\/v2\/posts\/92654","targetHints":{"allow":["GET"]}}],"collection":[{"href":"https:\/\/vocesparalelas.com.ar\/sitio\/wp-json\/wp\/v2\/posts"}],"about":[{"href":"https:\/\/vocesparalelas.com.ar\/sitio\/wp-json\/wp\/v2\/types\/post"}],"author":[{"embeddable":true,"href":"https:\/\/vocesparalelas.com.ar\/sitio\/wp-json\/wp\/v2\/users\/3"}],"replies":[{"embeddable":true,"href":"https:\/\/vocesparalelas.com.ar\/sitio\/wp-json\/wp\/v2\/comments?post=92654"}],"version-history":[{"count":1,"href":"https:\/\/vocesparalelas.com.ar\/sitio\/wp-json\/wp\/v2\/posts\/92654\/revisions"}],"predecessor-version":[{"id":92658,"href":"https:\/\/vocesparalelas.com.ar\/sitio\/wp-json\/wp\/v2\/posts\/92654\/revisions\/92658"}],"wp:featuredmedia":[{"embeddable":true,"href":"https:\/\/vocesparalelas.com.ar\/sitio\/wp-json\/wp\/v2\/media\/92657"}],"wp:attachment":[{"href":"https:\/\/vocesparalelas.com.ar\/sitio\/wp-json\/wp\/v2\/media?parent=92654"}],"wp:term":[{"taxonomy":"category","embeddable":true,"href":"https:\/\/vocesparalelas.com.ar\/sitio\/wp-json\/wp\/v2\/categories?post=92654"},{"taxonomy":"post_tag","embeddable":true,"href":"https:\/\/vocesparalelas.com.ar\/sitio\/wp-json\/wp\/v2\/tags?post=92654"}],"curies":[{"name":"wp","href":"https:\/\/api.w.org\/{rel}","templated":true}]}}