{"id":92641,"date":"2025-10-15T18:27:10","date_gmt":"2025-10-15T21:27:10","guid":{"rendered":"https:\/\/vocesparalelas.com.ar\/sitio\/?p=92641"},"modified":"2025-10-15T18:33:30","modified_gmt":"2025-10-15T21:33:30","slug":"rechazo-la-derogacion-o-modificacion-del-regimen-de-zona-fria-la-camara-de-diputados-de-san-juan","status":"publish","type":"post","link":"https:\/\/vocesparalelas.com.ar\/sitio\/rechazo-la-derogacion-o-modificacion-del-regimen-de-zona-fria-la-camara-de-diputados-de-san-juan\/","title":{"rendered":"Rechaz\u00f3 la derogaci\u00f3n o modificaci\u00f3n del R\u00e9gimen de Zona Fr\u00eda la C\u00e1mara de Diputados de San Juan"},"content":{"rendered":"<p>En el marco de una Sesi\u00f3n Especial celebrada el Mi\u00e9rcoles, 15 de Octubre, la C\u00e1mara de Diputados de San Juan aprob\u00f3, con 34 votos afirmativos y uno negativo del bloque La Libertad Avanza, el proyecto de Declaraci\u00f3n que expresa su preocupaci\u00f3n y rechazo ante una posible derogaci\u00f3n o modificaci\u00f3n del R\u00e9gimen de Zona Fr\u00eda, establecido por la Ley Nacional N.\u00ba 27.637.<\/p>\n<p>La sesi\u00f3n fue presidida por el vicegobernador y presidente nato de la C\u00e1mara, Dr. Fabi\u00e1n Mart\u00edn, acompa\u00f1ado por los secretarios legislativo y administrativo, Dr. Gustavo Velert y Lic. Jorge Fern\u00e1ndez, respectivamente.<\/p>\n<p>El proyecto fue fundamentado por el diputado Dr. Juan de la Cruz C\u00f3rdoba, quien ofici\u00f3 como miembro informante. En el texto de la Declaraci\u00f3n, la Legislatura manifiesta:<\/p>\n<p>\u201cSu preocupaci\u00f3n y rechazo ante cualquier intento de derogaci\u00f3n o alteraci\u00f3n del R\u00e9gimen de Zona Fr\u00eda previsto por la Ley Nacional N.\u00ba 27.637, destacando la importancia de su plena vigencia y continuidad, en virtud del impacto social, econ\u00f3mico y federal que representa para miles de hogares sanjuaninos\u201d.<\/p>\n<p><iframe loading=\"lazy\" title=\"Segunda Sesi\u00f3n Especial: R\u00e9gimen de Zona Fr\u00eda\" width=\"800\" height=\"450\" src=\"https:\/\/www.youtube.com\/embed\/XoigHlKht50?feature=oembed\" frameborder=\"0\" allow=\"accelerometer; autoplay; clipboard-write; encrypted-media; gyroscope; picture-in-picture; web-share\" referrerpolicy=\"strict-origin-when-cross-origin\" allowfullscreen><\/iframe><\/p>\n<p>Durante el debate, tambi\u00e9n expresaron su apoyo a la iniciativa los diputados Cristina L\u00f3pez, Mario Herrero, Federico Rizo, Leopoldo Soler, Alejandra Leonardo, Gustavo Deguer y Juan Carlos Quiroga Moyano. En tanto, el diputado Fernando Patinella expuso los fundamentos de su voto negativo.<\/p>\n<p>Cabe destacar que el R\u00e9gimen de Zona Fr\u00eda contempla tarifas diferenciales en el consumo de gas natural para regiones con bajas temperaturas, beneficiando a numerosos hogares de la provincia. Por ello, la Legislatura considera esencial su mantenimiento como una herramienta de equidad energ\u00e9tica y justicia social.<\/p>\n<p>&nbsp;<\/p>\n<p><img loading=\"lazy\" decoding=\"async\" class=\"size-full wp-image-37951\" src=\"https:\/\/vocesparalelas.com.ar\/sitio\/wp-content\/uploads\/2021\/05\/CAMARA-EDIFICIO.jpg\" alt=\"\" width=\"800\" height=\"515\" srcset=\"https:\/\/vocesparalelas.com.ar\/sitio\/wp-content\/uploads\/2021\/05\/CAMARA-EDIFICIO.jpg 800w, https:\/\/vocesparalelas.com.ar\/sitio\/wp-content\/uploads\/2021\/05\/CAMARA-EDIFICIO-300x193.jpg 300w, https:\/\/vocesparalelas.com.ar\/sitio\/wp-content\/uploads\/2021\/05\/CAMARA-EDIFICIO-768x494.jpg 768w\" sizes=\"auto, (max-width: 800px) 100vw, 800px\" \/><\/p>\n<p>Legislatura Provincial de San Juan, Rep\u00fablica Argentina<\/p>\n","protected":false},"excerpt":{"rendered":"<p>En el marco de una Sesi\u00f3n Especial celebrada el Mi\u00e9rcoles, 15 de Octubre, la C\u00e1mara de Diputados de San Juan<\/p>\n","protected":false},"author":3,"featured_media":92645,"comment_status":"closed","ping_status":"closed","sticky":false,"template":"","format":"standard","meta":{"_acf_changed":false,"_seopress_robots_primary_cat":"none","_seopress_titles_title":"","_seopress_titles_desc":"","_seopress_robots_index":"","colormag_page_container_layout":"default_layout","colormag_page_sidebar_layout":"default_layout","footnotes":""},"categories":[1,7],"tags":[],"class_list":["post-92641","post","type-post","status-publish","format-standard","has-post-thumbnail","hentry","category-destacadas","category-videos"],"acf":[],"_links":{"self":[{"href":"https:\/\/vocesparalelas.com.ar\/sitio\/wp-json\/wp\/v2\/posts\/92641","targetHints":{"allow":["GET"]}}],"collection":[{"href":"https:\/\/vocesparalelas.com.ar\/sitio\/wp-json\/wp\/v2\/posts"}],"about":[{"href":"https:\/\/vocesparalelas.com.ar\/sitio\/wp-json\/wp\/v2\/types\/post"}],"author":[{"embeddable":true,"href":"https:\/\/vocesparalelas.com.ar\/sitio\/wp-json\/wp\/v2\/users\/3"}],"replies":[{"embeddable":true,"href":"https:\/\/vocesparalelas.com.ar\/sitio\/wp-json\/wp\/v2\/comments?post=92641"}],"version-history":[{"count":3,"href":"https:\/\/vocesparalelas.com.ar\/sitio\/wp-json\/wp\/v2\/posts\/92641\/revisions"}],"predecessor-version":[{"id":92647,"href":"https:\/\/vocesparalelas.com.ar\/sitio\/wp-json\/wp\/v2\/posts\/92641\/revisions\/92647"}],"wp:featuredmedia":[{"embeddable":true,"href":"https:\/\/vocesparalelas.com.ar\/sitio\/wp-json\/wp\/v2\/media\/92645"}],"wp:attachment":[{"href":"https:\/\/vocesparalelas.com.ar\/sitio\/wp-json\/wp\/v2\/media?parent=92641"}],"wp:term":[{"taxonomy":"category","embeddable":true,"href":"https:\/\/vocesparalelas.com.ar\/sitio\/wp-json\/wp\/v2\/categories?post=92641"},{"taxonomy":"post_tag","embeddable":true,"href":"https:\/\/vocesparalelas.com.ar\/sitio\/wp-json\/wp\/v2\/tags?post=92641"}],"curies":[{"name":"wp","href":"https:\/\/api.w.org\/{rel}","templated":true}]}}