{"id":92617,"date":"2025-10-15T11:50:24","date_gmt":"2025-10-15T14:50:24","guid":{"rendered":"https:\/\/vocesparalelas.com.ar\/sitio\/?p=92617"},"modified":"2025-10-16T10:38:34","modified_gmt":"2025-10-16T13:38:34","slug":"2-festival-de-las-aves-en-el-parque-presidente-sarmiento-en-san-juan","status":"publish","type":"post","link":"https:\/\/vocesparalelas.com.ar\/sitio\/2-festival-de-las-aves-en-el-parque-presidente-sarmiento-en-san-juan\/","title":{"rendered":"2\u00b0 Festival de las Aves en el Parque Presidente Sarmiento en San Juan"},"content":{"rendered":"<p>La Secretar\u00eda de Ambiente y Desarrollo Sustentable del Gobierno de San Juan invita a la comunidad a disfrutar del 2\u00b0 Festival de las Aves, que se desarrolla el S\u00e1bado, 18 de Octubre en el Parque Provincial Presidente Sarmiento, departamento Zonda.<\/p>\n<p>Este evento propone un espacio de encuentro entre la ciudadan\u00eda y la naturaleza, con actividades recreativas, educativas y culturales que promueven la observaci\u00f3n, el cuidado y la valoraci\u00f3n de las aves.<\/p>\n<p><strong><span style=\"color: #008000;\">Cronograma<\/span><\/strong><\/p>\n<ul>\n<li>De 7:30 a 11:00 hs. \u2013 Concurso Fotogr\u00e1fico \u201cEn Vivo\u201d.\u00a0Una propuesta destinada a todo p\u00fablico que invita a capturar la flora, fauna y paisajes del parque. Los participantes podr\u00e1n presentar im\u00e1genes tomadas durante la jornada, tanto con c\u00e1mara fotogr\u00e1fica como con tel\u00e9fono celular. A las 11:30 se seleccionar\u00e1n dos fotograf\u00edas por participante y un jurado elegir\u00e1 las ganadoras de cada categor\u00eda.<\/li>\n<li>De 9:30 a 11:00 hs. \u2013 Concurso de Pintura \u201cEl Color de las Aves\u201d. Actividad orientada a menores de 12 a\u00f1os, quienes pintan siluetas de aves aut\u00f3ctonas con t\u00e9mperas. Los materiales est\u00e1n incluidos y se entregan premios a las pinturas m\u00e1s destacadas, reconociendo la creatividad y el conocimiento sobre la avifauna provincial.<\/li>\n<li>De 10:00 a 10:30 hs. \u2013 Concurso de Barriletes \u201cVolando Alto\u201d. Una invitaci\u00f3n para que los m\u00e1s j\u00f3venes eleven su imaginaci\u00f3n y sus barriletes. Podr\u00e1n participar menores de 14 a\u00f1os, y se otorgar\u00e1n reconocimientos a aquellos barriletes que representen o est\u00e9n inspirados en aves. Cada participante deber\u00e1 llevar su propio barrilete.<\/li>\n<li>10:30 hs. \u2013 Charla audiovisual \u201cIntroducci\u00f3n a la Observaci\u00f3n de las Aves\u201d. Dictada por integrantes del COA San Juan (Club de Observadores de Aves), esta charla brindar\u00e1 herramientas b\u00e1sicas para el avistamiento responsable y la identificaci\u00f3n de especies locales. La actividad tiene una duraci\u00f3n aproximada de una hora y est\u00e1 destinada a todo p\u00fablico.<\/li>\n<li>11:00 hs. \u2013 Juego \u201cEl Nido Escondido\u201d. A trav\u00e9s de pistas y adivinanzas, los m\u00e1s peque\u00f1os (menores de 8 a\u00f1os) participan de una divertida b\u00fasqueda para descubrir el \u201cnido escondido\u201d, fomentando la curiosidad y el aprendizaje sobre los h\u00e1bitos de las aves.<\/li>\n<\/ul>\n<p>Adem\u00e1s, el festival cuenta con una feria ambiental y educativa, con la participaci\u00f3n de la Escuela Agrot\u00e9cnica de Zonda, la Fundaci\u00f3n Azara, EOS y Bodega Xumek muestra los trabajos realizados en conjunto con la Secretar\u00eda.<\/p>\n<p>Tambi\u00e9n hay stands de las diferentes \u00e1reas de la Secretar\u00eda de Ambiente, como el Centro Ambiental Anchipurac, la direcci\u00f3n de Bosques Nativos, Parque de la Biodiversidad, la direcci\u00f3n de Conservaci\u00f3n donde el p\u00fablico podr\u00e1 conocer las acciones provinciales en materia de conservaci\u00f3n, biodiversidad, bosques nativos, vivero y educaci\u00f3n ambiental entre otros temas.<\/p>\n<p>El Segundo Festival de las Aves es una oportunidad para disfrutar en familia y reafirmar el compromiso de San Juan con la protecci\u00f3n de su fauna silvestre, promoviendo la observaci\u00f3n responsable y el respeto por la naturaleza.<\/p>\n<p><strong><span style=\"color: #008000;\">Consultas generales<\/span><\/strong><\/p>\n<ul>\n<li>264-5108678<\/li>\n<\/ul>\n<p><img loading=\"lazy\" decoding=\"async\" class=\"alignnone size-full wp-image-82054\" src=\"https:\/\/vocesparalelas.com.ar\/sitio\/wp-content\/uploads\/2025\/01\/AMBIENTE-PARQUE-01.jpg\" alt=\"\" width=\"800\" height=\"507\" srcset=\"https:\/\/vocesparalelas.com.ar\/sitio\/wp-content\/uploads\/2025\/01\/AMBIENTE-PARQUE-01.jpg 800w, https:\/\/vocesparalelas.com.ar\/sitio\/wp-content\/uploads\/2025\/01\/AMBIENTE-PARQUE-01-300x190.jpg 300w, https:\/\/vocesparalelas.com.ar\/sitio\/wp-content\/uploads\/2025\/01\/AMBIENTE-PARQUE-01-768x487.jpg 768w\" sizes=\"auto, (max-width: 800px) 100vw, 800px\" \/><\/p>\n","protected":false},"excerpt":{"rendered":"<p>La Secretar\u00eda de Ambiente y Desarrollo Sustentable del Gobierno de San Juan invita a la comunidad a disfrutar del 2\u00b0<\/p>\n","protected":false},"author":3,"featured_media":92620,"comment_status":"closed","ping_status":"closed","sticky":false,"template":"","format":"standard","meta":{"_acf_changed":false,"_seopress_robots_primary_cat":"none","_seopress_titles_title":"","_seopress_titles_desc":"","_seopress_robots_index":"","colormag_page_container_layout":"default_layout","colormag_page_sidebar_layout":"default_layout","footnotes":""},"categories":[5],"tags":[],"class_list":["post-92617","post","type-post","status-publish","format-standard","has-post-thumbnail","hentry","category-ofrecimientos"],"acf":[],"_links":{"self":[{"href":"https:\/\/vocesparalelas.com.ar\/sitio\/wp-json\/wp\/v2\/posts\/92617","targetHints":{"allow":["GET"]}}],"collection":[{"href":"https:\/\/vocesparalelas.com.ar\/sitio\/wp-json\/wp\/v2\/posts"}],"about":[{"href":"https:\/\/vocesparalelas.com.ar\/sitio\/wp-json\/wp\/v2\/types\/post"}],"author":[{"embeddable":true,"href":"https:\/\/vocesparalelas.com.ar\/sitio\/wp-json\/wp\/v2\/users\/3"}],"replies":[{"embeddable":true,"href":"https:\/\/vocesparalelas.com.ar\/sitio\/wp-json\/wp\/v2\/comments?post=92617"}],"version-history":[{"count":1,"href":"https:\/\/vocesparalelas.com.ar\/sitio\/wp-json\/wp\/v2\/posts\/92617\/revisions"}],"predecessor-version":[{"id":92621,"href":"https:\/\/vocesparalelas.com.ar\/sitio\/wp-json\/wp\/v2\/posts\/92617\/revisions\/92621"}],"wp:featuredmedia":[{"embeddable":true,"href":"https:\/\/vocesparalelas.com.ar\/sitio\/wp-json\/wp\/v2\/media\/92620"}],"wp:attachment":[{"href":"https:\/\/vocesparalelas.com.ar\/sitio\/wp-json\/wp\/v2\/media?parent=92617"}],"wp:term":[{"taxonomy":"category","embeddable":true,"href":"https:\/\/vocesparalelas.com.ar\/sitio\/wp-json\/wp\/v2\/categories?post=92617"},{"taxonomy":"post_tag","embeddable":true,"href":"https:\/\/vocesparalelas.com.ar\/sitio\/wp-json\/wp\/v2\/tags?post=92617"}],"curies":[{"name":"wp","href":"https:\/\/api.w.org\/{rel}","templated":true}]}}