{"id":92611,"date":"2025-10-15T11:37:24","date_gmt":"2025-10-15T14:37:24","guid":{"rendered":"https:\/\/vocesparalelas.com.ar\/sitio\/?p=92611"},"modified":"2025-10-16T10:36:47","modified_gmt":"2025-10-16T13:36:47","slug":"fundacion-banco-san-juan-dicta-el-taller-educativo-gratuito-emprende-digital","status":"publish","type":"post","link":"https:\/\/vocesparalelas.com.ar\/sitio\/fundacion-banco-san-juan-dicta-el-taller-educativo-gratuito-emprende-digital\/","title":{"rendered":"Fundaci\u00f3n Banco San Juan dicta el Taller Educativo gratuito \u201cEmprende Digital\u201d"},"content":{"rendered":"<p>La actividad, denominada Emprende Digital, es una propuesta gratuita que ofrece capacitaci\u00f3n en herramientas digitales y financieras aplicadas a la gesti\u00f3n comercial. La convocatoria est\u00e1 abierta hasta el 22 de Octubre de 2025.<\/p>\n<p>Fundaci\u00f3n Banco San Juan lleva adelante el taller educativo gratuito \u201cEmprende Digital\u201d, dirigido a personas mayores de 18 a\u00f1os, con o sin experiencia laboral, emprendedores y\/o profesionales, que deseen potenciar sus herramientas de gesti\u00f3n e incorporar conocimientos de inteligencia artificial &#8211; IA &#8211; a sus actividades comerciales.<\/p>\n<p>El taller se realiza el 23 de Octubre, a las 18 hs.; en la sucursal Rivadavia de Banco San Juan, Av. Libertador 5227 &#8211; O &#8211; , y est\u00e1 a cargo del Consejo Profesional de Ciencias Econ\u00f3micas de San Juan.<\/p>\n<p>El encuentro tiene por objetivo brindar conocimientos en tecnolog\u00eda, finanzas y estrategias, a personas mayores de 18 a\u00f1os que quieran aprender a utilizar herramientas digitales e inteligencia artificial, mejorar la gesti\u00f3n de sus negocios, incorporar h\u00e1bitos financieros saludables y profesionalizar sus ventas.<\/p>\n<p>Durante la jornada se abordar\u00e1n tem\u00e1ticas clave para el desarrollo de emprendimientos y actividades independientes, tales como:<\/p>\n<ul>\n<li>Introducci\u00f3n al marketing digital actual<\/li>\n<li>Herramientas digitales integrales<\/li>\n<li>Aplicaci\u00f3n Pr\u00e1ctica<\/li>\n<li>Inclusi\u00f3n financiera<\/li>\n<\/ul>\n<p>Los interesados deben completar el formulario de inscripci\u00f3n, hasta el 22 de Octubre<\/p>\n<p><a href=\"https:\/\/www.fundacionesgrupopetersen.com.ar\/desarrollo-de-comunidades-san-juan\/#talleres\">https:\/\/www.fundacionesgrupopetersen.com.ar\/desarrollo-de-comunidades-san-juan\/#talleres<\/a><\/p>\n<p>Desarrollo de Comunidades &#8211; San Juan &#8211; Fundaciones Grupo Petersen<\/p>\n<p><span style=\"color: #ff9900;\"><strong>Para consultas y m\u00e1s informaci\u00f3n<\/strong><\/span><\/p>\n<p>Comunicarse a los siguientes tel\u00e9fonos: +54 9 264 6 258706 \/ +54 9 264 6 629195. Cupos limitados<\/p>\n<p>\u201cEmprende Digital\u201d es una propuesta realizada en el marco de \u201cDesarrollo de Comunidades\u201d, el programa que las Fundaciones Grupo Petersen<\/p>\n<ul>\n<li>Fundaci\u00f3n Banco San Juan,<\/li>\n<li>Fundaci\u00f3n Banco Santa Fe,<\/li>\n<li>Fundaci\u00f3n Banco Entre R\u00edos y<\/li>\n<li>Fundaci\u00f3n Banco Santa Cruz<\/li>\n<\/ul>\n<p>Impulsan en sus regiones, para fortalecer capacidades locales y promover oportunidades de crecimiento entre j\u00f3venes y adultos de cada comunidad.<\/p>\n<p><img loading=\"lazy\" decoding=\"async\" class=\"alignnone size-full wp-image-90417\" src=\"https:\/\/vocesparalelas.com.ar\/sitio\/wp-content\/uploads\/2025\/08\/RIVADAVIA-BANCO-SAN-JUAN-03.jpg\" alt=\"\" width=\"800\" height=\"492\" srcset=\"https:\/\/vocesparalelas.com.ar\/sitio\/wp-content\/uploads\/2025\/08\/RIVADAVIA-BANCO-SAN-JUAN-03.jpg 800w, https:\/\/vocesparalelas.com.ar\/sitio\/wp-content\/uploads\/2025\/08\/RIVADAVIA-BANCO-SAN-JUAN-03-300x185.jpg 300w, https:\/\/vocesparalelas.com.ar\/sitio\/wp-content\/uploads\/2025\/08\/RIVADAVIA-BANCO-SAN-JUAN-03-768x472.jpg 768w\" sizes=\"auto, (max-width: 800px) 100vw, 800px\" \/><\/p>\n","protected":false},"excerpt":{"rendered":"<p>La actividad, denominada Emprende Digital, es una propuesta gratuita que ofrece capacitaci\u00f3n en herramientas digitales y financieras aplicadas a la<\/p>\n","protected":false},"author":3,"featured_media":92615,"comment_status":"closed","ping_status":"closed","sticky":false,"template":"","format":"standard","meta":{"_acf_changed":false,"_seopress_robots_primary_cat":"none","_seopress_titles_title":"","_seopress_titles_desc":"","_seopress_robots_index":"","colormag_page_container_layout":"default_layout","colormag_page_sidebar_layout":"default_layout","footnotes":""},"categories":[9],"tags":[],"class_list":["post-92611","post","type-post","status-publish","format-standard","has-post-thumbnail","hentry","category-cursos"],"acf":[],"_links":{"self":[{"href":"https:\/\/vocesparalelas.com.ar\/sitio\/wp-json\/wp\/v2\/posts\/92611","targetHints":{"allow":["GET"]}}],"collection":[{"href":"https:\/\/vocesparalelas.com.ar\/sitio\/wp-json\/wp\/v2\/posts"}],"about":[{"href":"https:\/\/vocesparalelas.com.ar\/sitio\/wp-json\/wp\/v2\/types\/post"}],"author":[{"embeddable":true,"href":"https:\/\/vocesparalelas.com.ar\/sitio\/wp-json\/wp\/v2\/users\/3"}],"replies":[{"embeddable":true,"href":"https:\/\/vocesparalelas.com.ar\/sitio\/wp-json\/wp\/v2\/comments?post=92611"}],"version-history":[{"count":1,"href":"https:\/\/vocesparalelas.com.ar\/sitio\/wp-json\/wp\/v2\/posts\/92611\/revisions"}],"predecessor-version":[{"id":92616,"href":"https:\/\/vocesparalelas.com.ar\/sitio\/wp-json\/wp\/v2\/posts\/92611\/revisions\/92616"}],"wp:featuredmedia":[{"embeddable":true,"href":"https:\/\/vocesparalelas.com.ar\/sitio\/wp-json\/wp\/v2\/media\/92615"}],"wp:attachment":[{"href":"https:\/\/vocesparalelas.com.ar\/sitio\/wp-json\/wp\/v2\/media?parent=92611"}],"wp:term":[{"taxonomy":"category","embeddable":true,"href":"https:\/\/vocesparalelas.com.ar\/sitio\/wp-json\/wp\/v2\/categories?post=92611"},{"taxonomy":"post_tag","embeddable":true,"href":"https:\/\/vocesparalelas.com.ar\/sitio\/wp-json\/wp\/v2\/tags?post=92611"}],"curies":[{"name":"wp","href":"https:\/\/api.w.org\/{rel}","templated":true}]}}