{"id":92589,"date":"2025-10-14T19:53:11","date_gmt":"2025-10-14T22:53:11","guid":{"rendered":"https:\/\/vocesparalelas.com.ar\/sitio\/?p=92589"},"modified":"2025-10-15T18:38:54","modified_gmt":"2025-10-15T21:38:54","slug":"san-juan-septiembre-2025-alcanzo-una-inflacion-de-1-9","status":"publish","type":"post","link":"https:\/\/vocesparalelas.com.ar\/sitio\/san-juan-septiembre-2025-alcanzo-una-inflacion-de-1-9\/","title":{"rendered":"San Juan \u00abSeptiembre 2025\u00bb alcanz\u00f3 una inflaci\u00f3n de\u00a01.9 %"},"content":{"rendered":"<p>El Ministerio de Econom\u00eda, Finanzas y Hacienda del Gobierno de San Juan, a trav\u00e9s del Instituto de Investigaciones Econ\u00f3micas y Estad\u00edsticas &#8211; IIEE &#8211; de San Juan, inform\u00f3 que el nivel general del \u00cdndice de precios al consumidor registr\u00f3 un alza mensual de 1,9% en Septiembre de 2025, y acumul\u00f3 en el a\u00f1o una variaci\u00f3n de 20,1%.<\/p>\n<p>En la comparaci\u00f3n interanual, el incremento alcanz\u00f3 el 27,5 %. Cabe destacar que la variaci\u00f3n de los precios al consumidor de la Regi\u00f3n de Cuyo alcanz\u00f3 un valor de 2,2 %.<\/p>\n<p>Las divisiones que registraron menores variaciones fueron<\/p>\n<ul>\n<li>Educaci\u00f3n 1,0%,<\/li>\n<li>Vivienda, agua, electricidad y otros combustibles 1,1%,<\/li>\n<li>Alimentos y bebidas no alcoh\u00f3licas 1,4 %,<\/li>\n<li>Comunicaciones 1,5%,<\/li>\n<li>Bienes y servicios diversos 1,6% y<\/li>\n<li>Bebidas alcoh\u00f3licas y tabaco 1,7%.<\/li>\n<li>Equipamiento y mantenimiento del hogar 1,8% tuvo una similar variaci\u00f3n al nivel general del \u00cdndice.<\/li>\n<\/ul>\n<p>Las divisiones con mayor aumento en el mes fueron<\/p>\n<ul>\n<li>Prendas de vestir y calzados 3,4 %, con subas en Prendas de vestir<\/li>\n<li>Recreaci\u00f3n y cultura 2,6 %, principalmente por incrementos en servicios culturales;<\/li>\n<li>Transporte 2,5 %,<\/li>\n<li>Restaurantes y hoteles 2,5 % y<\/li>\n<li>Salud 2,1 %<\/li>\n<\/ul>\n<p>Cabe resaltar, en cuanto a sus caracter\u00edsticas metodol\u00f3gicas, que el IPC de San Juan se construye a partir del seguimiento de una canasta de 557 productos, en 914 informantes distribuidos en el Gran San Juan, lo que permite recolectar aproximadamente 19.000 precios al mes.<\/p>\n<p>Esta tarea se realiza mediante el uso de tablets, lo que agiliza la recolecci\u00f3n, mejora la precisi\u00f3n y digitaliza por completo el proceso de captura de datos en el territorio.<\/p>\n<p><img loading=\"lazy\" decoding=\"async\" class=\"alignnone size-full wp-image-65642\" src=\"https:\/\/vocesparalelas.com.ar\/sitio\/wp-content\/uploads\/2023\/11\/GOBIERNO-SAN-JUAN.jpg\" alt=\"\" width=\"800\" height=\"600\" srcset=\"https:\/\/vocesparalelas.com.ar\/sitio\/wp-content\/uploads\/2023\/11\/GOBIERNO-SAN-JUAN.jpg 800w, https:\/\/vocesparalelas.com.ar\/sitio\/wp-content\/uploads\/2023\/11\/GOBIERNO-SAN-JUAN-300x225.jpg 300w, https:\/\/vocesparalelas.com.ar\/sitio\/wp-content\/uploads\/2023\/11\/GOBIERNO-SAN-JUAN-768x576.jpg 768w\" sizes=\"auto, (max-width: 800px) 100vw, 800px\" \/><\/p>\n","protected":false},"excerpt":{"rendered":"<p>El Ministerio de Econom\u00eda, Finanzas y Hacienda del Gobierno de San Juan, a trav\u00e9s del Instituto de Investigaciones Econ\u00f3micas y<\/p>\n","protected":false},"author":3,"featured_media":51387,"comment_status":"closed","ping_status":"closed","sticky":false,"template":"","format":"standard","meta":{"_acf_changed":false,"_seopress_robots_primary_cat":"none","_seopress_titles_title":"","_seopress_titles_desc":"","_seopress_robots_index":"","colormag_page_container_layout":"default_layout","colormag_page_sidebar_layout":"default_layout","footnotes":""},"categories":[10],"tags":[],"class_list":["post-92589","post","type-post","status-publish","format-standard","has-post-thumbnail","hentry","category-opiniones"],"acf":[],"_links":{"self":[{"href":"https:\/\/vocesparalelas.com.ar\/sitio\/wp-json\/wp\/v2\/posts\/92589","targetHints":{"allow":["GET"]}}],"collection":[{"href":"https:\/\/vocesparalelas.com.ar\/sitio\/wp-json\/wp\/v2\/posts"}],"about":[{"href":"https:\/\/vocesparalelas.com.ar\/sitio\/wp-json\/wp\/v2\/types\/post"}],"author":[{"embeddable":true,"href":"https:\/\/vocesparalelas.com.ar\/sitio\/wp-json\/wp\/v2\/users\/3"}],"replies":[{"embeddable":true,"href":"https:\/\/vocesparalelas.com.ar\/sitio\/wp-json\/wp\/v2\/comments?post=92589"}],"version-history":[{"count":3,"href":"https:\/\/vocesparalelas.com.ar\/sitio\/wp-json\/wp\/v2\/posts\/92589\/revisions"}],"predecessor-version":[{"id":92594,"href":"https:\/\/vocesparalelas.com.ar\/sitio\/wp-json\/wp\/v2\/posts\/92589\/revisions\/92594"}],"wp:featuredmedia":[{"embeddable":true,"href":"https:\/\/vocesparalelas.com.ar\/sitio\/wp-json\/wp\/v2\/media\/51387"}],"wp:attachment":[{"href":"https:\/\/vocesparalelas.com.ar\/sitio\/wp-json\/wp\/v2\/media?parent=92589"}],"wp:term":[{"taxonomy":"category","embeddable":true,"href":"https:\/\/vocesparalelas.com.ar\/sitio\/wp-json\/wp\/v2\/categories?post=92589"},{"taxonomy":"post_tag","embeddable":true,"href":"https:\/\/vocesparalelas.com.ar\/sitio\/wp-json\/wp\/v2\/tags?post=92589"}],"curies":[{"name":"wp","href":"https:\/\/api.w.org\/{rel}","templated":true}]}}