{"id":92565,"date":"2025-10-14T11:59:31","date_gmt":"2025-10-14T14:59:31","guid":{"rendered":"https:\/\/vocesparalelas.com.ar\/sitio\/?p=92565"},"modified":"2025-10-14T20:40:53","modified_gmt":"2025-10-14T23:40:53","slug":"maraton-de-gendarmeria-2025-en-san-juan","status":"publish","type":"post","link":"https:\/\/vocesparalelas.com.ar\/sitio\/maraton-de-gendarmeria-2025-en-san-juan\/","title":{"rendered":"Marat\u00f3n de Gendarmer\u00eda 2025 en San Juan"},"content":{"rendered":"<p>Una vez m\u00e1s el mundo del running tiene uno de los cl\u00e1sicos del calendario deportivo de San Juan, el Domingo, 19 de Octubre, la Marat\u00f3n de Gendarmer\u00eda 2025 tiene una nueva edici\u00f3n con un gran n\u00famero de corredores inscriptos.<\/p>\n<p>La organizaci\u00f3n ya confirm\u00f3 los distintos trazados que recorren los atletas y que invitan a disfrutar de los paisajes \u00fanicos de la Ruta del Sol y el Dique de Ullum.<\/p>\n<p><strong><span style=\"color: #ff6600;\">Circuitos<\/span><\/strong><\/p>\n<ul>\n<li><strong><span style=\"color: #ff6600;\">3K Participativo:\u00a0<\/span><\/strong>El trayecto pensado para quienes se inician en el running o buscan disfrutar en familia. Los corredores avanzan por la Ruta del Sol en direcci\u00f3n al Dique de Ullum y hacen el retorno en el ingreso a El Pinar, para luego regresar al punto de largada.<\/li>\n<li><strong><span style=\"color: #ff6600;\">10K Competitivo: <\/span><\/strong>Los participantes recorren la Ruta del Sol rumbo al Dique de Ullum y tienen su punto de retorno en la rotonda de La Cer\u00e1mica, completando as\u00ed un circuito exigente y din\u00e1mico.<\/li>\n<li><span style=\"color: #ff6600;\"><strong>15K Competitivo: <\/strong><\/span>La distancia mayor lleva a los corredores a atravesar paisajes emblem\u00e1ticos: pasan el Dique de Ullum, suben el pared\u00f3n y hacen el giro a 100 metros del ingreso a Punta Tabasco, antes de volver hacia la meta en el Escuadr\u00f3n.<\/li>\n<\/ul>\n<p>Todav\u00eda hay tiempo para la inscripci\u00f3n online, a trav\u00e9s de la p\u00e1gina oficial<\/p>\n<p><a href=\"https:\/\/esfuerzodeportivo.com\/maratondegendarmeria2025?fbclid=PAZXh0bgNhZW0CMTEAAaeFe4-fOBjG2QWb9bjfzcYWnhXyrTfAWTtQY487PA0PWyu8VEawCOUdzZAszA_aem_vPdf5CS2qZg7EpPYVAqIZg\">https:\/\/esfuerzodeportivo.com\/maratondegendarmeria2025?fbclid=PAZXh0bgNhZW0CMTEAAaeFe4-fOBjG2QWb9bjfzcYWnhXyrTfAWTtQY487PA0PWyu8VEawCOUdzZAszA_aem_vPdf5CS2qZg7EpPYVAqIZg<\/a><\/p>\n<p>o de manera presencial en el local de Rustik, Hip\u00f3lito Yrigoyen 41 &#8211; S &#8211; Rivadavia<\/p>\n<p>En cuanto a las acreditaciones son en el local de R\u00fastik<\/p>\n<ul>\n<li>Viernes, 17 de Octubre, de 9 a 13 hs y 17 a 21 hs<\/li>\n<li>S\u00e1bado, 18 de Octubre, de 9 a 14 hs<\/li>\n<\/ul>\n<p><img loading=\"lazy\" decoding=\"async\" class=\"alignnone size-large wp-image-7730\" src=\"https:\/\/vocesparalelas.com.ar\/sitio\/wp-content\/uploads\/2017\/11\/MARATON-IGUALDAD-800x450.jpg\" alt=\"\" width=\"800\" height=\"450\" srcset=\"https:\/\/vocesparalelas.com.ar\/sitio\/wp-content\/uploads\/2017\/11\/MARATON-IGUALDAD-800x450.jpg 800w, https:\/\/vocesparalelas.com.ar\/sitio\/wp-content\/uploads\/2017\/11\/MARATON-IGUALDAD-300x169.jpg 300w, https:\/\/vocesparalelas.com.ar\/sitio\/wp-content\/uploads\/2017\/11\/MARATON-IGUALDAD-768x432.jpg 768w, https:\/\/vocesparalelas.com.ar\/sitio\/wp-content\/uploads\/2017\/11\/MARATON-IGUALDAD.jpg 1024w\" sizes=\"auto, (max-width: 800px) 100vw, 800px\" \/><\/p>\n","protected":false},"excerpt":{"rendered":"<p>Una vez m\u00e1s el mundo del running tiene uno de los cl\u00e1sicos del calendario deportivo de San Juan, el Domingo,<\/p>\n","protected":false},"author":3,"featured_media":92568,"comment_status":"closed","ping_status":"closed","sticky":false,"template":"","format":"standard","meta":{"_acf_changed":false,"_seopress_robots_primary_cat":"none","_seopress_titles_title":"","_seopress_titles_desc":"","_seopress_robots_index":"","colormag_page_container_layout":"default_layout","colormag_page_sidebar_layout":"default_layout","footnotes":""},"categories":[8],"tags":[],"class_list":["post-92565","post","type-post","status-publish","format-standard","has-post-thumbnail","hentry","category-concursos"],"acf":[],"_links":{"self":[{"href":"https:\/\/vocesparalelas.com.ar\/sitio\/wp-json\/wp\/v2\/posts\/92565","targetHints":{"allow":["GET"]}}],"collection":[{"href":"https:\/\/vocesparalelas.com.ar\/sitio\/wp-json\/wp\/v2\/posts"}],"about":[{"href":"https:\/\/vocesparalelas.com.ar\/sitio\/wp-json\/wp\/v2\/types\/post"}],"author":[{"embeddable":true,"href":"https:\/\/vocesparalelas.com.ar\/sitio\/wp-json\/wp\/v2\/users\/3"}],"replies":[{"embeddable":true,"href":"https:\/\/vocesparalelas.com.ar\/sitio\/wp-json\/wp\/v2\/comments?post=92565"}],"version-history":[{"count":1,"href":"https:\/\/vocesparalelas.com.ar\/sitio\/wp-json\/wp\/v2\/posts\/92565\/revisions"}],"predecessor-version":[{"id":92569,"href":"https:\/\/vocesparalelas.com.ar\/sitio\/wp-json\/wp\/v2\/posts\/92565\/revisions\/92569"}],"wp:featuredmedia":[{"embeddable":true,"href":"https:\/\/vocesparalelas.com.ar\/sitio\/wp-json\/wp\/v2\/media\/92568"}],"wp:attachment":[{"href":"https:\/\/vocesparalelas.com.ar\/sitio\/wp-json\/wp\/v2\/media?parent=92565"}],"wp:term":[{"taxonomy":"category","embeddable":true,"href":"https:\/\/vocesparalelas.com.ar\/sitio\/wp-json\/wp\/v2\/categories?post=92565"},{"taxonomy":"post_tag","embeddable":true,"href":"https:\/\/vocesparalelas.com.ar\/sitio\/wp-json\/wp\/v2\/tags?post=92565"}],"curies":[{"name":"wp","href":"https:\/\/api.w.org\/{rel}","templated":true}]}}