{"id":92484,"date":"2025-10-13T20:33:11","date_gmt":"2025-10-13T23:33:11","guid":{"rendered":"https:\/\/vocesparalelas.com.ar\/sitio\/?p=92484"},"modified":"2025-10-14T13:06:17","modified_gmt":"2025-10-14T16:06:17","slug":"sumate-a-la-xiii-caminata-contra-el-cancer-de-mama-crear-conciencia-es-la-meta-en-san-juan","status":"publish","type":"post","link":"https:\/\/vocesparalelas.com.ar\/sitio\/sumate-a-la-xiii-caminata-contra-el-cancer-de-mama-crear-conciencia-es-la-meta-en-san-juan\/","title":{"rendered":"Sumate a la XIII Caminata contra el C\u00e1ncer de Mama \u201cCrear Conciencia es la Meta\u201d en San Juan"},"content":{"rendered":"<p>En la Casa de Gobierno de San Juan, se realiz\u00f3 la presentaci\u00f3n de la XIII Caminata de Concientizaci\u00f3n sobre el C\u00e1ncer de Mama \u201cCrear Conciencia es la Meta\u201d, organizada por la Fundaci\u00f3n Sanatorio Argentino junto al Ministerio de Turismo, Cultura y Deporte, el Ministerio de Salud del Gobierno de San Juan y la Municipalidad de la Ciudad de San Juan y se desarrolla el S\u00e1bado, 18 de Octubre, a las 11 s.; frente al Estadio Dr. Aldo Cantoni.<\/p>\n<p>Asistieron el gobernador de San Juan, Dr. Marcelo Orrego; el presidente de la Fundaci\u00f3n Sanatorio Argentino, Dr. Alberto Buteler; ministro de Salud, Dr. Amilcar Dobladez; de Turismo, Cultura y Deporte, Dr. Guido Romero; intendenta de Capital, Dra. Susana Laciar; funcionarios provinciales y municipales, integrantes de la fundaci\u00f3n, Jer\u00e1rquicos Salud y medios de comunicaci\u00f3n.<\/p>\n<p>La caminata invita a reforzar la importancia de la detecci\u00f3n temprana y los controles peri\u00f3dicos como herramientas fundamentales para salvar vidas. Esta iniciativa, que ya cumple trece a\u00f1os, busca concientizar sobre la prevenci\u00f3n del c\u00e1ncer de mama y transmitir que detr\u00e1s de cada diagn\u00f3stico a tiempo hay historias que contin\u00faan, familias que respiran aliviadas y un futuro que se renueva.<\/p>\n<p>En este contexto, el el presidente de la Fundaci\u00f3n Sanatorio Argentino, Dr. Alberto Buteler puntualiz\u00f3 que \u00abla presencia del gobernador, del ministro de Salud y de la intendenta de Capital refuerza la importancia de esta marat\u00f3n, que a\u00f1o tras a\u00f1o marca un hito en nuestra provincia. Con 22.000 nuevos casos de c\u00e1ncer de mama por a\u00f1o en el pa\u00eds, y sabiendo que una de cada ocho mujeres lo desarrollar\u00e1 en su vida, nuestra misi\u00f3n es promover la detecci\u00f3n temprana a trav\u00e9s de la concientizaci\u00f3n. Invitamos a todas las mujeres de San Juan a sumarse para lograr que este mensaje llegue a toda la comunidad\u201d.<\/p>\n<p><iframe loading=\"lazy\" title=\"SAN JUAN DR CARLOS BUTELER \" width=\"800\" height=\"450\" src=\"https:\/\/www.youtube.com\/embed\/LD5YrbeB2T8?feature=oembed\" frameborder=\"0\" allow=\"accelerometer; autoplay; clipboard-write; encrypted-media; gyroscope; picture-in-picture; web-share\" referrerpolicy=\"strict-origin-when-cross-origin\" allowfullscreen><\/iframe><\/p>\n<p>&nbsp;<\/p>\n<p>Posteriormente, el ministro de Salud, Dr. Amilcar Dobladez remarc\u00f3 que \u00abla uni\u00f3n de dos ministerios, un municipio y el gobierno provincial demuestra la importancia de trabajar juntos por la concientizaci\u00f3n sobre el c\u00e1ncer de mama. Hemos duplicado la cantidad de mam\u00f3grafos y acercamos unidades sanitarias m\u00f3viles a lugares rec\u00f3nditos, pero lo fundamental es que las mujeres se acerquen a hacerse los estudios. Este trabajo conjunto nos permite llegar de manera m\u00e1s eficaz y eficiente, y nos llena de orgullo colaborar con la Fundaci\u00f3n Sanatorio Argentino en una nueva edici\u00f3n de esta caminata\u201d.<\/p>\n<p><iframe loading=\"lazy\" title=\"SAN JUAN MINISTRO DR AMILCAR DOBLADEZ \" width=\"800\" height=\"450\" src=\"https:\/\/www.youtube.com\/embed\/4ToRMaOoUSE?feature=oembed\" frameborder=\"0\" allow=\"accelerometer; autoplay; clipboard-write; encrypted-media; gyroscope; picture-in-picture; web-share\" referrerpolicy=\"strict-origin-when-cross-origin\" allowfullscreen><\/iframe><\/p>\n<p>&nbsp;<\/p>\n<p>Finalmente, el gobernador de San Juan, Dr. Marcelo Orrego sintetiz\u00f3 que \u00abpara m\u00ed, esta caminata trasciende lo deportivo, es un acto de amor, compromiso y esperanza. La detecci\u00f3n temprana y la prevenci\u00f3n del c\u00e1ncer de mama son fundamentales, y juntos, lo p\u00fablico y lo privado, podemos llegar a m\u00e1s mujeres y generar conciencia. Los esperamos el 18 de octubre para caminar, colaborar y reafirmar que juntos podemos hacer posible la prevenci\u00f3n y acompa\u00f1ar a quienes padecen esta enfermedad\u00bb.<\/p>\n<p>&nbsp;<\/p>\n<p>&nbsp;<\/p>\n<p><iframe loading=\"lazy\" title=\"SAN JUAN GOBERNADOR DR MARCELO ORREGO \" width=\"800\" height=\"450\" src=\"https:\/\/www.youtube.com\/embed\/my6-L_hW1r0?feature=oembed\" frameborder=\"0\" allow=\"accelerometer; autoplay; clipboard-write; encrypted-media; gyroscope; picture-in-picture; web-share\" referrerpolicy=\"strict-origin-when-cross-origin\" allowfullscreen><\/iframe><\/p>\n<p>La caminata se realizar\u00e1 el s\u00e1bado 18 de octubre a las 11, desde el Estadio Aldo Cantoni.<\/p>\n<p>La propuesta trasciende lo deportivo y se convierte en un acto de compromiso, solidaridad y esperanza, donde la comunidad se une para caminar por la vida y la salud.<\/p>\n<p>Son 3 kil\u00f3metros abiertos al p\u00fablico en general, para crear conciencia y acompa\u00f1ar a quienes transitan la enfermedad.<\/p>\n<p>Quienes se inscribieron, pueden retirar el comprobante de remera presencialmente en el Trailler de la Fundaci\u00f3n Sanatorio Argentino, San Luis 432 &#8211; O -, Capital.<\/p>\n<p>Pueden asistir desde el Martes, 14 hasta el Viernes 17 de Octubre, de 8,30 a 12,30 hs., donde se entregan el respectivo comprobante para solicitar la remera el mismo d\u00eda del encuentro en la puerta del estadio, de 8,30 a 10 hs.<\/p>\n<p><img loading=\"lazy\" decoding=\"async\" class=\"alignnone size-full wp-image-78502\" src=\"https:\/\/vocesparalelas.com.ar\/sitio\/wp-content\/uploads\/2024\/10\/MARATON-CANCER-2024-02.jpg\" alt=\"\" width=\"800\" height=\"533\" srcset=\"https:\/\/vocesparalelas.com.ar\/sitio\/wp-content\/uploads\/2024\/10\/MARATON-CANCER-2024-02.jpg 800w, https:\/\/vocesparalelas.com.ar\/sitio\/wp-content\/uploads\/2024\/10\/MARATON-CANCER-2024-02-300x200.jpg 300w, https:\/\/vocesparalelas.com.ar\/sitio\/wp-content\/uploads\/2024\/10\/MARATON-CANCER-2024-02-768x512.jpg 768w\" sizes=\"auto, (max-width: 800px) 100vw, 800px\" \/><\/p>\n<p>&nbsp;<\/p>\n","protected":false},"excerpt":{"rendered":"<p>En la Casa de Gobierno de San Juan, se realiz\u00f3 la presentaci\u00f3n de la XIII Caminata de Concientizaci\u00f3n sobre el<\/p>\n","protected":false},"author":3,"featured_media":92487,"comment_status":"closed","ping_status":"closed","sticky":false,"template":"","format":"standard","meta":{"_acf_changed":false,"_seopress_robots_primary_cat":"none","_seopress_titles_title":"","_seopress_titles_desc":"","_seopress_robots_index":"","colormag_page_container_layout":"default_layout","colormag_page_sidebar_layout":"default_layout","footnotes":""},"categories":[5,7],"tags":[],"class_list":["post-92484","post","type-post","status-publish","format-standard","has-post-thumbnail","hentry","category-ofrecimientos","category-videos"],"acf":[],"_links":{"self":[{"href":"https:\/\/vocesparalelas.com.ar\/sitio\/wp-json\/wp\/v2\/posts\/92484","targetHints":{"allow":["GET"]}}],"collection":[{"href":"https:\/\/vocesparalelas.com.ar\/sitio\/wp-json\/wp\/v2\/posts"}],"about":[{"href":"https:\/\/vocesparalelas.com.ar\/sitio\/wp-json\/wp\/v2\/types\/post"}],"author":[{"embeddable":true,"href":"https:\/\/vocesparalelas.com.ar\/sitio\/wp-json\/wp\/v2\/users\/3"}],"replies":[{"embeddable":true,"href":"https:\/\/vocesparalelas.com.ar\/sitio\/wp-json\/wp\/v2\/comments?post=92484"}],"version-history":[{"count":1,"href":"https:\/\/vocesparalelas.com.ar\/sitio\/wp-json\/wp\/v2\/posts\/92484\/revisions"}],"predecessor-version":[{"id":92488,"href":"https:\/\/vocesparalelas.com.ar\/sitio\/wp-json\/wp\/v2\/posts\/92484\/revisions\/92488"}],"wp:featuredmedia":[{"embeddable":true,"href":"https:\/\/vocesparalelas.com.ar\/sitio\/wp-json\/wp\/v2\/media\/92487"}],"wp:attachment":[{"href":"https:\/\/vocesparalelas.com.ar\/sitio\/wp-json\/wp\/v2\/media?parent=92484"}],"wp:term":[{"taxonomy":"category","embeddable":true,"href":"https:\/\/vocesparalelas.com.ar\/sitio\/wp-json\/wp\/v2\/categories?post=92484"},{"taxonomy":"post_tag","embeddable":true,"href":"https:\/\/vocesparalelas.com.ar\/sitio\/wp-json\/wp\/v2\/tags?post=92484"}],"curies":[{"name":"wp","href":"https:\/\/api.w.org\/{rel}","templated":true}]}}