{"id":92472,"date":"2025-10-12T21:30:30","date_gmt":"2025-10-13T00:30:30","guid":{"rendered":"https:\/\/vocesparalelas.com.ar\/sitio\/?p=92472"},"modified":"2025-10-12T21:30:30","modified_gmt":"2025-10-13T00:30:30","slug":"el-automovilismo-nacional-tras-6-anos-se-adueno-del-autodromo-el-zonda-eduardo-copello-en-san-juan","status":"publish","type":"post","link":"https:\/\/vocesparalelas.com.ar\/sitio\/el-automovilismo-nacional-tras-6-anos-se-adueno-del-autodromo-el-zonda-eduardo-copello-en-san-juan\/","title":{"rendered":"El automovilismo nacional tras 6 a\u00f1os se adue\u00f1\u00f3 del Aut\u00f3dromo El Zonda \u00abEduardo Copello\u00bb en San Juan"},"content":{"rendered":"<p>Una multitud de interesados y fans lleg\u00f3 al aut\u00f3dromo El Zonda \u00abEduardo Copello\u00bb para vivir la novena fecha del Campeonato Argentino de TC2000, que marc\u00f3 el regreso del automovilismo nacional al m\u00edtico circuito de San Juan despu\u00e9s de seis a\u00f1os.<\/p>\n<p>El hist\u00f3rico trazado recibi\u00f3 la novena fecha del Campeonato Argentino de TC2000, que marc\u00f3 el retorno del automovilismo nacional al Aut\u00f3dromo El Zonda \u00abEduardo Copello\u00bb. De este modo, el hist\u00f3rico trazado sanjuanino volvi\u00f3 recibir a la categor\u00eda m\u00e1s tecnol\u00f3gica de Sudam\u00e9rica con los nuevos veh\u00edculos SUV de 500 hp de potencia despu\u00e9s de 6 a\u00f1os. La \u00faltima visita que fue el 19 de septiembre de 2019 con la victoria de Mat\u00edas Milla con el Renault Fluence del Renault Sport.<\/p>\n<p>En este marco el gobernador de San Juan, Dr. Marcelo Orrego realiz\u00f3 el acto de premiaci\u00f3n a periodistas reconocidos tales como Carlos Legani y Enrique Pinardi,<\/p>\n<p><img loading=\"lazy\" decoding=\"async\" class=\"alignnone size-full wp-image-92476\" src=\"https:\/\/vocesparalelas.com.ar\/sitio\/wp-content\/uploads\/2025\/10\/AUTODROMO-EL-ZONDA-03.jpg\" alt=\"\" width=\"800\" height=\"533\" srcset=\"https:\/\/vocesparalelas.com.ar\/sitio\/wp-content\/uploads\/2025\/10\/AUTODROMO-EL-ZONDA-03.jpg 800w, https:\/\/vocesparalelas.com.ar\/sitio\/wp-content\/uploads\/2025\/10\/AUTODROMO-EL-ZONDA-03-300x200.jpg 300w, https:\/\/vocesparalelas.com.ar\/sitio\/wp-content\/uploads\/2025\/10\/AUTODROMO-EL-ZONDA-03-768x512.jpg 768w\" sizes=\"auto, (max-width: 800px) 100vw, 800px\" \/><\/p>\n<p>Posteriormente descubri\u00f3 un mural que se realiz\u00f3 en honor al flaco Traverso. Adem\u00e1s de esto, tuvo la oportunidad de recorrer el circuito totalmente renovado y comparti\u00f3 la jornada con el p\u00fablico que estaba apostado entre los cerros.<\/p>\n<p>Cabe destacar que la gente estuvo en el lugar desde el Jueves donde pernoct\u00f3. Una postal que se repiti\u00f3 en este escenario fueron los gazebos llenos de familia y los asados que volvieron a ser una tradici\u00f3n en este legendario circuito sanjuanino.<\/p>\n<p>&nbsp;<\/p>\n<p><img loading=\"lazy\" decoding=\"async\" class=\"alignnone size-full wp-image-92268\" src=\"https:\/\/vocesparalelas.com.ar\/sitio\/wp-content\/uploads\/2025\/10\/AUTODROMO-EL-ZONDA-01.jpg\" alt=\"\" width=\"800\" height=\"450\" srcset=\"https:\/\/vocesparalelas.com.ar\/sitio\/wp-content\/uploads\/2025\/10\/AUTODROMO-EL-ZONDA-01.jpg 800w, https:\/\/vocesparalelas.com.ar\/sitio\/wp-content\/uploads\/2025\/10\/AUTODROMO-EL-ZONDA-01-300x169.jpg 300w, https:\/\/vocesparalelas.com.ar\/sitio\/wp-content\/uploads\/2025\/10\/AUTODROMO-EL-ZONDA-01-768x432.jpg 768w\" sizes=\"auto, (max-width: 800px) 100vw, 800px\" \/><\/p>\n","protected":false},"excerpt":{"rendered":"<p>Una multitud de interesados y fans lleg\u00f3 al aut\u00f3dromo El Zonda \u00abEduardo Copello\u00bb para vivir la novena fecha del Campeonato<\/p>\n","protected":false},"author":3,"featured_media":92475,"comment_status":"closed","ping_status":"closed","sticky":false,"template":"","format":"standard","meta":{"_acf_changed":false,"_seopress_robots_primary_cat":"none","_seopress_titles_title":"","_seopress_titles_desc":"","_seopress_robots_index":"","colormag_page_container_layout":"default_layout","colormag_page_sidebar_layout":"default_layout","footnotes":""},"categories":[1],"tags":[],"class_list":["post-92472","post","type-post","status-publish","format-standard","has-post-thumbnail","hentry","category-destacadas"],"acf":[],"_links":{"self":[{"href":"https:\/\/vocesparalelas.com.ar\/sitio\/wp-json\/wp\/v2\/posts\/92472","targetHints":{"allow":["GET"]}}],"collection":[{"href":"https:\/\/vocesparalelas.com.ar\/sitio\/wp-json\/wp\/v2\/posts"}],"about":[{"href":"https:\/\/vocesparalelas.com.ar\/sitio\/wp-json\/wp\/v2\/types\/post"}],"author":[{"embeddable":true,"href":"https:\/\/vocesparalelas.com.ar\/sitio\/wp-json\/wp\/v2\/users\/3"}],"replies":[{"embeddable":true,"href":"https:\/\/vocesparalelas.com.ar\/sitio\/wp-json\/wp\/v2\/comments?post=92472"}],"version-history":[{"count":1,"href":"https:\/\/vocesparalelas.com.ar\/sitio\/wp-json\/wp\/v2\/posts\/92472\/revisions"}],"predecessor-version":[{"id":92477,"href":"https:\/\/vocesparalelas.com.ar\/sitio\/wp-json\/wp\/v2\/posts\/92472\/revisions\/92477"}],"wp:featuredmedia":[{"embeddable":true,"href":"https:\/\/vocesparalelas.com.ar\/sitio\/wp-json\/wp\/v2\/media\/92475"}],"wp:attachment":[{"href":"https:\/\/vocesparalelas.com.ar\/sitio\/wp-json\/wp\/v2\/media?parent=92472"}],"wp:term":[{"taxonomy":"category","embeddable":true,"href":"https:\/\/vocesparalelas.com.ar\/sitio\/wp-json\/wp\/v2\/categories?post=92472"},{"taxonomy":"post_tag","embeddable":true,"href":"https:\/\/vocesparalelas.com.ar\/sitio\/wp-json\/wp\/v2\/tags?post=92472"}],"curies":[{"name":"wp","href":"https:\/\/api.w.org\/{rel}","templated":true}]}}