{"id":92457,"date":"2025-10-09T20:57:04","date_gmt":"2025-10-09T23:57:04","guid":{"rendered":"https:\/\/vocesparalelas.com.ar\/sitio\/?p=92457"},"modified":"2025-10-12T21:37:44","modified_gmt":"2025-10-13T00:37:44","slug":"transitar-con-precaucion-para-disfrutar-las-carreras-en-el-autodromo-el-zonda-eduardo-copello-en-san-juan","status":"publish","type":"post","link":"https:\/\/vocesparalelas.com.ar\/sitio\/transitar-con-precaucion-para-disfrutar-las-carreras-en-el-autodromo-el-zonda-eduardo-copello-en-san-juan\/","title":{"rendered":"Transitar con precauci\u00f3n para disfrutar las carreras en el aut\u00f3dromo El Zonda \u00abEduardo Copello\u00bb en San Juan"},"content":{"rendered":"<p>El Ministerio de Turismo, Cultura y Deporte del Gobierno de San Juan en coordinaci\u00f3n con la Secretar\u00eda de Seguridad y Orden P\u00fablico a trav\u00e9s de Polic\u00eda de San Juan, informa que se han dispuesto medidas excepcionales para circular durante la jornada del Domingo, 12 de Octubre, a ra\u00edz de la presencia del TC 2000 y Zonal Cuyano en el aut\u00f3dromo El Zonda \u00abEduardo Copello\u00bb.<\/p>\n<p>El Domingo, 12 de Octubre, entre las 11 y las 17 hs, quien quiera venir desde Zonda a la ciudad o viceversa, debe hacerlo a trav\u00e9s de la ruta 60 que conecta Ullum con Zonda.<\/p>\n<p>Asimismo, se informa que para llegar al aut\u00f3dromo puede hacerse tanto por Avenida Libertador como por Avenida Ignacio de la Roza.<\/p>\n<p>&nbsp;<\/p>\n<p><img loading=\"lazy\" decoding=\"async\" class=\"alignnone size-full wp-image-59001\" src=\"https:\/\/vocesparalelas.com.ar\/sitio\/wp-content\/uploads\/2023\/05\/POLICIA-LOGO.jpg\" alt=\"\" width=\"800\" height=\"600\" srcset=\"https:\/\/vocesparalelas.com.ar\/sitio\/wp-content\/uploads\/2023\/05\/POLICIA-LOGO.jpg 800w, https:\/\/vocesparalelas.com.ar\/sitio\/wp-content\/uploads\/2023\/05\/POLICIA-LOGO-300x225.jpg 300w, https:\/\/vocesparalelas.com.ar\/sitio\/wp-content\/uploads\/2023\/05\/POLICIA-LOGO-768x576.jpg 768w\" sizes=\"auto, (max-width: 800px) 100vw, 800px\" \/><\/p>\n","protected":false},"excerpt":{"rendered":"<p>El Ministerio de Turismo, Cultura y Deporte del Gobierno de San Juan en coordinaci\u00f3n con la Secretar\u00eda de Seguridad y<\/p>\n","protected":false},"author":3,"featured_media":92268,"comment_status":"closed","ping_status":"closed","sticky":false,"template":"","format":"standard","meta":{"_acf_changed":false,"_seopress_robots_primary_cat":"none","_seopress_titles_title":"","_seopress_titles_desc":"","_seopress_robots_index":"","colormag_page_container_layout":"default_layout","colormag_page_sidebar_layout":"default_layout","footnotes":""},"categories":[1],"tags":[],"class_list":["post-92457","post","type-post","status-publish","format-standard","has-post-thumbnail","hentry","category-destacadas"],"acf":[],"_links":{"self":[{"href":"https:\/\/vocesparalelas.com.ar\/sitio\/wp-json\/wp\/v2\/posts\/92457","targetHints":{"allow":["GET"]}}],"collection":[{"href":"https:\/\/vocesparalelas.com.ar\/sitio\/wp-json\/wp\/v2\/posts"}],"about":[{"href":"https:\/\/vocesparalelas.com.ar\/sitio\/wp-json\/wp\/v2\/types\/post"}],"author":[{"embeddable":true,"href":"https:\/\/vocesparalelas.com.ar\/sitio\/wp-json\/wp\/v2\/users\/3"}],"replies":[{"embeddable":true,"href":"https:\/\/vocesparalelas.com.ar\/sitio\/wp-json\/wp\/v2\/comments?post=92457"}],"version-history":[{"count":1,"href":"https:\/\/vocesparalelas.com.ar\/sitio\/wp-json\/wp\/v2\/posts\/92457\/revisions"}],"predecessor-version":[{"id":92460,"href":"https:\/\/vocesparalelas.com.ar\/sitio\/wp-json\/wp\/v2\/posts\/92457\/revisions\/92460"}],"wp:featuredmedia":[{"embeddable":true,"href":"https:\/\/vocesparalelas.com.ar\/sitio\/wp-json\/wp\/v2\/media\/92268"}],"wp:attachment":[{"href":"https:\/\/vocesparalelas.com.ar\/sitio\/wp-json\/wp\/v2\/media?parent=92457"}],"wp:term":[{"taxonomy":"category","embeddable":true,"href":"https:\/\/vocesparalelas.com.ar\/sitio\/wp-json\/wp\/v2\/categories?post=92457"},{"taxonomy":"post_tag","embeddable":true,"href":"https:\/\/vocesparalelas.com.ar\/sitio\/wp-json\/wp\/v2\/tags?post=92457"}],"curies":[{"name":"wp","href":"https:\/\/api.w.org\/{rel}","templated":true}]}}