{"id":92440,"date":"2025-10-11T20:00:19","date_gmt":"2025-10-11T23:00:19","guid":{"rendered":"https:\/\/vocesparalelas.com.ar\/sitio\/?p=92440"},"modified":"2025-10-11T20:00:19","modified_gmt":"2025-10-11T23:00:19","slug":"apertura-del-campeonato-nacional-de-judo-en-san-juan","status":"publish","type":"post","link":"https:\/\/vocesparalelas.com.ar\/sitio\/apertura-del-campeonato-nacional-de-judo-en-san-juan\/","title":{"rendered":"Apertura del Campeonato Nacional de Judo en San Juan"},"content":{"rendered":"<p>El gobernador de San Juan, Dr. Marcelo Orrego presenci\u00f3 el acto de apertura del Campeonato Nacional de Judo San Juan 2025, un evento que convirti\u00f3 a la provincia en el centro del judo argentino y reuni\u00f3 a m\u00e1s de 1500 deportistas de la Rep\u00fablica Argentina.<\/p>\n<p>La competencia se desarrolla del 9 al 12 de Octubre, cuenta con la participaci\u00f3n de judo provenientes de 25 federaciones provinciales, junto a sus entrenadores, familias y p\u00fablico de distintas regiones.<\/p>\n<p>Con entrada libre y gratuita, el certamen ofrece combates de alto nivel en las categor\u00edas Juveniles, Cadetes, Junior Novicios y Graduados y Senior.<\/p>\n<p>Adem\u00e1s de la destacada participaci\u00f3n de atletas con s\u00edndrome de Down, quienes demostraron que el judo es una disciplina que integra, forma y supera l\u00edmites.<\/p>\n<p>La ceremonia inaugural, realizada el S\u00e1bado, 11 de Octubre, reuni\u00f3 a autoridades de la Confederaci\u00f3n Argentina de Judo &#8211; CAJ -, dirigentes locales y provinciales, en un acto que reflej\u00f3 el crecimiento sostenido de este deporte en los \u00faltimos a\u00f1os.<\/p>\n<p>Durante su presencia, el Gobernador Dr. Marcelo Orrego valor\u00f3 el impacto del campeonato en la provincia y el compromiso de todos los que hicieron posible su realizaci\u00f3n. Eventos como este fortalecen los lazos entre las provincias, promueven valores como el respeto y la disciplina, y consolidan a San Juan como una sede deportiva de referencia a nivel nacional.<\/p>\n<p><img loading=\"lazy\" decoding=\"async\" class=\"alignnone size-full wp-image-65642\" src=\"https:\/\/vocesparalelas.com.ar\/sitio\/wp-content\/uploads\/2023\/11\/GOBIERNO-SAN-JUAN.jpg\" alt=\"\" width=\"800\" height=\"600\" srcset=\"https:\/\/vocesparalelas.com.ar\/sitio\/wp-content\/uploads\/2023\/11\/GOBIERNO-SAN-JUAN.jpg 800w, https:\/\/vocesparalelas.com.ar\/sitio\/wp-content\/uploads\/2023\/11\/GOBIERNO-SAN-JUAN-300x225.jpg 300w, https:\/\/vocesparalelas.com.ar\/sitio\/wp-content\/uploads\/2023\/11\/GOBIERNO-SAN-JUAN-768x576.jpg 768w\" sizes=\"auto, (max-width: 800px) 100vw, 800px\" \/><\/p>\n","protected":false},"excerpt":{"rendered":"<p>El gobernador de San Juan, Dr. Marcelo Orrego presenci\u00f3 el acto de apertura del Campeonato Nacional de Judo San Juan<\/p>\n","protected":false},"author":3,"featured_media":92443,"comment_status":"closed","ping_status":"closed","sticky":false,"template":"","format":"standard","meta":{"_acf_changed":false,"_seopress_robots_primary_cat":"none","_seopress_titles_title":"","_seopress_titles_desc":"","_seopress_robots_index":"","colormag_page_container_layout":"default_layout","colormag_page_sidebar_layout":"default_layout","footnotes":""},"categories":[1],"tags":[],"class_list":["post-92440","post","type-post","status-publish","format-standard","has-post-thumbnail","hentry","category-destacadas"],"acf":[],"_links":{"self":[{"href":"https:\/\/vocesparalelas.com.ar\/sitio\/wp-json\/wp\/v2\/posts\/92440","targetHints":{"allow":["GET"]}}],"collection":[{"href":"https:\/\/vocesparalelas.com.ar\/sitio\/wp-json\/wp\/v2\/posts"}],"about":[{"href":"https:\/\/vocesparalelas.com.ar\/sitio\/wp-json\/wp\/v2\/types\/post"}],"author":[{"embeddable":true,"href":"https:\/\/vocesparalelas.com.ar\/sitio\/wp-json\/wp\/v2\/users\/3"}],"replies":[{"embeddable":true,"href":"https:\/\/vocesparalelas.com.ar\/sitio\/wp-json\/wp\/v2\/comments?post=92440"}],"version-history":[{"count":1,"href":"https:\/\/vocesparalelas.com.ar\/sitio\/wp-json\/wp\/v2\/posts\/92440\/revisions"}],"predecessor-version":[{"id":92444,"href":"https:\/\/vocesparalelas.com.ar\/sitio\/wp-json\/wp\/v2\/posts\/92440\/revisions\/92444"}],"wp:featuredmedia":[{"embeddable":true,"href":"https:\/\/vocesparalelas.com.ar\/sitio\/wp-json\/wp\/v2\/media\/92443"}],"wp:attachment":[{"href":"https:\/\/vocesparalelas.com.ar\/sitio\/wp-json\/wp\/v2\/media?parent=92440"}],"wp:term":[{"taxonomy":"category","embeddable":true,"href":"https:\/\/vocesparalelas.com.ar\/sitio\/wp-json\/wp\/v2\/categories?post=92440"},{"taxonomy":"post_tag","embeddable":true,"href":"https:\/\/vocesparalelas.com.ar\/sitio\/wp-json\/wp\/v2\/tags?post=92440"}],"curies":[{"name":"wp","href":"https:\/\/api.w.org\/{rel}","templated":true}]}}