{"id":9243,"date":"2018-01-14T16:16:57","date_gmt":"2018-01-14T19:16:57","guid":{"rendered":"http:\/\/vocesparalelas.com.ar\/sitio\/?p=9243"},"modified":"2018-01-14T16:17:52","modified_gmt":"2018-01-14T19:17:52","slug":"el-gobierno-de-san-juan-se-destaca-por-promuever-la-educacion-economica-y-el-emprendedurismo","status":"publish","type":"post","link":"https:\/\/vocesparalelas.com.ar\/sitio\/el-gobierno-de-san-juan-se-destaca-por-promuever-la-educacion-economica-y-el-emprendedurismo\/","title":{"rendered":"San Juan se destaca por promover la educaci\u00f3n econ\u00f3mica y el emprendedurismo"},"content":{"rendered":"<p>El gobierno de San Juan, recibi\u00f3 un reconocimiento por parte de la Fundaci\u00f3n Junior Achievmentent, por ser el principal organismo p\u00fablico del pa\u00eds que m\u00e1s promueve la educaci\u00f3n econ\u00f3mica y el emprendedurismo en la Argentina 2017.<\/p>\n<p>Este reconocimiento viene como consecuencia del importante Programa Aprender a Emprender, una magn\u00edfica idea que surgi\u00f3 en la Secretar\u00eda de Ciencia, Tecnolog\u00eda e Innovaci\u00f3n del Gobierno de San Juan.<\/p>\n<p>La cartera est\u00e1 a cargo del Ing. Tulio Abel del Bono, que se logr\u00f3 por el trabajo conjunto entre Ministerio de Educaci\u00f3n, del Ministerio de la Producci\u00f3n y Desarrollo Econ\u00f3mico, de la Agencia Calidad San Juan y la Fundaci\u00f3n Junior Achievement.<\/p>\n<p>El programa Aprender a Emprender dio oportunidades a j\u00f3venes transformando su futuro desde la preparaci\u00f3n y las herramientas para su propio desarrollo econ\u00f3mico, de sus familias y sus comunidades. Hizo realidad 51 nuevos sue\u00f1os. 1500 nuevos emprendedores sanjuaninos\u00a0 se esforzaron y dedicaron a lo largo de 22 semanas de desarrollo ininterrumpido, cumpliendo objetivos en tiempo y forma.<\/p>\n<p>Junior Achievement (JA) es una de las ONG m\u00e1s grandes del mundo sirviendo a la juventud, activa a los j\u00f3venes para los empleos del futuro. A trav\u00e9s del aprendizaje pr\u00e1ctico y combinado en educaci\u00f3n financiera, preparaci\u00f3n para el trabajo y emprendimiento, empoderamos a los j\u00f3venes para que hagan crecer sus ideas emprendedoras, perfeccionen sus habilidades laborales, administren sus ingresos y aseguren mejor calidad de vida para ellos, para sus familias y\u00a0 para sus comunidades.<\/p>\n<p>Con m\u00e1s de 100 pa\u00edses miembros, la red de JA Worldwide se encuentra potenciada por cerca de 470.000 voluntarios y mentores, quienes sirven a m\u00e1s de 10 millones de j\u00f3venes alrededor del mundo cada a\u00f1o.<\/p>\n","protected":false},"excerpt":{"rendered":"<p>El gobierno de San Juan, recibi\u00f3 un reconocimiento por parte de la Fundaci\u00f3n Junior Achievmentent, por ser el principal organismo<\/p>\n","protected":false},"author":3,"featured_media":9244,"comment_status":"closed","ping_status":"closed","sticky":false,"template":"","format":"standard","meta":{"_acf_changed":false,"_seopress_robots_primary_cat":"","_seopress_titles_title":"","_seopress_titles_desc":"","_seopress_robots_index":"","colormag_page_container_layout":"default_layout","colormag_page_sidebar_layout":"default_layout","footnotes":""},"categories":[1],"tags":[],"class_list":["post-9243","post","type-post","status-publish","format-standard","has-post-thumbnail","hentry","category-destacadas"],"acf":[],"_links":{"self":[{"href":"https:\/\/vocesparalelas.com.ar\/sitio\/wp-json\/wp\/v2\/posts\/9243","targetHints":{"allow":["GET"]}}],"collection":[{"href":"https:\/\/vocesparalelas.com.ar\/sitio\/wp-json\/wp\/v2\/posts"}],"about":[{"href":"https:\/\/vocesparalelas.com.ar\/sitio\/wp-json\/wp\/v2\/types\/post"}],"author":[{"embeddable":true,"href":"https:\/\/vocesparalelas.com.ar\/sitio\/wp-json\/wp\/v2\/users\/3"}],"replies":[{"embeddable":true,"href":"https:\/\/vocesparalelas.com.ar\/sitio\/wp-json\/wp\/v2\/comments?post=9243"}],"version-history":[{"count":0,"href":"https:\/\/vocesparalelas.com.ar\/sitio\/wp-json\/wp\/v2\/posts\/9243\/revisions"}],"wp:featuredmedia":[{"embeddable":true,"href":"https:\/\/vocesparalelas.com.ar\/sitio\/wp-json\/wp\/v2\/media\/9244"}],"wp:attachment":[{"href":"https:\/\/vocesparalelas.com.ar\/sitio\/wp-json\/wp\/v2\/media?parent=9243"}],"wp:term":[{"taxonomy":"category","embeddable":true,"href":"https:\/\/vocesparalelas.com.ar\/sitio\/wp-json\/wp\/v2\/categories?post=9243"},{"taxonomy":"post_tag","embeddable":true,"href":"https:\/\/vocesparalelas.com.ar\/sitio\/wp-json\/wp\/v2\/tags?post=9243"}],"curies":[{"name":"wp","href":"https:\/\/api.w.org\/{rel}","templated":true}]}}