{"id":92404,"date":"2025-10-10T14:36:11","date_gmt":"2025-10-10T17:36:11","guid":{"rendered":"https:\/\/vocesparalelas.com.ar\/sitio\/?p=92404"},"modified":"2025-10-11T20:58:53","modified_gmt":"2025-10-11T23:58:53","slug":"se-creo-el-profesorado-de-historia-en-el-departamento-iglesia-de-san-juan","status":"publish","type":"post","link":"https:\/\/vocesparalelas.com.ar\/sitio\/se-creo-el-profesorado-de-historia-en-el-departamento-iglesia-de-san-juan\/","title":{"rendered":"Se cre\u00f3 el Profesorado de Historia\u00bb en el Departamento Iglesia de San Juan"},"content":{"rendered":"<p>El Jueves, 9 de Octubre de 2025 se concret\u00f3 la firma del convenio entre el Intendente de la Municipalidad de Iglesia, Dr. Jorge Espejo y la Secretaria General de UDAP San Juan, Lic. Patricia Quiroga que permite el dictado del Profesorado de Historia en el departamento.<\/p>\n<figure id=\"attachment_92408\" aria-describedby=\"caption-attachment-92408\" style=\"width: 800px\" class=\"wp-caption alignnone\"><img loading=\"lazy\" decoding=\"async\" class=\"size-full wp-image-92408\" src=\"https:\/\/vocesparalelas.com.ar\/sitio\/wp-content\/uploads\/2025\/10\/IGLESIA-UDAP-02.jpg\" alt=\"\" width=\"800\" height=\"478\" srcset=\"https:\/\/vocesparalelas.com.ar\/sitio\/wp-content\/uploads\/2025\/10\/IGLESIA-UDAP-02.jpg 800w, https:\/\/vocesparalelas.com.ar\/sitio\/wp-content\/uploads\/2025\/10\/IGLESIA-UDAP-02-300x179.jpg 300w, https:\/\/vocesparalelas.com.ar\/sitio\/wp-content\/uploads\/2025\/10\/IGLESIA-UDAP-02-768x459.jpg 768w\" sizes=\"auto, (max-width: 800px) 100vw, 800px\" \/><figcaption id=\"caption-attachment-92408\" class=\"wp-caption-text\">Secretaria General de UDAP San Juan, Lic. Patricia Quiroga<\/figcaption><\/figure>\n<p>&nbsp;<\/p>\n<figure id=\"attachment_92409\" aria-describedby=\"caption-attachment-92409\" style=\"width: 800px\" class=\"wp-caption alignnone\"><img loading=\"lazy\" decoding=\"async\" class=\"size-full wp-image-92409\" src=\"https:\/\/vocesparalelas.com.ar\/sitio\/wp-content\/uploads\/2025\/10\/IGLESIA-UDAP-03.jpg\" alt=\"\" width=\"800\" height=\"533\" srcset=\"https:\/\/vocesparalelas.com.ar\/sitio\/wp-content\/uploads\/2025\/10\/IGLESIA-UDAP-03.jpg 800w, https:\/\/vocesparalelas.com.ar\/sitio\/wp-content\/uploads\/2025\/10\/IGLESIA-UDAP-03-300x200.jpg 300w, https:\/\/vocesparalelas.com.ar\/sitio\/wp-content\/uploads\/2025\/10\/IGLESIA-UDAP-03-768x512.jpg 768w\" sizes=\"auto, (max-width: 800px) 100vw, 800px\" \/><figcaption id=\"caption-attachment-92409\" class=\"wp-caption-text\">Intendente de la Municipalidad de Iglesia, Dr. Jorge Espejo<\/figcaption><\/figure>\n<p>El acto cont\u00f3 con la presencia del intendente Dr. Jorge Espejo; la Lic. Mariana Azcona, Directora de Desarrollo Minero Sustentable; la Lic. Patricia Quiroga, Secretaria General del Gremio UDAP; el Prof. Enrique Rodr\u00edguez, Rector de la Escuela Marina Vilte; el Prof. Gast\u00f3n Olarte, delegado de UDAP Iglesia; y la Prof. Patricia Guti\u00e9rrez, Representante legal de la Escuela Marina Vilte.<\/p>\n<p>Acompa\u00f1aron adem\u00e1s funcionarios municipales, personal directivo de distintas instituciones educativas y las Banderas de Ceremonia de UEPA, CENS Cordillera de los Andes y Escuela Provincia de Santa Cruz.<\/p>\n<p><img loading=\"lazy\" decoding=\"async\" class=\"alignnone size-full wp-image-92410\" src=\"https:\/\/vocesparalelas.com.ar\/sitio\/wp-content\/uploads\/2025\/10\/IGLESIA-UDAP-04.jpg\" alt=\"\" width=\"800\" height=\"533\" srcset=\"https:\/\/vocesparalelas.com.ar\/sitio\/wp-content\/uploads\/2025\/10\/IGLESIA-UDAP-04.jpg 800w, https:\/\/vocesparalelas.com.ar\/sitio\/wp-content\/uploads\/2025\/10\/IGLESIA-UDAP-04-300x200.jpg 300w, https:\/\/vocesparalelas.com.ar\/sitio\/wp-content\/uploads\/2025\/10\/IGLESIA-UDAP-04-768x512.jpg 768w\" sizes=\"auto, (max-width: 800px) 100vw, 800px\" \/><\/p>\n<p>Este convenio representa un paso fundamental hacia la profesionalizaci\u00f3n y el fortalecimiento educativo en Iglesia, brindando nuevas oportunidades de formaci\u00f3n para los vecinos del departamento.<\/p>\n<figure id=\"attachment_92411\" aria-describedby=\"caption-attachment-92411\" style=\"width: 800px\" class=\"wp-caption alignnone\"><img loading=\"lazy\" decoding=\"async\" class=\"size-full wp-image-92411\" src=\"https:\/\/vocesparalelas.com.ar\/sitio\/wp-content\/uploads\/2025\/10\/IGLESIA-UDAP-05.jpg\" alt=\"\" width=\"800\" height=\"533\" srcset=\"https:\/\/vocesparalelas.com.ar\/sitio\/wp-content\/uploads\/2025\/10\/IGLESIA-UDAP-05.jpg 800w, https:\/\/vocesparalelas.com.ar\/sitio\/wp-content\/uploads\/2025\/10\/IGLESIA-UDAP-05-300x200.jpg 300w, https:\/\/vocesparalelas.com.ar\/sitio\/wp-content\/uploads\/2025\/10\/IGLESIA-UDAP-05-768x512.jpg 768w\" sizes=\"auto, (max-width: 800px) 100vw, 800px\" \/><figcaption id=\"caption-attachment-92411\" class=\"wp-caption-text\">Intendente de la Municipalidad de Iglesia, Dr. Jorge Espejo<\/figcaption><\/figure>\n<p>Durante su mensaje, el intendente Dr. Jorge Espejo destac\u00f3 el valor del trabajo en equipo y el esfuerzo conjunto entre el municipio y el gremio docente para hacer realidad esta propuesta acad\u00e9mica. \u201cApostar a la educaci\u00f3n es apostar al futuro de Iglesia\u201d.<\/p>\n<p><iframe loading=\"lazy\" title=\"SAN JUAN IGLESIA UDAP PROFESORADO EN HISTORIA\" width=\"563\" height=\"1000\" src=\"https:\/\/www.youtube.com\/embed\/Cp_dzL_m2XQ?feature=oembed\" frameborder=\"0\" allow=\"accelerometer; autoplay; clipboard-write; encrypted-media; gyroscope; picture-in-picture; web-share\" referrerpolicy=\"strict-origin-when-cross-origin\" allowfullscreen><\/iframe><\/p>\n<p>&nbsp;<\/p>\n<p>Con acciones como esta, la gesti\u00f3n municipal reafirma su compromiso con el desarrollo humano, el acceso equitativo a la educaci\u00f3n y la creaci\u00f3n de m\u00e1s oportunidades para la comunidad de Iglesia.<\/p>\n<p><img loading=\"lazy\" decoding=\"async\" class=\"alignnone size-full wp-image-91565\" src=\"https:\/\/vocesparalelas.com.ar\/sitio\/wp-content\/uploads\/2025\/09\/MUNICIPALIDAD-IGLESIA.jpg\" alt=\"\" width=\"800\" height=\"533\" srcset=\"https:\/\/vocesparalelas.com.ar\/sitio\/wp-content\/uploads\/2025\/09\/MUNICIPALIDAD-IGLESIA.jpg 800w, https:\/\/vocesparalelas.com.ar\/sitio\/wp-content\/uploads\/2025\/09\/MUNICIPALIDAD-IGLESIA-300x200.jpg 300w, https:\/\/vocesparalelas.com.ar\/sitio\/wp-content\/uploads\/2025\/09\/MUNICIPALIDAD-IGLESIA-768x512.jpg 768w\" sizes=\"auto, (max-width: 800px) 100vw, 800px\" \/><\/p>\n","protected":false},"excerpt":{"rendered":"<p>El Jueves, 9 de Octubre de 2025 se concret\u00f3 la firma del convenio entre el Intendente de la Municipalidad de<\/p>\n","protected":false},"author":3,"featured_media":92407,"comment_status":"closed","ping_status":"closed","sticky":false,"template":"","format":"standard","meta":{"_acf_changed":false,"_seopress_robots_primary_cat":"none","_seopress_titles_title":"","_seopress_titles_desc":"","_seopress_robots_index":"","colormag_page_container_layout":"default_layout","colormag_page_sidebar_layout":"default_layout","footnotes":""},"categories":[9,7],"tags":[],"class_list":["post-92404","post","type-post","status-publish","format-standard","has-post-thumbnail","hentry","category-cursos","category-videos"],"acf":[],"_links":{"self":[{"href":"https:\/\/vocesparalelas.com.ar\/sitio\/wp-json\/wp\/v2\/posts\/92404","targetHints":{"allow":["GET"]}}],"collection":[{"href":"https:\/\/vocesparalelas.com.ar\/sitio\/wp-json\/wp\/v2\/posts"}],"about":[{"href":"https:\/\/vocesparalelas.com.ar\/sitio\/wp-json\/wp\/v2\/types\/post"}],"author":[{"embeddable":true,"href":"https:\/\/vocesparalelas.com.ar\/sitio\/wp-json\/wp\/v2\/users\/3"}],"replies":[{"embeddable":true,"href":"https:\/\/vocesparalelas.com.ar\/sitio\/wp-json\/wp\/v2\/comments?post=92404"}],"version-history":[{"count":3,"href":"https:\/\/vocesparalelas.com.ar\/sitio\/wp-json\/wp\/v2\/posts\/92404\/revisions"}],"predecessor-version":[{"id":92414,"href":"https:\/\/vocesparalelas.com.ar\/sitio\/wp-json\/wp\/v2\/posts\/92404\/revisions\/92414"}],"wp:featuredmedia":[{"embeddable":true,"href":"https:\/\/vocesparalelas.com.ar\/sitio\/wp-json\/wp\/v2\/media\/92407"}],"wp:attachment":[{"href":"https:\/\/vocesparalelas.com.ar\/sitio\/wp-json\/wp\/v2\/media?parent=92404"}],"wp:term":[{"taxonomy":"category","embeddable":true,"href":"https:\/\/vocesparalelas.com.ar\/sitio\/wp-json\/wp\/v2\/categories?post=92404"},{"taxonomy":"post_tag","embeddable":true,"href":"https:\/\/vocesparalelas.com.ar\/sitio\/wp-json\/wp\/v2\/tags?post=92404"}],"curies":[{"name":"wp","href":"https:\/\/api.w.org\/{rel}","templated":true}]}}