{"id":92399,"date":"2025-10-10T13:03:24","date_gmt":"2025-10-10T16:03:24","guid":{"rendered":"https:\/\/vocesparalelas.com.ar\/sitio\/?p=92399"},"modified":"2025-10-11T20:59:24","modified_gmt":"2025-10-11T23:59:24","slug":"revision-tarifaria-2026-2031-en-la-3-reunion-del-consejo-de-acompanamiento-del-epre-san-juan","status":"publish","type":"post","link":"https:\/\/vocesparalelas.com.ar\/sitio\/revision-tarifaria-2026-2031-en-la-3-reunion-del-consejo-de-acompanamiento-del-epre-san-juan\/","title":{"rendered":"Revisi\u00f3n Tarifaria 2026- 2031 en la 3\u00b0 reuni\u00f3n del Consejo de Acompa\u00f1amiento del EPRE San Juan"},"content":{"rendered":"<p>Los representantes de las fuerzas vivas de la provincia de San Juan, se dieron cita a la convocatoria del consejo, en el marco de la audiencia publica para la revisi\u00f3n tarifaria que tendr\u00e1 lugar el Martes, 14 de Octubre.<\/p>\n<p>En esta oportunidad se analiz\u00f3 la calidad del servicio, el r\u00e9gimen de sanciones a las empresas distribuidoras. Se planteo, tambi\u00e9n, los lineamientos del nuevo r\u00e9gimen de suministro que es el que establece los derechos y obligaciones de las distribuidoras y de los usuarios.<\/p>\n<p>Enriquecieron los aportes de la pluralidad de voces que se expresaron. Estuvieron presentes, representantes de la Defensor\u00eda del pueblo, Defensa del consumidor, centro de jubilados paz y bien de Rawson, sindicato de luz y fuerza, asociaci\u00f3n de vi\u00f1ateros independientes, c\u00e1mara oliv\u00edcola, c\u00e1mara de energias renovables de san juan, c\u00e1mara de bodegueros, centro de ingenieros, entre otros que interactuaron junto a los t\u00e9cnicos del EPRE logrando significativos consensos en esta tercera jornada de consejo.<\/p>\n<p><img loading=\"lazy\" decoding=\"async\" class=\"alignnone size-full wp-image-85438\" src=\"https:\/\/vocesparalelas.com.ar\/sitio\/wp-content\/uploads\/2025\/04\/EPRE-FRENTE.jpg\" alt=\"\" width=\"800\" height=\"600\" srcset=\"https:\/\/vocesparalelas.com.ar\/sitio\/wp-content\/uploads\/2025\/04\/EPRE-FRENTE.jpg 800w, https:\/\/vocesparalelas.com.ar\/sitio\/wp-content\/uploads\/2025\/04\/EPRE-FRENTE-300x225.jpg 300w, https:\/\/vocesparalelas.com.ar\/sitio\/wp-content\/uploads\/2025\/04\/EPRE-FRENTE-768x576.jpg 768w\" sizes=\"auto, (max-width: 800px) 100vw, 800px\" \/><\/p>\n<p>&nbsp;<\/p>\n","protected":false},"excerpt":{"rendered":"<p>Los representantes de las fuerzas vivas de la provincia de San Juan, se dieron cita a la convocatoria del consejo,<\/p>\n","protected":false},"author":3,"featured_media":92402,"comment_status":"closed","ping_status":"closed","sticky":false,"template":"","format":"standard","meta":{"_acf_changed":false,"_seopress_robots_primary_cat":"none","_seopress_titles_title":"","_seopress_titles_desc":"","_seopress_robots_index":"","colormag_page_container_layout":"default_layout","colormag_page_sidebar_layout":"default_layout","footnotes":""},"categories":[2],"tags":[],"class_list":["post-92399","post","type-post","status-publish","format-standard","has-post-thumbnail","hentry","category-convocatorias"],"acf":[],"_links":{"self":[{"href":"https:\/\/vocesparalelas.com.ar\/sitio\/wp-json\/wp\/v2\/posts\/92399","targetHints":{"allow":["GET"]}}],"collection":[{"href":"https:\/\/vocesparalelas.com.ar\/sitio\/wp-json\/wp\/v2\/posts"}],"about":[{"href":"https:\/\/vocesparalelas.com.ar\/sitio\/wp-json\/wp\/v2\/types\/post"}],"author":[{"embeddable":true,"href":"https:\/\/vocesparalelas.com.ar\/sitio\/wp-json\/wp\/v2\/users\/3"}],"replies":[{"embeddable":true,"href":"https:\/\/vocesparalelas.com.ar\/sitio\/wp-json\/wp\/v2\/comments?post=92399"}],"version-history":[{"count":1,"href":"https:\/\/vocesparalelas.com.ar\/sitio\/wp-json\/wp\/v2\/posts\/92399\/revisions"}],"predecessor-version":[{"id":92403,"href":"https:\/\/vocesparalelas.com.ar\/sitio\/wp-json\/wp\/v2\/posts\/92399\/revisions\/92403"}],"wp:featuredmedia":[{"embeddable":true,"href":"https:\/\/vocesparalelas.com.ar\/sitio\/wp-json\/wp\/v2\/media\/92402"}],"wp:attachment":[{"href":"https:\/\/vocesparalelas.com.ar\/sitio\/wp-json\/wp\/v2\/media?parent=92399"}],"wp:term":[{"taxonomy":"category","embeddable":true,"href":"https:\/\/vocesparalelas.com.ar\/sitio\/wp-json\/wp\/v2\/categories?post=92399"},{"taxonomy":"post_tag","embeddable":true,"href":"https:\/\/vocesparalelas.com.ar\/sitio\/wp-json\/wp\/v2\/tags?post=92399"}],"curies":[{"name":"wp","href":"https:\/\/api.w.org\/{rel}","templated":true}]}}