{"id":92389,"date":"2025-10-10T12:52:11","date_gmt":"2025-10-10T15:52:11","guid":{"rendered":"https:\/\/vocesparalelas.com.ar\/sitio\/?p=92389"},"modified":"2025-10-12T10:41:31","modified_gmt":"2025-10-12T13:41:31","slug":"luciana-aymar-sofia-contreras-y-beltran-briones-en-fns-forum-2026-en-san-juan","status":"publish","type":"post","link":"https:\/\/vocesparalelas.com.ar\/sitio\/luciana-aymar-sofia-contreras-y-beltran-briones-en-fns-forum-2026-en-san-juan\/","title":{"rendered":"Luciana Aymar, Sof\u00eda Contreras y Beltr\u00e1n Briones en FNS Forum 2026 en San Juan"},"content":{"rendered":"<p>San Juan se prepara para una tarde distinta. El Mi\u00e9rcoles, 19 de Noviembre, el Centro de Convenciones escenario del FNS Forum 2025, una nueva edici\u00f3n del gran encuentro que, en el marco de la Fiesta Nacional del Sol 2025\u00a0\u201cSan Juan, mi tierra querida\u201d, conecta ideas, talento y oportunidades.<\/p>\n<p><img loading=\"lazy\" decoding=\"async\" class=\"alignnone size-full wp-image-90510\" src=\"https:\/\/vocesparalelas.com.ar\/sitio\/wp-content\/uploads\/2025\/08\/FNS-2025-01.jpg\" alt=\"\" width=\"800\" height=\"450\" srcset=\"https:\/\/vocesparalelas.com.ar\/sitio\/wp-content\/uploads\/2025\/08\/FNS-2025-01.jpg 800w, https:\/\/vocesparalelas.com.ar\/sitio\/wp-content\/uploads\/2025\/08\/FNS-2025-01-300x169.jpg 300w, https:\/\/vocesparalelas.com.ar\/sitio\/wp-content\/uploads\/2025\/08\/FNS-2025-01-768x432.jpg 768w\" sizes=\"auto, (max-width: 800px) 100vw, 800px\" \/><\/p>\n<p>En el 2025, las Charlas Inspiracionales re\u00fanen a tres figuras que desde mundos muy diferentes comparten un mismo prop\u00f3sito: inspirar a transformar.<\/p>\n<ul>\n<li>Luciana Aymar, leyenda del hockey argentino, s\u00edmbolo de disciplina y superaci\u00f3n, traer\u00e1 su historia de esfuerzo y pasi\u00f3n.<\/li>\n<\/ul>\n<figure id=\"attachment_92392\" aria-describedby=\"caption-attachment-92392\" style=\"width: 800px\" class=\"wp-caption alignnone\"><img loading=\"lazy\" decoding=\"async\" class=\"size-full wp-image-92392\" src=\"https:\/\/vocesparalelas.com.ar\/sitio\/wp-content\/uploads\/2025\/10\/FNS-FORUM-2025-01.jpg\" alt=\"\" width=\"800\" height=\"523\" srcset=\"https:\/\/vocesparalelas.com.ar\/sitio\/wp-content\/uploads\/2025\/10\/FNS-FORUM-2025-01.jpg 800w, https:\/\/vocesparalelas.com.ar\/sitio\/wp-content\/uploads\/2025\/10\/FNS-FORUM-2025-01-300x196.jpg 300w, https:\/\/vocesparalelas.com.ar\/sitio\/wp-content\/uploads\/2025\/10\/FNS-FORUM-2025-01-768x502.jpg 768w\" sizes=\"auto, (max-width: 800px) 100vw, 800px\" \/><figcaption id=\"caption-attachment-92392\" class=\"wp-caption-text\">Luciana Aymar<\/figcaption><\/figure>\n<ul>\n<li>Beltr\u00e1n Briones, empresario inmobiliario y creador de contenidos, compartir\u00e1 su mirada fresca sobre el trabajo, la inversi\u00f3n y la forma de pensar el futuro.<\/li>\n<\/ul>\n<figure id=\"attachment_92393\" aria-describedby=\"caption-attachment-92393\" style=\"width: 800px\" class=\"wp-caption alignnone\"><img loading=\"lazy\" decoding=\"async\" class=\"size-full wp-image-92393\" src=\"https:\/\/vocesparalelas.com.ar\/sitio\/wp-content\/uploads\/2025\/10\/FNS-FORUM-2025-02.jpg\" alt=\"\" width=\"800\" height=\"468\" srcset=\"https:\/\/vocesparalelas.com.ar\/sitio\/wp-content\/uploads\/2025\/10\/FNS-FORUM-2025-02.jpg 800w, https:\/\/vocesparalelas.com.ar\/sitio\/wp-content\/uploads\/2025\/10\/FNS-FORUM-2025-02-300x176.jpg 300w, https:\/\/vocesparalelas.com.ar\/sitio\/wp-content\/uploads\/2025\/10\/FNS-FORUM-2025-02-768x449.jpg 768w\" sizes=\"auto, (max-width: 800px) 100vw, 800px\" \/><figcaption id=\"caption-attachment-92393\" class=\"wp-caption-text\">Beltr\u00e1n Briones<\/figcaption><\/figure>\n<ul>\n<li>Sof\u00eda Contreras, autora del libro Pasa a la acci\u00f3n y cofundadora de Chicas en Tecnolog\u00eda, ofrecer\u00e1 una perspectiva poderosa sobre liderazgo joven, innovaci\u00f3n y prop\u00f3sito. Reconocida por el Foro Econ\u00f3mico Mundial y la Universidad de Georgetown, representa la energ\u00eda de una generaci\u00f3n que decide hacer y no esperar.<\/li>\n<\/ul>\n<figure id=\"attachment_92394\" aria-describedby=\"caption-attachment-92394\" style=\"width: 800px\" class=\"wp-caption alignnone\"><img loading=\"lazy\" decoding=\"async\" class=\"size-full wp-image-92394\" src=\"https:\/\/vocesparalelas.com.ar\/sitio\/wp-content\/uploads\/2025\/10\/FNS-FORUM-2025-03.jpg\" alt=\"\" width=\"800\" height=\"488\" srcset=\"https:\/\/vocesparalelas.com.ar\/sitio\/wp-content\/uploads\/2025\/10\/FNS-FORUM-2025-03.jpg 800w, https:\/\/vocesparalelas.com.ar\/sitio\/wp-content\/uploads\/2025\/10\/FNS-FORUM-2025-03-300x183.jpg 300w, https:\/\/vocesparalelas.com.ar\/sitio\/wp-content\/uploads\/2025\/10\/FNS-FORUM-2025-03-768x468.jpg 768w\" sizes=\"auto, (max-width: 800px) 100vw, 800px\" \/><figcaption id=\"caption-attachment-92394\" class=\"wp-caption-text\">Sof\u00eda Contreras<\/figcaption><\/figure>\n<p>El FNS Forum es m\u00e1s que un espacio de charlas: es un punto de encuentro entre quienes sue\u00f1an con cambiar algo y quienes ya empezaron a hacerlo. Una invitaci\u00f3n a inspirarse, a repensarse y a salir con nuevas ganas de crear. La entrada es libre y gratuita.<\/p>\n<p><strong><span style=\"color: #ff6600;\">Sugerencias<\/span><\/strong><\/p>\n<p>Segu\u00ed las redes oficiales del FNS Forum 2025 para conocer la fecha de apertura de inscripciones.<\/p>\n<p>FNS Forum 2025 \u2014 Conectando oportunidades.<\/p>\n<p><iframe loading=\"lazy\" title=\"SAN JUAN FNS 2025\" width=\"800\" height=\"450\" src=\"https:\/\/www.youtube.com\/embed\/hG6JPSqgl-k?feature=oembed\" frameborder=\"0\" allow=\"accelerometer; autoplay; clipboard-write; encrypted-media; gyroscope; picture-in-picture; web-share\" referrerpolicy=\"strict-origin-when-cross-origin\" allowfullscreen><\/iframe><\/p>\n<p>&nbsp;<\/p>\n","protected":false},"excerpt":{"rendered":"<p>San Juan se prepara para una tarde distinta. El Mi\u00e9rcoles, 19 de Noviembre, el Centro de Convenciones escenario del FNS<\/p>\n","protected":false},"author":3,"featured_media":78658,"comment_status":"closed","ping_status":"closed","sticky":false,"template":"","format":"standard","meta":{"_acf_changed":false,"_seopress_robots_primary_cat":"none","_seopress_titles_title":"","_seopress_titles_desc":"","_seopress_robots_index":"","colormag_page_container_layout":"default_layout","colormag_page_sidebar_layout":"default_layout","footnotes":""},"categories":[2,7],"tags":[],"class_list":["post-92389","post","type-post","status-publish","format-standard","has-post-thumbnail","hentry","category-convocatorias","category-videos"],"acf":[],"_links":{"self":[{"href":"https:\/\/vocesparalelas.com.ar\/sitio\/wp-json\/wp\/v2\/posts\/92389","targetHints":{"allow":["GET"]}}],"collection":[{"href":"https:\/\/vocesparalelas.com.ar\/sitio\/wp-json\/wp\/v2\/posts"}],"about":[{"href":"https:\/\/vocesparalelas.com.ar\/sitio\/wp-json\/wp\/v2\/types\/post"}],"author":[{"embeddable":true,"href":"https:\/\/vocesparalelas.com.ar\/sitio\/wp-json\/wp\/v2\/users\/3"}],"replies":[{"embeddable":true,"href":"https:\/\/vocesparalelas.com.ar\/sitio\/wp-json\/wp\/v2\/comments?post=92389"}],"version-history":[{"count":1,"href":"https:\/\/vocesparalelas.com.ar\/sitio\/wp-json\/wp\/v2\/posts\/92389\/revisions"}],"predecessor-version":[{"id":92395,"href":"https:\/\/vocesparalelas.com.ar\/sitio\/wp-json\/wp\/v2\/posts\/92389\/revisions\/92395"}],"wp:featuredmedia":[{"embeddable":true,"href":"https:\/\/vocesparalelas.com.ar\/sitio\/wp-json\/wp\/v2\/media\/78658"}],"wp:attachment":[{"href":"https:\/\/vocesparalelas.com.ar\/sitio\/wp-json\/wp\/v2\/media?parent=92389"}],"wp:term":[{"taxonomy":"category","embeddable":true,"href":"https:\/\/vocesparalelas.com.ar\/sitio\/wp-json\/wp\/v2\/categories?post=92389"},{"taxonomy":"post_tag","embeddable":true,"href":"https:\/\/vocesparalelas.com.ar\/sitio\/wp-json\/wp\/v2\/tags?post=92389"}],"curies":[{"name":"wp","href":"https:\/\/api.w.org\/{rel}","templated":true}]}}