{"id":92383,"date":"2025-10-09T22:09:34","date_gmt":"2025-10-10T01:09:34","guid":{"rendered":"https:\/\/vocesparalelas.com.ar\/sitio\/?p=92383"},"modified":"2025-10-11T21:00:20","modified_gmt":"2025-10-12T00:00:20","slug":"presentaron-el-pronostico-hidrico-2025-2026-de-san-juan","status":"publish","type":"post","link":"https:\/\/vocesparalelas.com.ar\/sitio\/presentaron-el-pronostico-hidrico-2025-2026-de-san-juan\/","title":{"rendered":"Presentaron el pron\u00f3stico h\u00eddrico 2025-2026 de San Juan"},"content":{"rendered":"<p>El Jueves, 09 de Octubre, las autoridades del Departamento Hidr\u00e1ulica y profesionales t\u00e9cnicos de la instituci\u00f3n presentaron el pron\u00f3stico h\u00eddrico correspondiente al ciclo 2025-2026.<\/p>\n<p>Como cada a\u00f1o, los equipos especializados evaluaron y analizaron la informaci\u00f3n obtenida del cateo anual realizado recientemente, junto con los datos de las estaciones nivometeorol\u00f3gicas y los registros hist\u00f3ricos disponibles.<\/p>\n<p>A partir de ese an\u00e1lisis, se determin\u00f3 que en este ciclo (del 1\u00b0 de octubre de 2025 al 30 de septiembre de 2026) el R\u00edo San Juan entregar\u00e1 950 hm\u00b3, mientras que el R\u00edo J\u00e1chal alcanzar\u00e1 un estimativo de entre 109 y 190 hm\u00b3.<br \/>\nCon estos valores se anticipa que el a\u00f1o h\u00eddrico en la provincia ser\u00e1 muy seco.<\/p>\n<p>En comparaci\u00f3n con el ciclo anterior, el caudal estimado del R\u00edo San Juan representa una disminuci\u00f3n significativa. En 2024-2025 el derrame fue de 1.250 hm\u00b3, mientras que para este per\u00edodo se prev\u00e9 950 hm\u00b3, lo que refleja una merma del orden del 24%.<\/p>\n<p>Si se toma como referencia el valor promedio hist\u00f3rico \u2014registrado desde 1909\u2014, el R\u00edo San Juan presenta una media de 1.933 hm\u00b3, por lo que el pron\u00f3stico actual se ubica muy por debajo de esa cifra.<\/p>\n<p>Incluso al considerar los \u00faltimos quince o veinte a\u00f1os, cuando el promedio de caudal rond\u00f3 los 1.500 hm\u00b3, la proyecci\u00f3n de este ciclo contin\u00faa siendo considerablemente inferior.<\/p>\n<p>Estos valores confirman la condici\u00f3n de muy seca para la temporada h\u00eddrica 2025-2026, y plantean un importante desaf\u00edo para todos los sectores que dependen del recurso.<\/p>\n<p>El agua es esencial para la vida y atraviesa cada aspecto del desarrollo provincial, por lo que el compromiso debe ser profundizar la conciencia sobre su uso responsable y eficiente, garantizando que cada gota cumpla su prop\u00f3sito en este oasis que ha sabido construirse y adaptarse en medio del desierto.<\/p>\n<p><iframe loading=\"lazy\" title=\"Se realiz\u00f3 la tradicional bendici\u00f3n del Agua\" width=\"800\" height=\"450\" src=\"https:\/\/www.youtube.com\/embed\/G3AQeDLTETo?feature=oembed\" frameborder=\"0\" allow=\"accelerometer; autoplay; clipboard-write; encrypted-media; gyroscope; picture-in-picture; web-share\" referrerpolicy=\"strict-origin-when-cross-origin\" allowfullscreen><\/iframe><\/p>\n<p>&nbsp;<\/p>\n","protected":false},"excerpt":{"rendered":"<p>El Jueves, 09 de Octubre, las autoridades del Departamento Hidr\u00e1ulica y profesionales t\u00e9cnicos de la instituci\u00f3n presentaron el pron\u00f3stico h\u00eddrico<\/p>\n","protected":false},"author":3,"featured_media":24303,"comment_status":"closed","ping_status":"closed","sticky":false,"template":"","format":"standard","meta":{"_acf_changed":false,"_seopress_robots_primary_cat":"none","_seopress_titles_title":"","_seopress_titles_desc":"","_seopress_robots_index":"","colormag_page_container_layout":"default_layout","colormag_page_sidebar_layout":"default_layout","footnotes":""},"categories":[10,7],"tags":[],"class_list":["post-92383","post","type-post","status-publish","format-standard","has-post-thumbnail","hentry","category-opiniones","category-videos"],"acf":[],"_links":{"self":[{"href":"https:\/\/vocesparalelas.com.ar\/sitio\/wp-json\/wp\/v2\/posts\/92383","targetHints":{"allow":["GET"]}}],"collection":[{"href":"https:\/\/vocesparalelas.com.ar\/sitio\/wp-json\/wp\/v2\/posts"}],"about":[{"href":"https:\/\/vocesparalelas.com.ar\/sitio\/wp-json\/wp\/v2\/types\/post"}],"author":[{"embeddable":true,"href":"https:\/\/vocesparalelas.com.ar\/sitio\/wp-json\/wp\/v2\/users\/3"}],"replies":[{"embeddable":true,"href":"https:\/\/vocesparalelas.com.ar\/sitio\/wp-json\/wp\/v2\/comments?post=92383"}],"version-history":[{"count":1,"href":"https:\/\/vocesparalelas.com.ar\/sitio\/wp-json\/wp\/v2\/posts\/92383\/revisions"}],"predecessor-version":[{"id":92386,"href":"https:\/\/vocesparalelas.com.ar\/sitio\/wp-json\/wp\/v2\/posts\/92383\/revisions\/92386"}],"wp:featuredmedia":[{"embeddable":true,"href":"https:\/\/vocesparalelas.com.ar\/sitio\/wp-json\/wp\/v2\/media\/24303"}],"wp:attachment":[{"href":"https:\/\/vocesparalelas.com.ar\/sitio\/wp-json\/wp\/v2\/media?parent=92383"}],"wp:term":[{"taxonomy":"category","embeddable":true,"href":"https:\/\/vocesparalelas.com.ar\/sitio\/wp-json\/wp\/v2\/categories?post=92383"},{"taxonomy":"post_tag","embeddable":true,"href":"https:\/\/vocesparalelas.com.ar\/sitio\/wp-json\/wp\/v2\/tags?post=92383"}],"curies":[{"name":"wp","href":"https:\/\/api.w.org\/{rel}","templated":true}]}}