{"id":92283,"date":"2025-10-08T14:06:45","date_gmt":"2025-10-08T17:06:45","guid":{"rendered":"https:\/\/vocesparalelas.com.ar\/sitio\/?p=92283"},"modified":"2025-10-09T22:55:35","modified_gmt":"2025-10-10T01:55:35","slug":"noche-de-degustacion-y-naturaleza-en-el-parque-de-la-biodiversidad-de-san-juan","status":"publish","type":"post","link":"https:\/\/vocesparalelas.com.ar\/sitio\/noche-de-degustacion-y-naturaleza-en-el-parque-de-la-biodiversidad-de-san-juan\/","title":{"rendered":"\u201cNoche de Degustaci\u00f3n y Naturaleza\u201d en el Parque de la Biodiversidad de San Juan"},"content":{"rendered":"<p>En el marco del D\u00eda de la Madre, la Secretar\u00eda de Ambiente y Desarrollo Sustentable del Gobierno de San Juan, a trav\u00e9s de la Direcci\u00f3n de Ecolog\u00eda Urbana, invita a participar de una propuesta \u00fanica \u201cNoche de Degustaci\u00f3n y Naturaleza\u201d, una actividad gratuita que combina los sabores locales con la belleza del entorno natural del Parque de la Biodiversidad.<\/p>\n<p>El encuentro se realizar\u00e1 el domingo 12 de octubre, a las 19 horas, en las instalaciones del Parque, ubicado en el departamento Rivadavia, dentro del complejo El Pinar. La actividad est\u00e1 especialmente pensada para agasajar a las madres, ofreciendo una experiencia diferente que une disfrute, naturaleza y momentos compartidos.<\/p>\n<p>Durante la jornada, las participantes podr\u00e1n recorrer los senderos en una visita guiada especial, conocer m\u00e1s sobre la flora y fauna del lugar, y finalizar la noche con una degustaci\u00f3n de vinos sanjuaninos, en un ambiente relajado y al aire libre.<\/p>\n<p>La propuesta busca generar un espacio de encuentro, disfrute y conciencia ambiental, destacando la importancia de reconectar con la naturaleza y valorar los productos locales.<\/p>\n<p>La participaci\u00f3n es gratuita, con cupo limitado, por lo que se requiere inscripci\u00f3n previa a trav\u00e9s del siguiente formulario<\/p>\n<p><a href=\"https:\/\/forms.gle\/5LhVcwYZimLd3FhK8\">https:\/\/forms.gle\/5LhVcwYZimLd3FhK8<\/a><\/p>\n<p><img loading=\"lazy\" decoding=\"async\" class=\"alignnone size-full wp-image-55744\" src=\"https:\/\/vocesparalelas.com.ar\/sitio\/wp-content\/uploads\/2023\/01\/PARQUE-BIODIVERSIDAD.jpg\" alt=\"\" width=\"800\" height=\"451\" srcset=\"https:\/\/vocesparalelas.com.ar\/sitio\/wp-content\/uploads\/2023\/01\/PARQUE-BIODIVERSIDAD.jpg 800w, https:\/\/vocesparalelas.com.ar\/sitio\/wp-content\/uploads\/2023\/01\/PARQUE-BIODIVERSIDAD-300x169.jpg 300w, https:\/\/vocesparalelas.com.ar\/sitio\/wp-content\/uploads\/2023\/01\/PARQUE-BIODIVERSIDAD-768x433.jpg 768w\" sizes=\"auto, (max-width: 800px) 100vw, 800px\" \/><\/p>\n<p>&nbsp;<\/p>\n","protected":false},"excerpt":{"rendered":"<p>En el marco del D\u00eda de la Madre, la Secretar\u00eda de Ambiente y Desarrollo Sustentable del Gobierno de San Juan,<\/p>\n","protected":false},"author":3,"featured_media":7711,"comment_status":"closed","ping_status":"closed","sticky":false,"template":"","format":"standard","meta":{"_acf_changed":false,"_seopress_robots_primary_cat":"none","_seopress_titles_title":"","_seopress_titles_desc":"","_seopress_robots_index":"","colormag_page_container_layout":"default_layout","colormag_page_sidebar_layout":"default_layout","footnotes":""},"categories":[20],"tags":[],"class_list":["post-92283","post","type-post","status-publish","format-standard","has-post-thumbnail","hentry","category-cartelera"],"acf":[],"_links":{"self":[{"href":"https:\/\/vocesparalelas.com.ar\/sitio\/wp-json\/wp\/v2\/posts\/92283","targetHints":{"allow":["GET"]}}],"collection":[{"href":"https:\/\/vocesparalelas.com.ar\/sitio\/wp-json\/wp\/v2\/posts"}],"about":[{"href":"https:\/\/vocesparalelas.com.ar\/sitio\/wp-json\/wp\/v2\/types\/post"}],"author":[{"embeddable":true,"href":"https:\/\/vocesparalelas.com.ar\/sitio\/wp-json\/wp\/v2\/users\/3"}],"replies":[{"embeddable":true,"href":"https:\/\/vocesparalelas.com.ar\/sitio\/wp-json\/wp\/v2\/comments?post=92283"}],"version-history":[{"count":1,"href":"https:\/\/vocesparalelas.com.ar\/sitio\/wp-json\/wp\/v2\/posts\/92283\/revisions"}],"predecessor-version":[{"id":92286,"href":"https:\/\/vocesparalelas.com.ar\/sitio\/wp-json\/wp\/v2\/posts\/92283\/revisions\/92286"}],"wp:featuredmedia":[{"embeddable":true,"href":"https:\/\/vocesparalelas.com.ar\/sitio\/wp-json\/wp\/v2\/media\/7711"}],"wp:attachment":[{"href":"https:\/\/vocesparalelas.com.ar\/sitio\/wp-json\/wp\/v2\/media?parent=92283"}],"wp:term":[{"taxonomy":"category","embeddable":true,"href":"https:\/\/vocesparalelas.com.ar\/sitio\/wp-json\/wp\/v2\/categories?post=92283"},{"taxonomy":"post_tag","embeddable":true,"href":"https:\/\/vocesparalelas.com.ar\/sitio\/wp-json\/wp\/v2\/tags?post=92283"}],"curies":[{"name":"wp","href":"https:\/\/api.w.org\/{rel}","templated":true}]}}