{"id":9227,"date":"2018-01-13T20:15:02","date_gmt":"2018-01-13T23:15:02","guid":{"rendered":"http:\/\/vocesparalelas.com.ar\/sitio\/?p=9227"},"modified":"2018-01-13T20:42:55","modified_gmt":"2018-01-13T23:42:55","slug":"punta-negra-propone-disfrutar-del-kayak-en-medio-del-gran-espejo","status":"publish","type":"post","link":"https:\/\/vocesparalelas.com.ar\/sitio\/punta-negra-propone-disfrutar-del-kayak-en-medio-del-gran-espejo\/","title":{"rendered":"Punta Negra propone disfrutar del kayak en medio del gran espejo"},"content":{"rendered":"<p>San Juan ofrece una gran variedad de propuestas a la hora de disfrutar las vacaciones. En este abanico se encuentra el recorrido por la Ruta Interlagos, que ahora sum\u00f3 una cuota m\u00e1s de aventura a trav\u00e9s de la pr\u00e1ctica de kayak en el Parador Punta Negra.<\/p>\n<p>Interlagos se convirti\u00f3 en una de las postales m\u00e1s atractivas de San Juan. Esta v\u00eda, que adem\u00e1s de unir tres de los diques m\u00e1s grandes que proveen energ\u00eda el\u00e9ctrica a la provincia, incluye un espacio para el desarrollo tur\u00edstico y las pr\u00e1cticas deportivas. Dentro de estas \u00faltimas, recientemente, se sum\u00f3 la pr\u00e1ctica del kayak en el Parador Punta Negra. All\u00ed, tanto turistas como sanjuaninos pueden disfrutar de la belleza natural combinada con la recreaci\u00f3n de la mano del canotaje.<\/p>\n<p>Mabel Ram\u00edrez y Oscar Ferr\u00e9 son los autores de este proyecto que comenz\u00f3 a gestarse hace tiempo y que se concret\u00f3 a comienzo de 2018, cuando consiguieron que el Parador sea el espacio para brindar servicios de aventura.<\/p>\n<p>Disponen de un conteiner que alberga 40 kayaks dobles para 80 personas. Todos cuentan con la matr\u00edcula otorgada por la Secretar\u00eda de Deportes y cada interesado recibe una charla previa respecto a la pr\u00e1ctica y los respectivos elementos de seguridad.<\/p>\n<p>Seg\u00fan coment\u00f3 Mabel R\u00e1mirez, una apasionada por el deporte y la aventura, ya recibieron turistas que llegaron a la provincia desde San Luis, Buenos Aires y La Rioja, adem\u00e1s de sanjuaninos; entre los que se registraron pescadores.<\/p>\n<p>Los mentores de esta propuesta que atrapa a la mayor\u00eda del p\u00fablico que visita Interlagos, comenzar\u00e1n a desarrollar, fuertemente, su proyecto a fines de este mes. El mismo incluye obras\u00a0 para ofrecer los servicios en \u00f3ptimas condiciones y que apuntan a concretar una escuela de aventura en el lugar. Es que adem\u00e1s de alquilar kayaks y ofrecer visitas guiadas, sumar\u00e1n este semillero de disciplinas como el trekking, con la intenci\u00f3n de fomentar el trabajo en equipo a trav\u00e9s del entrenamiento.<\/p>\n<p>Con mucho esfuerzo, la premisa de ambos deportistas pasa por el incentivo al deporte, el contacto con la naturaleza, el trabajo en equipo y la inclusi\u00f3n. Cuatro pilares que dar\u00e1n fuerza a una alternativa dirigida a todos aquellos que quieran sacar provecho a este lugar que queda a pocos kil\u00f3metros de la ciudad sanjuanina.<\/p>\n<p><img loading=\"lazy\" decoding=\"async\" class=\"alignnone size-medium wp-image-9230\" src=\"https:\/\/vocesparalelas.com.ar\/sitio\/wp-content\/uploads\/2018\/01\/INTELADOS-KAYAK02-300x224.jpg\" alt=\"\" width=\"300\" height=\"224\" srcset=\"https:\/\/vocesparalelas.com.ar\/sitio\/wp-content\/uploads\/2018\/01\/INTELADOS-KAYAK02-300x224.jpg 300w, https:\/\/vocesparalelas.com.ar\/sitio\/wp-content\/uploads\/2018\/01\/INTELADOS-KAYAK02-768x574.jpg 768w, https:\/\/vocesparalelas.com.ar\/sitio\/wp-content\/uploads\/2018\/01\/INTELADOS-KAYAK02-800x598.jpg 800w, https:\/\/vocesparalelas.com.ar\/sitio\/wp-content\/uploads\/2018\/01\/INTELADOS-KAYAK02.jpg 1024w\" sizes=\"auto, (max-width: 300px) 100vw, 300px\" \/> <img loading=\"lazy\" decoding=\"async\" class=\"alignnone size-medium wp-image-9229\" src=\"https:\/\/vocesparalelas.com.ar\/sitio\/wp-content\/uploads\/2018\/01\/INTELADOS-KAYAK01-300x224.jpg\" alt=\"\" width=\"300\" height=\"224\" srcset=\"https:\/\/vocesparalelas.com.ar\/sitio\/wp-content\/uploads\/2018\/01\/INTELADOS-KAYAK01-300x224.jpg 300w, https:\/\/vocesparalelas.com.ar\/sitio\/wp-content\/uploads\/2018\/01\/INTELADOS-KAYAK01-768x574.jpg 768w, https:\/\/vocesparalelas.com.ar\/sitio\/wp-content\/uploads\/2018\/01\/INTELADOS-KAYAK01-800x598.jpg 800w, https:\/\/vocesparalelas.com.ar\/sitio\/wp-content\/uploads\/2018\/01\/INTELADOS-KAYAK01.jpg 1024w\" sizes=\"auto, (max-width: 300px) 100vw, 300px\" \/><\/p>\n<p>Cabe destacar que el servicio de kayak est\u00e1 disponible Viernes, S\u00e1bados, Domingos y feriados, desde las 9 hasta las 18 hs. Para m\u00e1s informaci\u00f3n, los interesados pueden comunicarse al 2644532546 o por correo electr\u00f3nico: <a href=\"mailto:paradorpuntanegra@gmail.com\">paradorpuntanegra@gmail.com<\/a><\/p>\n<p>&nbsp;<\/p>\n<p><iframe loading=\"lazy\" width=\"800\" height=\"450\" src=\"https:\/\/www.youtube.com\/embed\/SKi4ji27sOU?feature=oembed\" frameborder=\"0\" allow=\"autoplay; encrypted-media\" allowfullscreen><\/iframe><\/p>\n<p>&nbsp;<\/p>\n","protected":false},"excerpt":{"rendered":"<p>San Juan ofrece una gran variedad de propuestas a la hora de disfrutar las vacaciones. En este abanico se encuentra<\/p>\n","protected":false},"author":3,"featured_media":9228,"comment_status":"closed","ping_status":"closed","sticky":false,"template":"","format":"video","meta":{"_acf_changed":false,"_seopress_robots_primary_cat":"","_seopress_titles_title":"","_seopress_titles_desc":"","_seopress_robots_index":"","colormag_page_container_layout":"default_layout","colormag_page_sidebar_layout":"default_layout","footnotes":""},"categories":[1,7],"tags":[],"class_list":["post-9227","post","type-post","status-publish","format-video","has-post-thumbnail","hentry","category-destacadas","category-videos","post_format-post-format-video"],"acf":[],"_links":{"self":[{"href":"https:\/\/vocesparalelas.com.ar\/sitio\/wp-json\/wp\/v2\/posts\/9227","targetHints":{"allow":["GET"]}}],"collection":[{"href":"https:\/\/vocesparalelas.com.ar\/sitio\/wp-json\/wp\/v2\/posts"}],"about":[{"href":"https:\/\/vocesparalelas.com.ar\/sitio\/wp-json\/wp\/v2\/types\/post"}],"author":[{"embeddable":true,"href":"https:\/\/vocesparalelas.com.ar\/sitio\/wp-json\/wp\/v2\/users\/3"}],"replies":[{"embeddable":true,"href":"https:\/\/vocesparalelas.com.ar\/sitio\/wp-json\/wp\/v2\/comments?post=9227"}],"version-history":[{"count":0,"href":"https:\/\/vocesparalelas.com.ar\/sitio\/wp-json\/wp\/v2\/posts\/9227\/revisions"}],"wp:featuredmedia":[{"embeddable":true,"href":"https:\/\/vocesparalelas.com.ar\/sitio\/wp-json\/wp\/v2\/media\/9228"}],"wp:attachment":[{"href":"https:\/\/vocesparalelas.com.ar\/sitio\/wp-json\/wp\/v2\/media?parent=9227"}],"wp:term":[{"taxonomy":"category","embeddable":true,"href":"https:\/\/vocesparalelas.com.ar\/sitio\/wp-json\/wp\/v2\/categories?post=9227"},{"taxonomy":"post_tag","embeddable":true,"href":"https:\/\/vocesparalelas.com.ar\/sitio\/wp-json\/wp\/v2\/tags?post=9227"}],"curies":[{"name":"wp","href":"https:\/\/api.w.org\/{rel}","templated":true}]}}