{"id":92265,"date":"2025-10-08T12:02:40","date_gmt":"2025-10-08T15:02:40","guid":{"rendered":"https:\/\/vocesparalelas.com.ar\/sitio\/?p=92265"},"modified":"2025-10-08T20:08:13","modified_gmt":"2025-10-08T23:08:13","slug":"el-autodromo-el-zonda-de-san-juan-te-espera-para-disfrutar-el-automovilismo-en-familia","status":"publish","type":"post","link":"https:\/\/vocesparalelas.com.ar\/sitio\/el-autodromo-el-zonda-de-san-juan-te-espera-para-disfrutar-el-automovilismo-en-familia\/","title":{"rendered":"El aut\u00f3dromo \u201cEl Zonda\u201d\u00a0de\u00a0San Juan te espera para disfrutar el automovilismo en familia"},"content":{"rendered":"<div class=\"itemImageBlock\">\n<div class=\"clr\">El Viernes, 10: el S\u00e1bado, 11 y el Domino, 12 de Octubre reabre sus puertas el aut\u00f3dromo Eduardo Jos\u00e9 Copello, m\u00e1s conocido como\u00a0\u201cEl Zonda\u201d\u00a0de\u00a0San Juan, donde despu\u00e9s de seis a\u00f1os regresa la actividad del automovilismo.<\/div>\n<div><\/div>\n<div class=\"clr\">El \u00faltimo antecedente fue el viejo S\u00faper TC 2000 el 15 de septiembre del 2019, con la victoria en la carrera final de Mat\u00edas Milla (Renault). En tanto que el Zonal Cuyano visit\u00f3 el \u201cocho zondino\u201d por \u00faltima vez el 24 de septiembre de 2017, es decir hace ocho a\u00f1os.<\/div>\n<\/div>\n<div class=\"itemFullText\">\n<div class=\"xdj266r x14z9mp xat24cr x1lziwak x1vvkbs x126k92a\">\n<div dir=\"auto\"><\/div>\n<\/div>\n<div class=\"x14z9mp xat24cr x1lziwak x1vvkbs xtlvy1s x126k92a\">\n<div dir=\"auto\">\n<p>En el marco de este evento, se celebra el 58 aniversario de este m\u00edtico circuito, inaugurado el 8 de octubre de 1967. En coincidencia con ese n\u00famero, Henry Mart\u00edn visita la provincia (vive en Espa\u00f1a) y gira con el auto Ford Escort #58 del equipo YPF Ford Motorsport de Berta.<\/p>\n<\/div>\n<\/div>\n<div class=\"x14z9mp xat24cr x1lziwak x1vvkbs xtlvy1s x126k92a\">\n<div dir=\"auto\">\n<p>La vuelta a este escenario genera mucha expectativa en dirigentes, pilotos, equipos y p\u00fablico en general, tal es as\u00ed que participan 25 competidores de San Juan corriendo en el \u201czonal\u201d, que est\u00e1 distribuido en cuatro categor\u00edas. El TC 2000 no tiene representaci\u00f3n local en esta ocasi\u00f3n.<\/p>\n<\/div>\n<\/div>\n<div class=\"x14z9mp xat24cr x1lziwak x1vvkbs xtlvy1s x126k92a\">\n<div dir=\"auto\"><strong><span style=\"color: #ff6600;\">Zonal Cuyano Clase 2<\/span><\/strong><\/div>\n<ul>\n<li dir=\"auto\">Facundo Della Motta (Toyota Etios)<\/li>\n<li dir=\"auto\">Fabrizio Benedetti (Renault Clio)<\/li>\n<li dir=\"auto\">Facundo Le\u00e1nez (Toyota Etios)<\/li>\n<li dir=\"auto\">Gerardo Reina (Fiat Punto)<\/li>\n<\/ul>\n<\/div>\n<div class=\"x14z9mp xat24cr x1lziwak x1vvkbs xtlvy1s x126k92a\">\n<div dir=\"auto\"><strong><span style=\"color: #ff6600;\">Turismo Pista 1.4<\/span><\/strong><\/div>\n<\/div>\n<div class=\"x14z9mp xat24cr x1lziwak x1vvkbs xtlvy1s x126k92a\">\n<ul>\n<li dir=\"auto\">Nicol\u00e1s Peralta (Fiat 1)<\/li>\n<li dir=\"auto\">Gonzalo Mart\u00ednez (Fiat 1)<\/li>\n<li dir=\"auto\">Pedro G\u00f3mez Vila (Fiat 147)<\/li>\n<li dir=\"auto\">Gabriel Moyano (Fiat 1)<\/li>\n<li dir=\"auto\">Sergio Naccarato (Fiat 1)<\/li>\n<\/ul>\n<div dir=\"auto\"><strong><span style=\"color: #ff6600;\">TC Cuyano<\/span><\/strong><\/div>\n<ul>\n<li dir=\"auto\">Franco Benedetti (Chevrolet)<\/li>\n<li dir=\"auto\">Ernesto Vidal (Ford Falcon)<\/li>\n<li dir=\"auto\">Enzo Bianchi (Chevrolet)<\/li>\n<li dir=\"auto\">Juan Romera (Torino)<\/li>\n<li dir=\"auto\">Carlos Rojo (Torino)<\/li>\n<\/ul>\n<\/div>\n<div class=\"x14z9mp xat24cr x1lziwak x1vvkbs xtlvy1s x126k92a\">\n<div dir=\"auto\"><strong><span style=\"color: #ff6600;\">Promocional Fiat<\/span><\/strong><\/div>\n<ul>\n<li dir=\"auto\">Mauricio Martos (Fiat 147)<\/li>\n<li dir=\"auto\">Federico \u00c1lvarez (Fiat 128)<\/li>\n<li dir=\"auto\">Javier Flores (Fiat 147)<\/li>\n<li dir=\"auto\">Gonzalo Oropel (Fiat 128)<\/li>\n<li dir=\"auto\">Emanuel Esp\u00f3sito (Fiat 147)<\/li>\n<li dir=\"auto\">Nicol\u00e1s Flores (Fiat 128)<\/li>\n<li dir=\"auto\">Juan Sebasti\u00e1n P\u00e9rez (Fiat 128)<\/li>\n<li dir=\"auto\">Pablo Pelegrina (Fiat 128)<\/li>\n<li dir=\"auto\">Fernando Vacca (Fiat 128)<\/li>\n<li dir=\"auto\">Maximiliano Juan (Fiat 128)<\/li>\n<li dir=\"auto\">Eduardo Rached (Fiat 128)<\/li>\n<\/ul>\n<div dir=\"auto\"><strong><span style=\"color: #ff6600;\">Venta de entradas<\/span><\/strong><\/div>\n<div dir=\"auto\">\n<div class=\"x14z9mp xat24cr x1lziwak x1vvkbs xtlvy1s x126k92a\">\n<ul>\n<li dir=\"auto\">Boxes $ 55.000.<\/li>\n<li dir=\"auto\">Tribuna curva JM Traverso $ 40.000.<\/li>\n<li dir=\"auto\">General (cerro) $ 25.000.<\/li>\n<\/ul>\n<div dir=\"auto\">Menores de 12 a\u00f1os no abonan.<\/div>\n<div dir=\"auto\">La entrada no incluye estacionamiento.<\/div>\n<\/div>\n<div class=\"x14z9mp xat24cr x1lziwak x1vvkbs xtlvy1s x126k92a\">\n<div dir=\"auto\">La entrada es v\u00e1lida para ambos d\u00edas.<\/div>\n<\/div>\n<\/div>\n<\/div>\n<div class=\"x14z9mp xat24cr x1lziwak x1vvkbs xtlvy1s x126k92a\">\n<div dir=\"auto\"><\/div>\n<div dir=\"auto\"><strong><span style=\"color: #ff6600;\">Se venden online en el sitio<\/span><\/strong><\/div>\n<div dir=\"auto\"><\/div>\n<div dir=\"auto\">\n<p><span class=\"html-span xdj266r x14z9mp xat24cr x1lziwak xexx8yu xyri2b x18d9i69 x1c1uobl x1hl2dhg x16tdsg8 x1vvkbs\"><a class=\"x1i10hfl xjbqb8w x1ejq31n x18oe1m7 x1sy0etr xstzfhl x972fbf x10w94by x1qhh985 x14e42zd x9f619 x1ypdohk xt0psk2 x3ct3a4 xdj266r x14z9mp xat24cr x1lziwak xexx8yu xyri2b x18d9i69 x1c1uobl x16tdsg8 x1hl2dhg xggy1nq x1a2a7pz xkrqix3 x1sur9pj x1fey0fg x1s688f\" tabindex=\"0\" href=\"http:\/\/entradauno.com\/?fbclid=IwZXh0bgNhZW0CMTAAYnJpZBExdTlFMVRwZUc4QjRMSnJOZAEeU1Vvjghc8pKVzm62CLgzmssynXnCc1jbruk_qnZMoCqtFrsnAfszKwvMeIs_aem_AAtikXxK0pv7pExyoX_VIg\" target=\"_blank\" rel=\"nofollow noopener noreferrer\">entradauno.com<\/a><\/span><\/p>\n<p>&nbsp;<\/p>\n<\/div>\n<\/div>\n<div class=\"x14z9mp xat24cr x1lziwak x1vvkbs xtlvy1s x126k92a\">\n<div dir=\"auto\"><img loading=\"lazy\" decoding=\"async\" class=\"alignnone size-full wp-image-78913\" src=\"https:\/\/vocesparalelas.com.ar\/sitio\/wp-content\/uploads\/2024\/11\/AUTODROMO-EL-ZONDA.jpg\" alt=\"\" width=\"800\" height=\"450\" srcset=\"https:\/\/vocesparalelas.com.ar\/sitio\/wp-content\/uploads\/2024\/11\/AUTODROMO-EL-ZONDA.jpg 800w, https:\/\/vocesparalelas.com.ar\/sitio\/wp-content\/uploads\/2024\/11\/AUTODROMO-EL-ZONDA-300x169.jpg 300w, https:\/\/vocesparalelas.com.ar\/sitio\/wp-content\/uploads\/2024\/11\/AUTODROMO-EL-ZONDA-768x432.jpg 768w\" sizes=\"auto, (max-width: 800px) 100vw, 800px\" \/><\/div>\n<\/div>\n<div class=\"x14z9mp xat24cr x1lziwak x1vvkbs xtlvy1s x126k92a\">\n<div dir=\"auto\"><\/div>\n<\/div>\n<\/div>\n","protected":false},"excerpt":{"rendered":"<p>El Viernes, 10: el S\u00e1bado, 11 y el Domino, 12 de Octubre reabre sus puertas el aut\u00f3dromo Eduardo Jos\u00e9 Copello,<\/p>\n","protected":false},"author":3,"featured_media":92268,"comment_status":"closed","ping_status":"closed","sticky":false,"template":"","format":"standard","meta":{"_acf_changed":false,"_seopress_robots_primary_cat":"none","_seopress_titles_title":"","_seopress_titles_desc":"","_seopress_robots_index":"","colormag_page_container_layout":"default_layout","colormag_page_sidebar_layout":"default_layout","footnotes":""},"categories":[6],"tags":[],"class_list":["post-92265","post","type-post","status-publish","format-standard","has-post-thumbnail","hentry","category-eventos"],"acf":[],"_links":{"self":[{"href":"https:\/\/vocesparalelas.com.ar\/sitio\/wp-json\/wp\/v2\/posts\/92265","targetHints":{"allow":["GET"]}}],"collection":[{"href":"https:\/\/vocesparalelas.com.ar\/sitio\/wp-json\/wp\/v2\/posts"}],"about":[{"href":"https:\/\/vocesparalelas.com.ar\/sitio\/wp-json\/wp\/v2\/types\/post"}],"author":[{"embeddable":true,"href":"https:\/\/vocesparalelas.com.ar\/sitio\/wp-json\/wp\/v2\/users\/3"}],"replies":[{"embeddable":true,"href":"https:\/\/vocesparalelas.com.ar\/sitio\/wp-json\/wp\/v2\/comments?post=92265"}],"version-history":[{"count":2,"href":"https:\/\/vocesparalelas.com.ar\/sitio\/wp-json\/wp\/v2\/posts\/92265\/revisions"}],"predecessor-version":[{"id":92319,"href":"https:\/\/vocesparalelas.com.ar\/sitio\/wp-json\/wp\/v2\/posts\/92265\/revisions\/92319"}],"wp:featuredmedia":[{"embeddable":true,"href":"https:\/\/vocesparalelas.com.ar\/sitio\/wp-json\/wp\/v2\/media\/92268"}],"wp:attachment":[{"href":"https:\/\/vocesparalelas.com.ar\/sitio\/wp-json\/wp\/v2\/media?parent=92265"}],"wp:term":[{"taxonomy":"category","embeddable":true,"href":"https:\/\/vocesparalelas.com.ar\/sitio\/wp-json\/wp\/v2\/categories?post=92265"},{"taxonomy":"post_tag","embeddable":true,"href":"https:\/\/vocesparalelas.com.ar\/sitio\/wp-json\/wp\/v2\/tags?post=92265"}],"curies":[{"name":"wp","href":"https:\/\/api.w.org\/{rel}","templated":true}]}}