{"id":92254,"date":"2025-10-07T23:22:20","date_gmt":"2025-10-08T02:22:20","guid":{"rendered":"https:\/\/vocesparalelas.com.ar\/sitio\/?p=92254"},"modified":"2025-10-08T19:35:46","modified_gmt":"2025-10-08T22:35:46","slug":"conferencia-importancia-del-ferrocarril-en-la-historia-de-san-juan-del-arq-jorge-martin","status":"publish","type":"post","link":"https:\/\/vocesparalelas.com.ar\/sitio\/conferencia-importancia-del-ferrocarril-en-la-historia-de-san-juan-del-arq-jorge-martin\/","title":{"rendered":"Conferencia \u00abImportancia del Ferrocarril en la Historia de San Juan\u00bb del Arq. Jorge Mart\u00edn"},"content":{"rendered":"<p>En el marco de la celebraci\u00f3n del D\u00eda Nacional del Patrimonio, el Mi\u00e9rcoles, 8 de Octubre, a las 19:30 horas, en el Sal\u00f3n de Actos de la Municipalidad de Pocito se desarrolla la Conferencia \u00abImportancia del Ferrocarril en la Historia de San Juan\u00bb, a cargo del Arq. Jorge Mart\u00edn.<\/p>\n<p><img loading=\"lazy\" decoding=\"async\" class=\"alignnone size-full wp-image-55771\" src=\"https:\/\/vocesparalelas.com.ar\/sitio\/wp-content\/uploads\/2023\/01\/TERREMOTO-ESTACION-SAN-MARTIN.jpg\" alt=\"\" width=\"800\" height=\"527\" srcset=\"https:\/\/vocesparalelas.com.ar\/sitio\/wp-content\/uploads\/2023\/01\/TERREMOTO-ESTACION-SAN-MARTIN.jpg 800w, https:\/\/vocesparalelas.com.ar\/sitio\/wp-content\/uploads\/2023\/01\/TERREMOTO-ESTACION-SAN-MARTIN-300x198.jpg 300w, https:\/\/vocesparalelas.com.ar\/sitio\/wp-content\/uploads\/2023\/01\/TERREMOTO-ESTACION-SAN-MARTIN-768x506.jpg 768w\" sizes=\"auto, (max-width: 800px) 100vw, 800px\" \/><\/p>\n<p>En este contexto, Voces Paralelas desarroll\u00f3 la entrevista period\u00edstica al Arq. Jorge Mart\u00edn, quien describi\u00f3 poner en valor del Patrimonio del Ferrocarril donde se refleja el sentido cultura, social, econ\u00f3mico entre otros aspectos.<\/p>\n<p><iframe loading=\"lazy\" title=\"SAN JUAN EL FERROCARRIL  ARQ JORGE MART\u00cdN \" width=\"800\" height=\"450\" src=\"https:\/\/www.youtube.com\/embed\/9ms_DkjMFqQ?feature=oembed\" frameborder=\"0\" allow=\"accelerometer; autoplay; clipboard-write; encrypted-media; gyroscope; picture-in-picture; web-share\" referrerpolicy=\"strict-origin-when-cross-origin\" allowfullscreen><\/iframe><\/p>\n<p>.La entrevista continu\u00f3 con la importancia del Ferrocarril de una ciudad desbastadas por el Terremoto de 1944 que agiliz\u00f3 la conexi\u00f3n con otros servicios impensables de su tiempo y que facilit\u00f3 el acceso a que llegara ayuda solidaria de mucha gente de Argentina,\u00a0 Despu\u00e9s el comienzo de la reconstrucci\u00f3n de San Juan.<\/p>\n<p><img loading=\"lazy\" decoding=\"async\" class=\"alignnone size-full wp-image-92257\" src=\"https:\/\/vocesparalelas.com.ar\/sitio\/wp-content\/uploads\/2025\/10\/SAN-JUAN-FERROCARRIL-01.jpg\" alt=\"\" width=\"800\" height=\"513\" srcset=\"https:\/\/vocesparalelas.com.ar\/sitio\/wp-content\/uploads\/2025\/10\/SAN-JUAN-FERROCARRIL-01.jpg 800w, https:\/\/vocesparalelas.com.ar\/sitio\/wp-content\/uploads\/2025\/10\/SAN-JUAN-FERROCARRIL-01-300x192.jpg 300w, https:\/\/vocesparalelas.com.ar\/sitio\/wp-content\/uploads\/2025\/10\/SAN-JUAN-FERROCARRIL-01-768x492.jpg 768w\" sizes=\"auto, (max-width: 800px) 100vw, 800px\" \/> <img loading=\"lazy\" decoding=\"async\" class=\"alignnone size-full wp-image-92258\" src=\"https:\/\/vocesparalelas.com.ar\/sitio\/wp-content\/uploads\/2025\/10\/SAN-JUAN-FERROCARRIL-02.jpg\" alt=\"\" width=\"800\" height=\"543\" srcset=\"https:\/\/vocesparalelas.com.ar\/sitio\/wp-content\/uploads\/2025\/10\/SAN-JUAN-FERROCARRIL-02.jpg 800w, https:\/\/vocesparalelas.com.ar\/sitio\/wp-content\/uploads\/2025\/10\/SAN-JUAN-FERROCARRIL-02-300x204.jpg 300w, https:\/\/vocesparalelas.com.ar\/sitio\/wp-content\/uploads\/2025\/10\/SAN-JUAN-FERROCARRIL-02-768x521.jpg 768w\" sizes=\"auto, (max-width: 800px) 100vw, 800px\" \/> <img loading=\"lazy\" decoding=\"async\" class=\"alignnone size-full wp-image-92259\" src=\"https:\/\/vocesparalelas.com.ar\/sitio\/wp-content\/uploads\/2025\/10\/SAN-JUAN-FERROCARRIL-03.jpg\" alt=\"\" width=\"800\" height=\"543\" srcset=\"https:\/\/vocesparalelas.com.ar\/sitio\/wp-content\/uploads\/2025\/10\/SAN-JUAN-FERROCARRIL-03.jpg 800w, https:\/\/vocesparalelas.com.ar\/sitio\/wp-content\/uploads\/2025\/10\/SAN-JUAN-FERROCARRIL-03-300x204.jpg 300w, https:\/\/vocesparalelas.com.ar\/sitio\/wp-content\/uploads\/2025\/10\/SAN-JUAN-FERROCARRIL-03-768x521.jpg 768w\" sizes=\"auto, (max-width: 800px) 100vw, 800px\" \/><\/p>\n<p><iframe loading=\"lazy\" title=\"SAN JUAN EL FERROCARRIL ARQ. JORGE MART\u00cdN \" width=\"800\" height=\"450\" src=\"https:\/\/www.youtube.com\/embed\/qRXoY5ZPFFw?feature=oembed\" frameborder=\"0\" allow=\"accelerometer; autoplay; clipboard-write; encrypted-media; gyroscope; picture-in-picture; web-share\" referrerpolicy=\"strict-origin-when-cross-origin\" allowfullscreen><\/iframe><\/p>\n<p><span style=\"color: #ff6600;\"><strong>Espacio en el Museo de Historia Urbana<\/strong><\/span><\/p>\n<p><img loading=\"lazy\" decoding=\"async\" class=\"alignnone size-full wp-image-92260\" src=\"https:\/\/vocesparalelas.com.ar\/sitio\/wp-content\/uploads\/2025\/10\/SAN-JUAN-FERROCARRIL-04.jpg\" alt=\"\" width=\"800\" height=\"533\" srcset=\"https:\/\/vocesparalelas.com.ar\/sitio\/wp-content\/uploads\/2025\/10\/SAN-JUAN-FERROCARRIL-04.jpg 800w, https:\/\/vocesparalelas.com.ar\/sitio\/wp-content\/uploads\/2025\/10\/SAN-JUAN-FERROCARRIL-04-300x200.jpg 300w, https:\/\/vocesparalelas.com.ar\/sitio\/wp-content\/uploads\/2025\/10\/SAN-JUAN-FERROCARRIL-04-768x512.jpg 768w\" sizes=\"auto, (max-width: 800px) 100vw, 800px\" \/> <img loading=\"lazy\" decoding=\"async\" class=\"alignnone size-full wp-image-92261\" src=\"https:\/\/vocesparalelas.com.ar\/sitio\/wp-content\/uploads\/2025\/10\/SAN-JUAN-FERROCARRIL-05.jpg\" alt=\"\" width=\"800\" height=\"533\" srcset=\"https:\/\/vocesparalelas.com.ar\/sitio\/wp-content\/uploads\/2025\/10\/SAN-JUAN-FERROCARRIL-05.jpg 800w, https:\/\/vocesparalelas.com.ar\/sitio\/wp-content\/uploads\/2025\/10\/SAN-JUAN-FERROCARRIL-05-300x200.jpg 300w, https:\/\/vocesparalelas.com.ar\/sitio\/wp-content\/uploads\/2025\/10\/SAN-JUAN-FERROCARRIL-05-768x512.jpg 768w\" sizes=\"auto, (max-width: 800px) 100vw, 800px\" \/><\/p>\n","protected":false},"excerpt":{"rendered":"<p>En el marco de la celebraci\u00f3n del D\u00eda Nacional del Patrimonio, el Mi\u00e9rcoles, 8 de Octubre, a las 19:30 horas,<\/p>\n","protected":false},"author":3,"featured_media":92262,"comment_status":"closed","ping_status":"closed","sticky":false,"template":"","format":"standard","meta":{"_acf_changed":false,"_seopress_robots_primary_cat":"none","_seopress_titles_title":"","_seopress_titles_desc":"","_seopress_robots_index":"","colormag_page_container_layout":"default_layout","colormag_page_sidebar_layout":"default_layout","footnotes":""},"categories":[10,7],"tags":[],"class_list":["post-92254","post","type-post","status-publish","format-standard","has-post-thumbnail","hentry","category-opiniones","category-videos"],"acf":[],"_links":{"self":[{"href":"https:\/\/vocesparalelas.com.ar\/sitio\/wp-json\/wp\/v2\/posts\/92254","targetHints":{"allow":["GET"]}}],"collection":[{"href":"https:\/\/vocesparalelas.com.ar\/sitio\/wp-json\/wp\/v2\/posts"}],"about":[{"href":"https:\/\/vocesparalelas.com.ar\/sitio\/wp-json\/wp\/v2\/types\/post"}],"author":[{"embeddable":true,"href":"https:\/\/vocesparalelas.com.ar\/sitio\/wp-json\/wp\/v2\/users\/3"}],"replies":[{"embeddable":true,"href":"https:\/\/vocesparalelas.com.ar\/sitio\/wp-json\/wp\/v2\/comments?post=92254"}],"version-history":[{"count":1,"href":"https:\/\/vocesparalelas.com.ar\/sitio\/wp-json\/wp\/v2\/posts\/92254\/revisions"}],"predecessor-version":[{"id":92263,"href":"https:\/\/vocesparalelas.com.ar\/sitio\/wp-json\/wp\/v2\/posts\/92254\/revisions\/92263"}],"wp:featuredmedia":[{"embeddable":true,"href":"https:\/\/vocesparalelas.com.ar\/sitio\/wp-json\/wp\/v2\/media\/92262"}],"wp:attachment":[{"href":"https:\/\/vocesparalelas.com.ar\/sitio\/wp-json\/wp\/v2\/media?parent=92254"}],"wp:term":[{"taxonomy":"category","embeddable":true,"href":"https:\/\/vocesparalelas.com.ar\/sitio\/wp-json\/wp\/v2\/categories?post=92254"},{"taxonomy":"post_tag","embeddable":true,"href":"https:\/\/vocesparalelas.com.ar\/sitio\/wp-json\/wp\/v2\/tags?post=92254"}],"curies":[{"name":"wp","href":"https:\/\/api.w.org\/{rel}","templated":true}]}}