{"id":92235,"date":"2025-10-07T20:51:56","date_gmt":"2025-10-07T23:51:56","guid":{"rendered":"https:\/\/vocesparalelas.com.ar\/sitio\/?p=92235"},"modified":"2025-10-08T15:00:20","modified_gmt":"2025-10-08T18:00:20","slug":"celebra-el-canto-concierto-comentado-del-coro-arturo-beruti","status":"publish","type":"post","link":"https:\/\/vocesparalelas.com.ar\/sitio\/celebra-el-canto-concierto-comentado-del-coro-arturo-beruti\/","title":{"rendered":"Celebra el canto \u00abConcierto comentado\u00bb del Coro Arturo Beruti"},"content":{"rendered":"<p>El Coro Arturo Beruti reinicia sus conciertos junto a la comunidad, dando continuidad a los ya realizados en el primer semestre.<\/p>\n<p>En esta ocasi\u00f3n anuncian actuaciones el Domingo, 12 de Octubre, 21:30 hs. en la Parroquia Ntra. Sra. de la Luz, Departamento Chimba y el Lunes, 13 de Octubre, a las 21 hs. en la Escuela de Capacitaci\u00f3n Laboral Sabino Pignatari. Departamento Capital<\/p>\n<p>Acompa\u00f1a para disfrutar el estreno de obras sum\u00e1ndolas a las bellas composiciones cl\u00e1sicas y populares del hermoso repertorio del Coro Arturo Beruti,<\/p>\n<p><img loading=\"lazy\" decoding=\"async\" class=\"alignnone size-large wp-image-44512\" src=\"https:\/\/vocesparalelas.com.ar\/sitio\/wp-content\/uploads\/2021\/12\/CORO-BERUTI-10-800x467.jpg\" alt=\"\" width=\"800\" height=\"467\" srcset=\"https:\/\/vocesparalelas.com.ar\/sitio\/wp-content\/uploads\/2021\/12\/CORO-BERUTI-10-800x467.jpg 800w, https:\/\/vocesparalelas.com.ar\/sitio\/wp-content\/uploads\/2021\/12\/CORO-BERUTI-10-300x175.jpg 300w, https:\/\/vocesparalelas.com.ar\/sitio\/wp-content\/uploads\/2021\/12\/CORO-BERUTI-10-768x449.jpg 768w, https:\/\/vocesparalelas.com.ar\/sitio\/wp-content\/uploads\/2021\/12\/CORO-BERUTI-10.jpg 1024w\" sizes=\"auto, (max-width: 800px) 100vw, 800px\" \/><\/p>\n<p>&nbsp;<\/p>\n","protected":false},"excerpt":{"rendered":"<p>El Coro Arturo Beruti reinicia sus conciertos junto a la comunidad, dando continuidad a los ya realizados en el primer<\/p>\n","protected":false},"author":3,"featured_media":92238,"comment_status":"closed","ping_status":"closed","sticky":false,"template":"","format":"standard","meta":{"_acf_changed":false,"_seopress_robots_primary_cat":"none","_seopress_titles_title":"","_seopress_titles_desc":"","_seopress_robots_index":"","colormag_page_container_layout":"default_layout","colormag_page_sidebar_layout":"default_layout","footnotes":""},"categories":[20],"tags":[],"class_list":["post-92235","post","type-post","status-publish","format-standard","has-post-thumbnail","hentry","category-cartelera"],"acf":[],"_links":{"self":[{"href":"https:\/\/vocesparalelas.com.ar\/sitio\/wp-json\/wp\/v2\/posts\/92235","targetHints":{"allow":["GET"]}}],"collection":[{"href":"https:\/\/vocesparalelas.com.ar\/sitio\/wp-json\/wp\/v2\/posts"}],"about":[{"href":"https:\/\/vocesparalelas.com.ar\/sitio\/wp-json\/wp\/v2\/types\/post"}],"author":[{"embeddable":true,"href":"https:\/\/vocesparalelas.com.ar\/sitio\/wp-json\/wp\/v2\/users\/3"}],"replies":[{"embeddable":true,"href":"https:\/\/vocesparalelas.com.ar\/sitio\/wp-json\/wp\/v2\/comments?post=92235"}],"version-history":[{"count":1,"href":"https:\/\/vocesparalelas.com.ar\/sitio\/wp-json\/wp\/v2\/posts\/92235\/revisions"}],"predecessor-version":[{"id":92239,"href":"https:\/\/vocesparalelas.com.ar\/sitio\/wp-json\/wp\/v2\/posts\/92235\/revisions\/92239"}],"wp:featuredmedia":[{"embeddable":true,"href":"https:\/\/vocesparalelas.com.ar\/sitio\/wp-json\/wp\/v2\/media\/92238"}],"wp:attachment":[{"href":"https:\/\/vocesparalelas.com.ar\/sitio\/wp-json\/wp\/v2\/media?parent=92235"}],"wp:term":[{"taxonomy":"category","embeddable":true,"href":"https:\/\/vocesparalelas.com.ar\/sitio\/wp-json\/wp\/v2\/categories?post=92235"},{"taxonomy":"post_tag","embeddable":true,"href":"https:\/\/vocesparalelas.com.ar\/sitio\/wp-json\/wp\/v2\/tags?post=92235"}],"curies":[{"name":"wp","href":"https:\/\/api.w.org\/{rel}","templated":true}]}}