{"id":92212,"date":"2025-10-06T23:40:45","date_gmt":"2025-10-07T02:40:45","guid":{"rendered":"https:\/\/vocesparalelas.com.ar\/sitio\/?p=92212"},"modified":"2025-10-08T00:28:21","modified_gmt":"2025-10-08T03:28:21","slug":"reubicacion-de-consultorios-externos-del-hospital-dr-marcial-quiroga-de-san-juan","status":"publish","type":"post","link":"https:\/\/vocesparalelas.com.ar\/sitio\/reubicacion-de-consultorios-externos-del-hospital-dr-marcial-quiroga-de-san-juan\/","title":{"rendered":"Reubicaci\u00f3n de Consultorios Externos del Hospital Dr. Marcial Quiroga de San Juan"},"content":{"rendered":"<p>Como consecuencia de la obra de refacci\u00f3n y acondicionamiento que se realizan en el sector de Consultorios Externos del Hospital Dr. Marcial Quiroga, se reubican los mismos.<\/p>\n<p>Esta reorganizaci\u00f3n responde a la necesidad de garantizar la continuidad de la atenci\u00f3n m\u00e9dica a los pacientes que concurren diariamente, distribuyendo las distintas especialidades en espacios adecuados dentro y fuera del edificio central del hospital.<\/p>\n<p><strong><span style=\"color: #ff0000;\">Fuera del edificio central<\/span><\/strong><\/p>\n<ul>\n<li><span style=\"color: #ff0000;\"><strong>Diabetes<\/strong><\/span> &#8211; ex Prosadia<\/li>\n<li><span style=\"color: #ff0000;\"><strong>Dermatolog\u00eda<\/strong><\/span> &#8211; Casa Gertrudis Funes<\/li>\n<li><span style=\"color: #ff0000;\"><strong>Gastroenterolog\u00eda<\/strong><\/span> &#8211; Casa Gertrudis Funes<\/li>\n<li><span style=\"color: #ff0000;\"><strong>Reumatolog\u00eda<\/strong><\/span> &#8211; Casa Gertrudis Funes<\/li>\n<li><span style=\"color: #ff0000;\"><strong>Gastroenterolog\u00eda Pedi\u00e1trica<\/strong><\/span> &#8211; Servicio de Pediatr\u00eda y NODO<\/li>\n<li><span style=\"color: #ff0000;\"><strong>Endocrinolog\u00eda Pedi\u00e1trica<\/strong><\/span> &#8211; NODO<\/li>\n<li><strong><span style=\"color: #ff0000;\">Jefatura de Consultorios Externos<\/span>\u00a0<\/strong>&#8211; Dr. Sergio Monta\u00f1ez detr\u00e1s del Servicio de Oftalmolog\u00eda<\/li>\n<\/ul>\n<p><strong><span style=\"color: #ff0000;\">Dentro del edificio central<\/span><\/strong><\/p>\n<ul>\n<li><span style=\"color: #ff0000;\"><strong>Odontolog\u00eda<\/strong> &#8211; <\/span>ex consultorio de Diabetes<\/li>\n<li><strong><span style=\"color: #ff0000;\">Otorrinolaringolog\u00eda<\/span> &#8211; <\/strong>ex Terapia Intensiva<\/li>\n<li><span style=\"color: #ff0000;\"><strong>Cl\u00ednica M\u00e9dica<\/strong><\/span> &#8211; Servicio de Cl\u00ednica M\u00e9dica<\/li>\n<li><span style=\"color: #ff0000;\"><strong>Ginecolog\u00eda \/ Plan Nacer<\/strong><\/span> &#8211; Servicio de Ginecolog\u00eda<\/li>\n<li><span style=\"color: #ff0000;\"><strong>Urolog\u00eda<\/strong> <\/span>&#8211; Servicio de Urolog\u00eda<\/li>\n<li><span style=\"color: #ff0000;\"><strong>Cirug\u00eda \/ Curaciones<\/strong> <\/span>&#8211; Servicio de Cirug\u00eda General<\/li>\n<li><span style=\"color: #ff0000;\"><strong>Cardiolog\u00eda<\/strong> <\/span>&#8211; ex Mamograf\u00eda<\/li>\n<li><span style=\"color: #ff0000;\"><strong>Pediatr\u00eda<\/strong> <\/span>&#8211; Guardia Pedi\u00e1trica y Servicio de Quemados<\/li>\n<li><span style=\"color: #ff0000;\"><strong>Cuidados Paliativos<\/strong><\/span> &#8211; ex Neurocirug\u00eda<\/li>\n<li><span style=\"color: #ff0000;\"><strong>Control Metab\u00f3lico<\/strong> <\/span>&#8211; ex Neurocirug\u00eda<\/li>\n<\/ul>\n<p>Se recomienda a los pacientes solicitar informaci\u00f3n al ingresar al hospital para recibir orientaci\u00f3n precisa sobre la ubicaci\u00f3n del consultorio correspondiente.<\/p>\n<p>Esta reubicaci\u00f3n temporal es parte de un plan de mejoras que permitir\u00e1 al Hospital Marcial Quiroga contar con espacios m\u00e1s modernos y funcionales, elevando as\u00ed la calidad de atenci\u00f3n para toda la comunidad.<\/p>\n<p>&nbsp;<\/p>\n<p><img loading=\"lazy\" decoding=\"async\" class=\"alignnone size-full wp-image-50515\" src=\"https:\/\/vocesparalelas.com.ar\/sitio\/wp-content\/uploads\/2022\/07\/HMQ-FRENTE.jpg\" alt=\"\" width=\"800\" height=\"600\" srcset=\"https:\/\/vocesparalelas.com.ar\/sitio\/wp-content\/uploads\/2022\/07\/HMQ-FRENTE.jpg 800w, https:\/\/vocesparalelas.com.ar\/sitio\/wp-content\/uploads\/2022\/07\/HMQ-FRENTE-300x225.jpg 300w, https:\/\/vocesparalelas.com.ar\/sitio\/wp-content\/uploads\/2022\/07\/HMQ-FRENTE-768x576.jpg 768w\" sizes=\"auto, (max-width: 800px) 100vw, 800px\" \/><\/p>\n","protected":false},"excerpt":{"rendered":"<p>Como consecuencia de la obra de refacci\u00f3n y acondicionamiento que se realizan en el sector de Consultorios Externos del Hospital<\/p>\n","protected":false},"author":3,"featured_media":92215,"comment_status":"closed","ping_status":"closed","sticky":false,"template":"","format":"standard","meta":{"_acf_changed":false,"_seopress_robots_primary_cat":"none","_seopress_titles_title":"","_seopress_titles_desc":"","_seopress_robots_index":"","colormag_page_container_layout":"default_layout","colormag_page_sidebar_layout":"default_layout","footnotes":""},"categories":[6],"tags":[],"class_list":["post-92212","post","type-post","status-publish","format-standard","has-post-thumbnail","hentry","category-eventos"],"acf":[],"_links":{"self":[{"href":"https:\/\/vocesparalelas.com.ar\/sitio\/wp-json\/wp\/v2\/posts\/92212","targetHints":{"allow":["GET"]}}],"collection":[{"href":"https:\/\/vocesparalelas.com.ar\/sitio\/wp-json\/wp\/v2\/posts"}],"about":[{"href":"https:\/\/vocesparalelas.com.ar\/sitio\/wp-json\/wp\/v2\/types\/post"}],"author":[{"embeddable":true,"href":"https:\/\/vocesparalelas.com.ar\/sitio\/wp-json\/wp\/v2\/users\/3"}],"replies":[{"embeddable":true,"href":"https:\/\/vocesparalelas.com.ar\/sitio\/wp-json\/wp\/v2\/comments?post=92212"}],"version-history":[{"count":1,"href":"https:\/\/vocesparalelas.com.ar\/sitio\/wp-json\/wp\/v2\/posts\/92212\/revisions"}],"predecessor-version":[{"id":92216,"href":"https:\/\/vocesparalelas.com.ar\/sitio\/wp-json\/wp\/v2\/posts\/92212\/revisions\/92216"}],"wp:featuredmedia":[{"embeddable":true,"href":"https:\/\/vocesparalelas.com.ar\/sitio\/wp-json\/wp\/v2\/media\/92215"}],"wp:attachment":[{"href":"https:\/\/vocesparalelas.com.ar\/sitio\/wp-json\/wp\/v2\/media?parent=92212"}],"wp:term":[{"taxonomy":"category","embeddable":true,"href":"https:\/\/vocesparalelas.com.ar\/sitio\/wp-json\/wp\/v2\/categories?post=92212"},{"taxonomy":"post_tag","embeddable":true,"href":"https:\/\/vocesparalelas.com.ar\/sitio\/wp-json\/wp\/v2\/tags?post=92212"}],"curies":[{"name":"wp","href":"https:\/\/api.w.org\/{rel}","templated":true}]}}