{"id":92206,"date":"2025-10-06T23:36:22","date_gmt":"2025-10-07T02:36:22","guid":{"rendered":"https:\/\/vocesparalelas.com.ar\/sitio\/?p=92206"},"modified":"2025-10-08T00:26:01","modified_gmt":"2025-10-08T03:26:01","slug":"reprogramacion-de-los-turnos-asignados-de-las-juntas-primaria-y-tecnica-de-san-juan-para-el-10-de-octubre-de-2025","status":"publish","type":"post","link":"https:\/\/vocesparalelas.com.ar\/sitio\/reprogramacion-de-los-turnos-asignados-de-las-juntas-primaria-y-tecnica-de-san-juan-para-el-10-de-octubre-de-2025\/","title":{"rendered":"Reprogramaci\u00f3n de los turnos asignados de las Juntas Primaria y T\u00e9cnica de San Juan para el 10 de Octubre de 2025"},"content":{"rendered":"<p>El Ministerio de Educaci\u00f3n del Gobierno de San Juan, a trav\u00e9s de la Junta de Clasificaci\u00f3n Docente Rama Primaria, informa a la comunidad educativa la reprogramaci\u00f3n de los turnos asignados para inscripci\u00f3n-valoraci\u00f3n-notificaci\u00f3n correspondientes al 10 de Octubre de 2025, en virtud del feriado dispuesto por la autoridad gubernamental.<\/p>\n<p>La reprogramaci\u00f3n de turnos para inscripci\u00f3n a ingreso a la docencia e interinatos y suplencias a\u00f1o 2026 corresponde a la convocatoria seg\u00fan Resoluci\u00f3n N\u00ba 5650-ME-2025 y su ampliatoria Resoluci\u00f3n N\u00ba 10591-ME-2025<\/p>\n<p>Los turnos concedidos para ese d\u00eda se reprograman y se puede asistir cualquier d\u00eda durante Octubre en el turno ma\u00f1ana.<\/p>\n<p>La instancia presencial es en la sede de la Junta de Clasificaci\u00f3n, Tucum\u00e1n 75 &#8211; N -, Capital, en la fecha y horario consignado en el comprobante del turno online.<\/p>\n<p><span style=\"color: #ff6600;\"><strong>Junta T\u00e9cnica<\/strong><\/span><\/p>\n<p><img loading=\"lazy\" decoding=\"async\" class=\"alignnone size-full wp-image-36539\" src=\"https:\/\/vocesparalelas.com.ar\/sitio\/wp-content\/uploads\/2021\/04\/JUNTA-TECNICA.jpg\" alt=\"\" width=\"800\" height=\"500\" srcset=\"https:\/\/vocesparalelas.com.ar\/sitio\/wp-content\/uploads\/2021\/04\/JUNTA-TECNICA.jpg 800w, https:\/\/vocesparalelas.com.ar\/sitio\/wp-content\/uploads\/2021\/04\/JUNTA-TECNICA-300x188.jpg 300w, https:\/\/vocesparalelas.com.ar\/sitio\/wp-content\/uploads\/2021\/04\/JUNTA-TECNICA-768x480.jpg 768w\" sizes=\"auto, (max-width: 800px) 100vw, 800px\" \/><\/p>\n<p>La Junta de Clasificaci\u00f3n Docente Rama T\u00e9cnica, Agropecuaria, Monot\u00e9cnica, de Formaci\u00f3n Profesional y Capacitaci\u00f3n Laboral comunica a los aspirantes que tienen turno tambi\u00e9n para el 10 de Octubre que se reprograman esos turnos pudiendo asistir durante Octubre, de 7 a 13 hs.<\/p>\n<p>&nbsp;<\/p>\n<p><img loading=\"lazy\" decoding=\"async\" class=\"alignnone size-full wp-image-28629\" src=\"https:\/\/vocesparalelas.com.ar\/sitio\/wp-content\/uploads\/2020\/05\/MINISTERIO-EDUCACION-SJ.jpg\" alt=\"\" width=\"800\" height=\"533\" srcset=\"https:\/\/vocesparalelas.com.ar\/sitio\/wp-content\/uploads\/2020\/05\/MINISTERIO-EDUCACION-SJ.jpg 800w, https:\/\/vocesparalelas.com.ar\/sitio\/wp-content\/uploads\/2020\/05\/MINISTERIO-EDUCACION-SJ-300x200.jpg 300w, https:\/\/vocesparalelas.com.ar\/sitio\/wp-content\/uploads\/2020\/05\/MINISTERIO-EDUCACION-SJ-768x512.jpg 768w\" sizes=\"auto, (max-width: 800px) 100vw, 800px\" \/><\/p>\n","protected":false},"excerpt":{"rendered":"<p>El Ministerio de Educaci\u00f3n del Gobierno de San Juan, a trav\u00e9s de la Junta de Clasificaci\u00f3n Docente Rama Primaria, informa<\/p>\n","protected":false},"author":3,"featured_media":5000,"comment_status":"closed","ping_status":"closed","sticky":false,"template":"","format":"standard","meta":{"_acf_changed":false,"_seopress_robots_primary_cat":"none","_seopress_titles_title":"","_seopress_titles_desc":"","_seopress_robots_index":"","colormag_page_container_layout":"default_layout","colormag_page_sidebar_layout":"default_layout","footnotes":""},"categories":[5],"tags":[],"class_list":["post-92206","post","type-post","status-publish","format-standard","has-post-thumbnail","hentry","category-ofrecimientos"],"acf":[],"_links":{"self":[{"href":"https:\/\/vocesparalelas.com.ar\/sitio\/wp-json\/wp\/v2\/posts\/92206","targetHints":{"allow":["GET"]}}],"collection":[{"href":"https:\/\/vocesparalelas.com.ar\/sitio\/wp-json\/wp\/v2\/posts"}],"about":[{"href":"https:\/\/vocesparalelas.com.ar\/sitio\/wp-json\/wp\/v2\/types\/post"}],"author":[{"embeddable":true,"href":"https:\/\/vocesparalelas.com.ar\/sitio\/wp-json\/wp\/v2\/users\/3"}],"replies":[{"embeddable":true,"href":"https:\/\/vocesparalelas.com.ar\/sitio\/wp-json\/wp\/v2\/comments?post=92206"}],"version-history":[{"count":3,"href":"https:\/\/vocesparalelas.com.ar\/sitio\/wp-json\/wp\/v2\/posts\/92206\/revisions"}],"predecessor-version":[{"id":92211,"href":"https:\/\/vocesparalelas.com.ar\/sitio\/wp-json\/wp\/v2\/posts\/92206\/revisions\/92211"}],"wp:featuredmedia":[{"embeddable":true,"href":"https:\/\/vocesparalelas.com.ar\/sitio\/wp-json\/wp\/v2\/media\/5000"}],"wp:attachment":[{"href":"https:\/\/vocesparalelas.com.ar\/sitio\/wp-json\/wp\/v2\/media?parent=92206"}],"wp:term":[{"taxonomy":"category","embeddable":true,"href":"https:\/\/vocesparalelas.com.ar\/sitio\/wp-json\/wp\/v2\/categories?post=92206"},{"taxonomy":"post_tag","embeddable":true,"href":"https:\/\/vocesparalelas.com.ar\/sitio\/wp-json\/wp\/v2\/tags?post=92206"}],"curies":[{"name":"wp","href":"https:\/\/api.w.org\/{rel}","templated":true}]}}