{"id":92172,"date":"2025-10-06T20:26:55","date_gmt":"2025-10-06T23:26:55","guid":{"rendered":"https:\/\/vocesparalelas.com.ar\/sitio\/?p=92172"},"modified":"2025-10-07T23:07:38","modified_gmt":"2025-10-08T02:07:38","slug":"candidatas-a-emprendedora-del-sol-2025-en-la-fiesta-nacional-del-sol-en-san-juan","status":"publish","type":"post","link":"https:\/\/vocesparalelas.com.ar\/sitio\/candidatas-a-emprendedora-del-sol-2025-en-la-fiesta-nacional-del-sol-en-san-juan\/","title":{"rendered":"Candidatas a Emprendedora del Sol 2025 en la Fiesta Nacional del Sol en San Juan"},"content":{"rendered":"<p>El concurso que se gan\u00f3 el cari\u00f1o de los sanjuaninos, ya conoce a quienes desean ser la Emprendedora de la\u00a0Fiesta Nacional del Sol 2025.<\/p>\n<p>Con un premio mayor para la ganadora y distinciones para las candidatas de cada departamento, la iniciativa busca ser un est\u00edmulo para aquellas mujeres que d\u00eda a d\u00eda trabajan y les dan forma a sus ideas.<\/p>\n<p>Impulsado por el gobernador de San Juan, Dr. Marcelo Orrego, y organizado desde el Ministerio de Producci\u00f3n, Trabajo e Innovaci\u00f3n, no se trata solo de un certamen, sino de una oportunidad para visibilizar el coraje y la capacidad de las sanjuaninas que tejen con hilos de esfuerzo y creatividad, una buena parte del motor productivo de la regi\u00f3n. Con premios en efectivo, capacitaciones, mentor\u00edas y una vitrina sin igual, este programa transforma sue\u00f1os en proyectos sostenibles que inspiran a una nueva generaci\u00f3n de mujeres a animarse a dar m\u00e1s.<\/p>\n<p>Con aportes propios del Gobierno de la provincia, las representantes de cada departamento obtienen un premio en efectivo de $2.000.000 para todas las que salieron en primer lugar y $1.500.000 para quienes resultaron en el segundo puesto. En tanto el premio para quien resulte elegida como Emprendedora 2025 asciende este a\u00f1o a $7.000.000.<\/p>\n<p>El camino hacia la final es en s\u00ed mismo una recompensa, ya que todas las finalistas acceder\u00e1n a un valioso programa de capacitaciones, mentor\u00edas personalizadas y espacios de difusi\u00f3n. Este ecosistema de apoyo est\u00e1 dise\u00f1ado para fortalecer no solo sus modelos de negocio, sino tambi\u00e9n sus capacidades personales y de liderazgo, construyendo una red s\u00f3lida de mujeres que a futuro pueden convertirse en verdaderas empresarias.<\/p>\n<p><iframe loading=\"lazy\" title=\"SAN JUAN FNS 2025\" width=\"800\" height=\"450\" src=\"https:\/\/www.youtube.com\/embed\/hG6JPSqgl-k?feature=oembed\" frameborder=\"0\" allow=\"accelerometer; autoplay; clipboard-write; encrypted-media; gyroscope; picture-in-picture; web-share\" referrerpolicy=\"strict-origin-when-cross-origin\" allowfullscreen><\/iframe><\/p>\n<p><strong><span style=\"color: #ff6600;\">Candidatas<\/span><\/strong><\/p>\n<p>Este certamen inici\u00f3 su recorrido por los 19 departamentos con la misi\u00f3n de descubrir a aquellas mujeres que convierten sus anhelos en proyectos tangibles y desarrollo para sus comunidades. A continuaci\u00f3n las ganadoras de cada departamento. S\u00f3lo las primeras, participan como candidatas a ser la Emprendedora provincial:<\/p>\n<p><strong><span style=\"color: #ff6600;\">Departamento\u00a09 de Julio<\/span><\/strong><\/p>\n<p>1- Mar\u00eda Bel\u00e9n Mallea, Cultivo hidrop\u00f3nico de hortalizas, hierbas, frutas y flores.<br \/>\n2- Miriam Carina Pelaytay, Emprendimiento textil de talles especiales.<\/p>\n<p><strong><span style=\"color: #ff6600;\">Departamento\u00a025 de Mayo<\/span><\/strong><\/p>\n<p>1- Magali Morales, Marroquiner\u00eda<br \/>\n2- Diolinda Villegas, Fabricaci\u00f3n de productos de arcilla<\/p>\n<h3><strong><span style=\"color: #ff6600;\">Departamento\u00a0Albard\u00f3n<\/span><\/strong><\/h3>\n<p>1- Paula de la Vega, Elaboraci\u00f3n de cubiertos y sorbetes de ca\u00f1a biodegradable<br \/>\n2- \u00c1gueda Fern\u00e1ndez, Elaboraci\u00f3n de cosm\u00e9tica artesanal con productos naturales y aut\u00f3ctonos.<\/p>\n<p><strong><span style=\"color: #ff6600;\">Departamento\u00a0Angaco<\/span><\/strong><\/p>\n<p>1- Laura de Lourdes Mart\u00ednez, Panificaci\u00f3n<br \/>\n2- Gisela Gonz\u00e1lez, Tipilandia (Carpas infantiles con tela friselina)<\/p>\n<p><strong><span style=\"color: #ff6600;\">Departamento\u00a0Calingasta<\/span><\/strong><\/p>\n<p>1- Nadya Carri\u00f3n, Textil e indumentaria<br \/>\n2- Irma Neira, Artesan\u00edas en piedra y madera<\/p>\n<p><strong><span style=\"color: #ff6600;\">Departamento\u00a0Capital<\/span><\/strong><\/p>\n<p>1- Abril Aranda, Aplicaci\u00f3n (app) de descuentos<br \/>\n2- Estrella S\u00e1nchez, Fabricaci\u00f3n de juguetes de madera<\/p>\n<p><strong><span style=\"color: #ff6600;\">Departamento\u00a0Caucete<\/span><\/strong><\/p>\n<p>1- Gisela Rosana Ib\u00e1\u00f1ez, Crear Puentes, Consultora en higiene y seguridad, donde propones diferentes controles seg\u00fan puestos de trabajo, con novedosos equipos de medici\u00f3n todos certificados y estandarizados<br \/>\n2- Luciana Judith Soria, Dulce Algarrobo (Organizar la recolecci\u00f3n y conservaci\u00f3n del fruto de algarroba en temporada)<\/p>\n<p><strong><span style=\"color: #ff6600;\">Departamento\u00a0Chimbas<\/span><\/strong><\/p>\n<p>1- Silvana Marianela Fontela, Archidocu Soluciones Archiv\u00edsticas para tu empresa Limpieza, organizaci\u00f3n y gesti\u00f3n de documentos de oficinas, instituciones, etc.<br \/>\n2- Mar\u00eda de las Mercedes Coria, Ra\u00edces de barro en movimiento: Cer\u00e1mica ancestral y bienestar emocional. Fusiona el arte, la cultura y la salud mental<\/p>\n<p><strong><span style=\"color: #ff6600;\">Departamento\u00a0Iglesia<\/span><\/strong><\/p>\n<p>1- Herminia Tello, Lavander\u00eda de ropa, ofrece servicio de b\u00fasqueda y entrega a domicilio o a sitios remotos<br \/>\n2- Giselda Castillo, Panificaci\u00f3n, y servicio de viandas para empresas.<\/p>\n<p><span style=\"color: #ff6600;\"><strong>Departamento\u00a0J\u00e1chal<\/strong><\/span><\/p>\n<p>1- Patricia Balmaceda, F\u00e1brica de varillas y sachet de miel<br \/>\n2- Gregoria Orme\u00f1o, Productos tradicionales, panificaci\u00f3n de J\u00e1chal.<\/p>\n<p><strong><span style=\"color: #ff6600;\">Departamento Pocito<\/span><\/strong><\/p>\n<p>1- Adriana Natalia Santander, Juegos did\u00e1cticos en madera<br \/>\n2- Roc\u00edo Poblete, Espacio deportivo de desarrollo infantil.<\/p>\n<p><span style=\"color: #ff6600;\"><strong>Departamento\u00a0Rawson<\/strong><\/span><\/p>\n<p>1- Gabriela Sarmiento, Auplit es la app que simplifica la labor como docente. Centraliza las clases, ausencias, calificaciones, etc.<br \/>\n2- Bettiana Alarc\u00f3n, Emprendimiento textil para primera infancia, niditos, mochilas, babitas, etc<\/p>\n<p><strong><span style=\"color: #ff6600;\">Departamento\u00a0Rivadavia<\/span><\/strong><\/p>\n<p>1- Nancy Edith Amelia Barrera, Mi Gur\u00ed (en ejecuci\u00f3n), Remeras inclusivas para personas no videntes. Hechas con sistema braille para que las personas que las usan, puedan leer lo que dice.<br \/>\n2- Tamara Lena, Donetta Luric (en ejecuci\u00f3n), Ropa interior inclusiva y moderna, sin l\u00edmite de talle, sexo o edad.<\/p>\n<p><strong><span style=\"color: #ff6600;\">Departamento\u00a0San Mart\u00edn<\/span><\/strong><\/p>\n<p>1- Mariela Vera, Artesan\u00edas, manualidades e indumentaria<br \/>\n2- Erika Guzm\u00e1n, Ropa de bebe.<\/p>\n<p><strong><span style=\"color: #ff6600;\">Departamento\u00a0Santa Luc\u00eda<\/span><\/strong><\/p>\n<p>1- Sabrina Tello, Fabricaci\u00f3n de parrilleros y hornos con pre moldeados<br \/>\n2- Alcira Vega, Elaboraci\u00f3n de alfajores artesanales<\/p>\n<p><strong><span style=\"color: #ff6600;\">Departamento Sarmiento<\/span><\/strong><\/p>\n<p>1- Olga Yolanda Lizzi, Dulces artesanales y regionales<br \/>\n2- Sonia Fern\u00e1ndez, Alfajores artesanales.<\/p>\n<p><strong><span style=\"color: #ff6600;\">Departamento\u00a0Ullum<\/span><\/strong><\/p>\n<p>1- Julieta Gil, Tejido al crochet<br \/>\n2- Estela Vera, Panificaci\u00f3n, semitas y facturas<\/p>\n<p><strong><span style=\"color: #ff6600;\">Departamento\u00a0Valle F\u00e9rtil<\/span><\/strong><\/p>\n<p>1- M\u00f3nica Fern\u00e1ndez, Iniciativa Saquito, Elaboraci\u00f3n de infusiones en saquitos con yuyos del departamento, rescatando sabores ancestrales de pueblos originarios.<br \/>\n2- Gladys Natalia Fern\u00e1ndez, Alfajores Artesanales Miskinay (Elaboraci\u00f3n de alfajores de sidra, dem\u00e1s citrus del departamento. Tambi\u00e9n de dulce de leche y chocolate).<\/p>\n<p><strong><span style=\"color: #ff6600;\">Departamento Zonda<\/span><\/strong><\/p>\n<p>1- \u00c1ngela Karina Rojas, Tecla- Cher Grabados en vidrio, madera, pirograbados, cotill\u00f3n personalizado<br \/>\n2- Daiana Reinoso, Puntos de Amor (Fabrica vestidos de fiesta, cumplea\u00f1os de 15, comuni\u00f3n, etc.)<\/p>\n<p>&nbsp;<\/p>\n<p><img loading=\"lazy\" decoding=\"async\" class=\"alignnone size-full wp-image-90510\" src=\"https:\/\/vocesparalelas.com.ar\/sitio\/wp-content\/uploads\/2025\/08\/FNS-2025-01.jpg\" alt=\"\" width=\"800\" height=\"450\" srcset=\"https:\/\/vocesparalelas.com.ar\/sitio\/wp-content\/uploads\/2025\/08\/FNS-2025-01.jpg 800w, https:\/\/vocesparalelas.com.ar\/sitio\/wp-content\/uploads\/2025\/08\/FNS-2025-01-300x169.jpg 300w, https:\/\/vocesparalelas.com.ar\/sitio\/wp-content\/uploads\/2025\/08\/FNS-2025-01-768x432.jpg 768w\" sizes=\"auto, (max-width: 800px) 100vw, 800px\" \/><\/p>\n","protected":false},"excerpt":{"rendered":"<p>El concurso que se gan\u00f3 el cari\u00f1o de los sanjuaninos, ya conoce a quienes desean ser la Emprendedora de la\u00a0Fiesta<\/p>\n","protected":false},"author":3,"featured_media":78769,"comment_status":"closed","ping_status":"closed","sticky":false,"template":"","format":"standard","meta":{"_acf_changed":false,"_seopress_robots_primary_cat":"none","_seopress_titles_title":"","_seopress_titles_desc":"","_seopress_robots_index":"","colormag_page_container_layout":"default_layout","colormag_page_sidebar_layout":"default_layout","footnotes":""},"categories":[8,7],"tags":[],"class_list":["post-92172","post","type-post","status-publish","format-standard","has-post-thumbnail","hentry","category-concursos","category-videos"],"acf":[],"_links":{"self":[{"href":"https:\/\/vocesparalelas.com.ar\/sitio\/wp-json\/wp\/v2\/posts\/92172","targetHints":{"allow":["GET"]}}],"collection":[{"href":"https:\/\/vocesparalelas.com.ar\/sitio\/wp-json\/wp\/v2\/posts"}],"about":[{"href":"https:\/\/vocesparalelas.com.ar\/sitio\/wp-json\/wp\/v2\/types\/post"}],"author":[{"embeddable":true,"href":"https:\/\/vocesparalelas.com.ar\/sitio\/wp-json\/wp\/v2\/users\/3"}],"replies":[{"embeddable":true,"href":"https:\/\/vocesparalelas.com.ar\/sitio\/wp-json\/wp\/v2\/comments?post=92172"}],"version-history":[{"count":3,"href":"https:\/\/vocesparalelas.com.ar\/sitio\/wp-json\/wp\/v2\/posts\/92172\/revisions"}],"predecessor-version":[{"id":92177,"href":"https:\/\/vocesparalelas.com.ar\/sitio\/wp-json\/wp\/v2\/posts\/92172\/revisions\/92177"}],"wp:featuredmedia":[{"embeddable":true,"href":"https:\/\/vocesparalelas.com.ar\/sitio\/wp-json\/wp\/v2\/media\/78769"}],"wp:attachment":[{"href":"https:\/\/vocesparalelas.com.ar\/sitio\/wp-json\/wp\/v2\/media?parent=92172"}],"wp:term":[{"taxonomy":"category","embeddable":true,"href":"https:\/\/vocesparalelas.com.ar\/sitio\/wp-json\/wp\/v2\/categories?post=92172"},{"taxonomy":"post_tag","embeddable":true,"href":"https:\/\/vocesparalelas.com.ar\/sitio\/wp-json\/wp\/v2\/tags?post=92172"}],"curies":[{"name":"wp","href":"https:\/\/api.w.org\/{rel}","templated":true}]}}