{"id":92148,"date":"2025-10-04T19:55:10","date_gmt":"2025-10-04T22:55:10","guid":{"rendered":"https:\/\/vocesparalelas.com.ar\/sitio\/?p=92148"},"modified":"2025-10-04T20:01:55","modified_gmt":"2025-10-04T23:01:55","slug":"cerro-la-semana-del-turismo-con-los-alumnos-de-la-escuela-ricardo-guiraldes-y-astroturismo-en-iglesia-de-san-juan","status":"publish","type":"post","link":"https:\/\/vocesparalelas.com.ar\/sitio\/cerro-la-semana-del-turismo-con-los-alumnos-de-la-escuela-ricardo-guiraldes-y-astroturismo-en-iglesia-de-san-juan\/","title":{"rendered":"Cerr\u00f3 la Semana del Turismo con los alumnos de la Escuela Ricardo G\u00fciraldes y astroturismo en Iglesia de San Juan"},"content":{"rendered":"<p>La Escuela Ricardo G\u00fciraldes, con orientaci\u00f3n en turismo, cerr\u00f3 la Semana del Turismo con una actividad dedicada al astroturismo, una experiencia que invit\u00f3 a descubrir el cielo nocturno como recurso natural y cultural de gran valor para nuestro territorio.<\/p>\n<p>La jornada cont\u00f3 con la participaci\u00f3n del Lic. Arturo S\u00e1nchez, quien ofreci\u00f3 una clase magistral e introdujo a los estudiantes en esta disciplina desde el Mirador de La Alfalfa en Tudcum.<\/p>\n<p>M\u00e1s de 35 alumnos, acompa\u00f1ados por docentes y familias de la comunidad, vivieron una experiencia fascinante y enriquecedora que uni\u00f3 ciencia, turismo y aprendizaje vivencial.<\/p>\n<p><img loading=\"lazy\" decoding=\"async\" class=\"alignnone size-full wp-image-92154\" src=\"https:\/\/vocesparalelas.com.ar\/sitio\/wp-content\/uploads\/2025\/10\/IGLESIA-ASTROTURISMO-02.jpg\" alt=\"\" width=\"800\" height=\"533\" srcset=\"https:\/\/vocesparalelas.com.ar\/sitio\/wp-content\/uploads\/2025\/10\/IGLESIA-ASTROTURISMO-02.jpg 800w, https:\/\/vocesparalelas.com.ar\/sitio\/wp-content\/uploads\/2025\/10\/IGLESIA-ASTROTURISMO-02-300x200.jpg 300w, https:\/\/vocesparalelas.com.ar\/sitio\/wp-content\/uploads\/2025\/10\/IGLESIA-ASTROTURISMO-02-768x512.jpg 768w\" sizes=\"auto, (max-width: 800px) 100vw, 800px\" \/><\/p>\n<p>En este contexto, la Secretaria de Turismo de la Municipalidad de Iglesia, Prof. Fany Perna agradeci\u00f3 la participaci\u00f3n en la Feria Internacional de Turismo, en Buenos Aires, con un stand para mostrar y hacer conocer los espacios naturales, la cultura y la gente del Departamento dentro de la gran propuesta de San Juan.<\/p>\n<p><iframe loading=\"lazy\" title=\"SAN JUAN IGLESIA TURISMO\" width=\"563\" height=\"1000\" src=\"https:\/\/www.youtube.com\/embed\/tIKQBKkeZdI?feature=oembed\" frameborder=\"0\" allow=\"accelerometer; autoplay; clipboard-write; encrypted-media; gyroscope; picture-in-picture; web-share\" referrerpolicy=\"strict-origin-when-cross-origin\" allowfullscreen><\/iframe><\/p>\n<p>Desde la Municipalidad de Iglesia y la Secretar\u00eda de Turismo, Cultura y Deporte celebran y apoyan estas iniciativas que fortalecen la formaci\u00f3n de los j\u00f3venes estudiantes y consolidan nuevas miradas sobre el desarrollo tur\u00edstico local.<\/p>\n<p><img loading=\"lazy\" decoding=\"async\" class=\"alignnone size-large wp-image-92151\" src=\"https:\/\/vocesparalelas.com.ar\/sitio\/wp-content\/uploads\/2025\/10\/IGLESIA-FIT.jpg\" alt=\"\" width=\"800\" height=\"600\" srcset=\"https:\/\/vocesparalelas.com.ar\/sitio\/wp-content\/uploads\/2025\/10\/IGLESIA-FIT.jpg 800w, https:\/\/vocesparalelas.com.ar\/sitio\/wp-content\/uploads\/2025\/10\/IGLESIA-FIT-300x225.jpg 300w, https:\/\/vocesparalelas.com.ar\/sitio\/wp-content\/uploads\/2025\/10\/IGLESIA-FIT-768x576.jpg 768w\" sizes=\"auto, (max-width: 800px) 100vw, 800px\" \/><\/p>\n<p>Felicitaciones especialmente a los alumnos, profesores y directivos de la Escuela Ricardo G\u00fciraldes por su compromiso y entusiasmo en esta valiosa actividad.<\/p>\n<p><span style=\"color: #ff6600;\"><strong>Agradecimiento a\u00a0 las Fotograf\u00edas <\/strong><\/span><\/p>\n<ul>\n<li>Luis Anes Municipalidad de Iglesia<\/li>\n<li>Colaboraci\u00f3n de la Prof. Natalia Davila<\/li>\n<\/ul>\n<p><img loading=\"lazy\" decoding=\"async\" class=\"alignnone size-full wp-image-91565\" src=\"https:\/\/vocesparalelas.com.ar\/sitio\/wp-content\/uploads\/2025\/09\/MUNICIPALIDAD-IGLESIA.jpg\" alt=\"\" width=\"800\" height=\"533\" srcset=\"https:\/\/vocesparalelas.com.ar\/sitio\/wp-content\/uploads\/2025\/09\/MUNICIPALIDAD-IGLESIA.jpg 800w, https:\/\/vocesparalelas.com.ar\/sitio\/wp-content\/uploads\/2025\/09\/MUNICIPALIDAD-IGLESIA-300x200.jpg 300w, https:\/\/vocesparalelas.com.ar\/sitio\/wp-content\/uploads\/2025\/09\/MUNICIPALIDAD-IGLESIA-768x512.jpg 768w\" sizes=\"auto, (max-width: 800px) 100vw, 800px\" \/><\/p>\n","protected":false},"excerpt":{"rendered":"<p>La Escuela Ricardo G\u00fciraldes, con orientaci\u00f3n en turismo, cerr\u00f3 la Semana del Turismo con una actividad dedicada al astroturismo, una<\/p>\n","protected":false},"author":3,"featured_media":92153,"comment_status":"closed","ping_status":"closed","sticky":false,"template":"","format":"standard","meta":{"_acf_changed":false,"_seopress_robots_primary_cat":"none","_seopress_titles_title":"","_seopress_titles_desc":"","_seopress_robots_index":"","colormag_page_container_layout":"default_layout","colormag_page_sidebar_layout":"default_layout","footnotes":""},"categories":[1,7],"tags":[],"class_list":["post-92148","post","type-post","status-publish","format-standard","has-post-thumbnail","hentry","category-destacadas","category-videos"],"acf":[],"_links":{"self":[{"href":"https:\/\/vocesparalelas.com.ar\/sitio\/wp-json\/wp\/v2\/posts\/92148","targetHints":{"allow":["GET"]}}],"collection":[{"href":"https:\/\/vocesparalelas.com.ar\/sitio\/wp-json\/wp\/v2\/posts"}],"about":[{"href":"https:\/\/vocesparalelas.com.ar\/sitio\/wp-json\/wp\/v2\/types\/post"}],"author":[{"embeddable":true,"href":"https:\/\/vocesparalelas.com.ar\/sitio\/wp-json\/wp\/v2\/users\/3"}],"replies":[{"embeddable":true,"href":"https:\/\/vocesparalelas.com.ar\/sitio\/wp-json\/wp\/v2\/comments?post=92148"}],"version-history":[{"count":3,"href":"https:\/\/vocesparalelas.com.ar\/sitio\/wp-json\/wp\/v2\/posts\/92148\/revisions"}],"predecessor-version":[{"id":92156,"href":"https:\/\/vocesparalelas.com.ar\/sitio\/wp-json\/wp\/v2\/posts\/92148\/revisions\/92156"}],"wp:featuredmedia":[{"embeddable":true,"href":"https:\/\/vocesparalelas.com.ar\/sitio\/wp-json\/wp\/v2\/media\/92153"}],"wp:attachment":[{"href":"https:\/\/vocesparalelas.com.ar\/sitio\/wp-json\/wp\/v2\/media?parent=92148"}],"wp:term":[{"taxonomy":"category","embeddable":true,"href":"https:\/\/vocesparalelas.com.ar\/sitio\/wp-json\/wp\/v2\/categories?post=92148"},{"taxonomy":"post_tag","embeddable":true,"href":"https:\/\/vocesparalelas.com.ar\/sitio\/wp-json\/wp\/v2\/tags?post=92148"}],"curies":[{"name":"wp","href":"https:\/\/api.w.org\/{rel}","templated":true}]}}