{"id":92142,"date":"2025-10-04T19:00:14","date_gmt":"2025-10-04T22:00:14","guid":{"rendered":"https:\/\/vocesparalelas.com.ar\/sitio\/?p=92142"},"modified":"2025-10-06T23:43:22","modified_gmt":"2025-10-07T02:43:22","slug":"capacitacion-en-gastronomia-y-hoteleria-y-entrega-de-certificados-en-el-departamento-iglesia-de-san-juan","status":"publish","type":"post","link":"https:\/\/vocesparalelas.com.ar\/sitio\/capacitacion-en-gastronomia-y-hoteleria-y-entrega-de-certificados-en-el-departamento-iglesia-de-san-juan\/","title":{"rendered":"Capacitaci\u00f3n en Gastronom\u00eda y Hoteler\u00eda y entrega de certificados en el Departamento Iglesia de San Juan"},"content":{"rendered":"<p>El Viernes,03 de Octubre,\u00a0 la Municipalidad de Iglesia y la Empresa Alta Tecnolog\u00eda Alimentaria &#8211; ATA -, desarroll\u00f3 y finaliz\u00f3 la Capacitaci\u00f3n en Gastronom\u00eda y Hoteler\u00eda, donde participaron\u00a0 23 vecinos y conform\u00f3 el 2\u00b0 grupo que permiti\u00f3 el \u00e9xito de la iniciativa.<\/p>\n<p>Este programa refleja c\u00f3mo la articulaci\u00f3n entre el sector p\u00fablico y privado contin\u00faa abriendo espacios de formaci\u00f3n y empleo, fortaleciendo el desarrollo tur\u00edstico y el crecimiento de nuestra comunidad.<\/p>\n<p><img loading=\"lazy\" decoding=\"async\" class=\"alignnone size-full wp-image-92146\" src=\"https:\/\/vocesparalelas.com.ar\/sitio\/wp-content\/uploads\/2025\/10\/IGLESIA-GASTRONOMIA-02.jpg\" alt=\"\" width=\"800\" height=\"466\" srcset=\"https:\/\/vocesparalelas.com.ar\/sitio\/wp-content\/uploads\/2025\/10\/IGLESIA-GASTRONOMIA-02.jpg 800w, https:\/\/vocesparalelas.com.ar\/sitio\/wp-content\/uploads\/2025\/10\/IGLESIA-GASTRONOMIA-02-300x175.jpg 300w, https:\/\/vocesparalelas.com.ar\/sitio\/wp-content\/uploads\/2025\/10\/IGLESIA-GASTRONOMIA-02-768x447.jpg 768w\" sizes=\"auto, (max-width: 800px) 100vw, 800px\" \/><\/p>\n<p>En la entrega de certificados particip\u00f3 el Intendente de la Municipalidad de iglesia, Dr. Jorge Espejo, acompa\u00f1ado por autoridades locales, referentes de la empresa ATA y profesores de la capacitaci\u00f3n, quienes destacaron la importancia de seguir impulsando oportunidades de aprendizaje para los integrantes de la comunidad.<\/p>\n<p>Desde la Municipalidad de Iglesia felicita a cada egresado por este logro y agradece a ATA por el compromiso sostenido con nuestra gente.<\/p>\n<p>#IglesiaCrece #Capacitaci\u00f3n #TrabajoConjunto #Gastronom\u00edaYHoteler\u00eda #OportunidadesParaTodos<\/p>\n<p>&nbsp;<\/p>\n<p><img loading=\"lazy\" decoding=\"async\" class=\"alignnone size-full wp-image-91565\" src=\"https:\/\/vocesparalelas.com.ar\/sitio\/wp-content\/uploads\/2025\/09\/MUNICIPALIDAD-IGLESIA.jpg\" alt=\"\" width=\"800\" height=\"533\" srcset=\"https:\/\/vocesparalelas.com.ar\/sitio\/wp-content\/uploads\/2025\/09\/MUNICIPALIDAD-IGLESIA.jpg 800w, https:\/\/vocesparalelas.com.ar\/sitio\/wp-content\/uploads\/2025\/09\/MUNICIPALIDAD-IGLESIA-300x200.jpg 300w, https:\/\/vocesparalelas.com.ar\/sitio\/wp-content\/uploads\/2025\/09\/MUNICIPALIDAD-IGLESIA-768x512.jpg 768w\" sizes=\"auto, (max-width: 800px) 100vw, 800px\" \/><\/p>\n","protected":false},"excerpt":{"rendered":"<p>El Viernes,03 de Octubre,\u00a0 la Municipalidad de Iglesia y la Empresa Alta Tecnolog\u00eda Alimentaria &#8211; ATA -, desarroll\u00f3 y finaliz\u00f3<\/p>\n","protected":false},"author":3,"featured_media":92145,"comment_status":"closed","ping_status":"closed","sticky":false,"template":"","format":"standard","meta":{"_acf_changed":false,"_seopress_robots_primary_cat":"none","_seopress_titles_title":"","_seopress_titles_desc":"","_seopress_robots_index":"","colormag_page_container_layout":"default_layout","colormag_page_sidebar_layout":"default_layout","footnotes":""},"categories":[9],"tags":[],"class_list":["post-92142","post","type-post","status-publish","format-standard","has-post-thumbnail","hentry","category-cursos"],"acf":[],"_links":{"self":[{"href":"https:\/\/vocesparalelas.com.ar\/sitio\/wp-json\/wp\/v2\/posts\/92142","targetHints":{"allow":["GET"]}}],"collection":[{"href":"https:\/\/vocesparalelas.com.ar\/sitio\/wp-json\/wp\/v2\/posts"}],"about":[{"href":"https:\/\/vocesparalelas.com.ar\/sitio\/wp-json\/wp\/v2\/types\/post"}],"author":[{"embeddable":true,"href":"https:\/\/vocesparalelas.com.ar\/sitio\/wp-json\/wp\/v2\/users\/3"}],"replies":[{"embeddable":true,"href":"https:\/\/vocesparalelas.com.ar\/sitio\/wp-json\/wp\/v2\/comments?post=92142"}],"version-history":[{"count":1,"href":"https:\/\/vocesparalelas.com.ar\/sitio\/wp-json\/wp\/v2\/posts\/92142\/revisions"}],"predecessor-version":[{"id":92147,"href":"https:\/\/vocesparalelas.com.ar\/sitio\/wp-json\/wp\/v2\/posts\/92142\/revisions\/92147"}],"wp:featuredmedia":[{"embeddable":true,"href":"https:\/\/vocesparalelas.com.ar\/sitio\/wp-json\/wp\/v2\/media\/92145"}],"wp:attachment":[{"href":"https:\/\/vocesparalelas.com.ar\/sitio\/wp-json\/wp\/v2\/media?parent=92142"}],"wp:term":[{"taxonomy":"category","embeddable":true,"href":"https:\/\/vocesparalelas.com.ar\/sitio\/wp-json\/wp\/v2\/categories?post=92142"},{"taxonomy":"post_tag","embeddable":true,"href":"https:\/\/vocesparalelas.com.ar\/sitio\/wp-json\/wp\/v2\/tags?post=92142"}],"curies":[{"name":"wp","href":"https:\/\/api.w.org\/{rel}","templated":true}]}}