{"id":92138,"date":"2025-10-04T14:35:28","date_gmt":"2025-10-04T17:35:28","guid":{"rendered":"https:\/\/vocesparalelas.com.ar\/sitio\/?p=92138"},"modified":"2025-10-06T23:45:35","modified_gmt":"2025-10-07T02:45:35","slug":"cuida-el-agua-potable-por-algun-inconveniente-frente-a-la-alerta-meteorologica-en-san-juan","status":"publish","type":"post","link":"https:\/\/vocesparalelas.com.ar\/sitio\/cuida-el-agua-potable-por-algun-inconveniente-frente-a-la-alerta-meteorologica-en-san-juan\/","title":{"rendered":"Cuida el Agua Potable por alg\u00fan inconveniente frente a la alerta meteorol\u00f3gica en San Juan"},"content":{"rendered":"<p>Obras Sanitarias de San Juan informa que debido al alerta por vientos fuertes en toda la provincia se refuerzan las guardias de mantenimiento, servicios y centro de atenci\u00f3n al usuario para asegurar la continuidad del servicio en caso que se presente alg\u00fan inconveniente.<\/p>\n<p>Las fuertes r\u00e1fagas de viento pueden ocasionar la interrupci\u00f3n del suministro el\u00e9ctrico u obstrucciones en las tomas de agua cruda afectando el normal funcionamiento sistemas de agua potable.<\/p>\n<p>Sugerimos extremar el cuidado de la reserva del tanque domiciliario, priorizando el consumo de agua potable para actividades b\u00e1sicas de bebida, higiene y alimentaci\u00f3n<\/p>\n<p><span style=\"color: #0000ff;\"><strong>N\u00famero de Informe<\/strong><\/span><\/p>\n<ul>\n<li>300\/2025<\/li>\n<li>264 506 4444<\/li>\n<li>0800-222-6773<\/li>\n<\/ul>\n<p>&nbsp;<\/p>\n<p><img loading=\"lazy\" decoding=\"async\" class=\"alignnone size-full wp-image-87993\" src=\"https:\/\/vocesparalelas.com.ar\/sitio\/wp-content\/uploads\/2025\/06\/OSSE-LOGO-ULTIMO.jpg\" alt=\"\" width=\"800\" height=\"446\" srcset=\"https:\/\/vocesparalelas.com.ar\/sitio\/wp-content\/uploads\/2025\/06\/OSSE-LOGO-ULTIMO.jpg 800w, https:\/\/vocesparalelas.com.ar\/sitio\/wp-content\/uploads\/2025\/06\/OSSE-LOGO-ULTIMO-300x167.jpg 300w, https:\/\/vocesparalelas.com.ar\/sitio\/wp-content\/uploads\/2025\/06\/OSSE-LOGO-ULTIMO-768x428.jpg 768w\" sizes=\"auto, (max-width: 800px) 100vw, 800px\" \/><\/p>\n","protected":false},"excerpt":{"rendered":"<p>Obras Sanitarias de San Juan informa que debido al alerta por vientos fuertes en toda la provincia se refuerzan las<\/p>\n","protected":false},"author":3,"featured_media":18022,"comment_status":"closed","ping_status":"closed","sticky":false,"template":"","format":"standard","meta":{"_acf_changed":false,"_seopress_robots_primary_cat":"none","_seopress_titles_title":"","_seopress_titles_desc":"","_seopress_robots_index":"","colormag_page_container_layout":"default_layout","colormag_page_sidebar_layout":"default_layout","footnotes":""},"categories":[6],"tags":[],"class_list":["post-92138","post","type-post","status-publish","format-standard","has-post-thumbnail","hentry","category-eventos"],"acf":[],"_links":{"self":[{"href":"https:\/\/vocesparalelas.com.ar\/sitio\/wp-json\/wp\/v2\/posts\/92138","targetHints":{"allow":["GET"]}}],"collection":[{"href":"https:\/\/vocesparalelas.com.ar\/sitio\/wp-json\/wp\/v2\/posts"}],"about":[{"href":"https:\/\/vocesparalelas.com.ar\/sitio\/wp-json\/wp\/v2\/types\/post"}],"author":[{"embeddable":true,"href":"https:\/\/vocesparalelas.com.ar\/sitio\/wp-json\/wp\/v2\/users\/3"}],"replies":[{"embeddable":true,"href":"https:\/\/vocesparalelas.com.ar\/sitio\/wp-json\/wp\/v2\/comments?post=92138"}],"version-history":[{"count":1,"href":"https:\/\/vocesparalelas.com.ar\/sitio\/wp-json\/wp\/v2\/posts\/92138\/revisions"}],"predecessor-version":[{"id":92141,"href":"https:\/\/vocesparalelas.com.ar\/sitio\/wp-json\/wp\/v2\/posts\/92138\/revisions\/92141"}],"wp:featuredmedia":[{"embeddable":true,"href":"https:\/\/vocesparalelas.com.ar\/sitio\/wp-json\/wp\/v2\/media\/18022"}],"wp:attachment":[{"href":"https:\/\/vocesparalelas.com.ar\/sitio\/wp-json\/wp\/v2\/media?parent=92138"}],"wp:term":[{"taxonomy":"category","embeddable":true,"href":"https:\/\/vocesparalelas.com.ar\/sitio\/wp-json\/wp\/v2\/categories?post=92138"},{"taxonomy":"post_tag","embeddable":true,"href":"https:\/\/vocesparalelas.com.ar\/sitio\/wp-json\/wp\/v2\/tags?post=92138"}],"curies":[{"name":"wp","href":"https:\/\/api.w.org\/{rel}","templated":true}]}}