{"id":92125,"date":"2025-10-03T23:30:02","date_gmt":"2025-10-04T02:30:02","guid":{"rendered":"https:\/\/vocesparalelas.com.ar\/sitio\/?p=92125"},"modified":"2025-10-08T14:58:18","modified_gmt":"2025-10-08T17:58:18","slug":"la-fi-de-la-unsj-glencore-pachon-y-la-municipalidad-de-calingasta-dictan-dos-diplomaturas-universitarias","status":"publish","type":"post","link":"https:\/\/vocesparalelas.com.ar\/sitio\/la-fi-de-la-unsj-glencore-pachon-y-la-municipalidad-de-calingasta-dictan-dos-diplomaturas-universitarias\/","title":{"rendered":"La FI de la UNSJ, Glencore Pach\u00f3n y la Municipalidad de Calingasta dictan dos Diplomaturas Universitarias"},"content":{"rendered":"<p>En el Rectorado de la Universidad Nacional de San Juan se suscribi\u00f3 un Convenio Espec\u00edfico para el dictado de dos Diplomaturas de Extensi\u00f3n Universitaria en el departamento Calingasta.<\/p>\n<p>La Facultad de Ingenier\u00eda, Glencore Pach\u00f3n, Caterwest y la Municipalidad de Calingasta suscribieron un<br \/>\nConvenio Espec\u00edfico con el objeto de dictar dos Diplomaturas Universitarias en el departamento de<br \/>\nCalingasta.<\/p>\n<p><img loading=\"lazy\" decoding=\"async\" class=\"alignnone size-full wp-image-92275\" src=\"https:\/\/vocesparalelas.com.ar\/sitio\/wp-content\/uploads\/2025\/10\/FI-UNSJ-DIPLOMATURAS-06.jpg\" alt=\"\" width=\"800\" height=\"533\" srcset=\"https:\/\/vocesparalelas.com.ar\/sitio\/wp-content\/uploads\/2025\/10\/FI-UNSJ-DIPLOMATURAS-06.jpg 800w, https:\/\/vocesparalelas.com.ar\/sitio\/wp-content\/uploads\/2025\/10\/FI-UNSJ-DIPLOMATURAS-06-300x200.jpg 300w, https:\/\/vocesparalelas.com.ar\/sitio\/wp-content\/uploads\/2025\/10\/FI-UNSJ-DIPLOMATURAS-06-768x512.jpg 768w\" sizes=\"auto, (max-width: 800px) 100vw, 800px\" \/><\/p>\n<p>Una integrante del equipo de las Diplomaturas explic\u00f3 lo que significa estos logros en beneficios\u00a0 para los j\u00f3venes del Departamento de Calingasta, la cual se desarrolla en las Aulas H\u00edbridas en su trayecto te\u00f3rico y se combina con clases pr\u00e1cticas presenciales.<\/p>\n<p>&nbsp;<\/p>\n<p>Posteriormente, se realiz\u00f3 la firma del convenio<\/p>\n<p><img loading=\"lazy\" decoding=\"async\" class=\"alignnone size-full wp-image-92133\" src=\"https:\/\/vocesparalelas.com.ar\/sitio\/wp-content\/uploads\/2025\/10\/FI-UNSJ-DIPLOMATURAS-04.jpg\" alt=\"\" width=\"800\" height=\"533\" srcset=\"https:\/\/vocesparalelas.com.ar\/sitio\/wp-content\/uploads\/2025\/10\/FI-UNSJ-DIPLOMATURAS-04.jpg 800w, https:\/\/vocesparalelas.com.ar\/sitio\/wp-content\/uploads\/2025\/10\/FI-UNSJ-DIPLOMATURAS-04-300x200.jpg 300w, https:\/\/vocesparalelas.com.ar\/sitio\/wp-content\/uploads\/2025\/10\/FI-UNSJ-DIPLOMATURAS-04-768x512.jpg 768w\" sizes=\"auto, (max-width: 800px) 100vw, 800px\" \/><\/p>\n<p><img loading=\"lazy\" decoding=\"async\" class=\"alignnone size-full wp-image-92132\" src=\"https:\/\/vocesparalelas.com.ar\/sitio\/wp-content\/uploads\/2025\/10\/FI-UNSJ-DIPLOMATURAS-03.jpg\" alt=\"\" width=\"800\" height=\"533\" srcset=\"https:\/\/vocesparalelas.com.ar\/sitio\/wp-content\/uploads\/2025\/10\/FI-UNSJ-DIPLOMATURAS-03.jpg 800w, https:\/\/vocesparalelas.com.ar\/sitio\/wp-content\/uploads\/2025\/10\/FI-UNSJ-DIPLOMATURAS-03-300x200.jpg 300w, https:\/\/vocesparalelas.com.ar\/sitio\/wp-content\/uploads\/2025\/10\/FI-UNSJ-DIPLOMATURAS-03-768x512.jpg 768w\" sizes=\"auto, (max-width: 800px) 100vw, 800px\" \/><\/p>\n<p><img loading=\"lazy\" decoding=\"async\" class=\"alignnone size-full wp-image-92131\" src=\"https:\/\/vocesparalelas.com.ar\/sitio\/wp-content\/uploads\/2025\/10\/FI-UNSJ-DIPLOMATURAS-02.jpg\" alt=\"\" width=\"800\" height=\"533\" srcset=\"https:\/\/vocesparalelas.com.ar\/sitio\/wp-content\/uploads\/2025\/10\/FI-UNSJ-DIPLOMATURAS-02.jpg 800w, https:\/\/vocesparalelas.com.ar\/sitio\/wp-content\/uploads\/2025\/10\/FI-UNSJ-DIPLOMATURAS-02-300x200.jpg 300w, https:\/\/vocesparalelas.com.ar\/sitio\/wp-content\/uploads\/2025\/10\/FI-UNSJ-DIPLOMATURAS-02-768x512.jpg 768w\" sizes=\"auto, (max-width: 800px) 100vw, 800px\" \/><\/p>\n<p>&nbsp;<\/p>\n<p><img loading=\"lazy\" decoding=\"async\" class=\"alignnone size-full wp-image-92134\" src=\"https:\/\/vocesparalelas.com.ar\/sitio\/wp-content\/uploads\/2025\/10\/FI-UNSJ-DIPLOMATURAS-05.jpg\" alt=\"\" width=\"800\" height=\"475\" srcset=\"https:\/\/vocesparalelas.com.ar\/sitio\/wp-content\/uploads\/2025\/10\/FI-UNSJ-DIPLOMATURAS-05.jpg 800w, https:\/\/vocesparalelas.com.ar\/sitio\/wp-content\/uploads\/2025\/10\/FI-UNSJ-DIPLOMATURAS-05-300x178.jpg 300w, https:\/\/vocesparalelas.com.ar\/sitio\/wp-content\/uploads\/2025\/10\/FI-UNSJ-DIPLOMATURAS-05-768x456.jpg 768w\" sizes=\"auto, (max-width: 800px) 100vw, 800px\" \/><\/p>\n<p>Esta alianza entre el sector privado y p\u00fablico apunta a brindar a j\u00f3venes y adultos herramientas actualizadas para fortalecer su perfil laboral y acad\u00e9mico, con opciones accesibles que combinan modalidad presencial y virtual.<\/p>\n<p>La Decana de la FI de la UNSJ, Dra. Andrea D\u00edaz, quien explic\u00f3 el desarrollo y la importancia de aportar a la sociedad las dos diplomaturas que apuntan a capacitar a los habitantes del Departamento Calingasta.<\/p>\n<p><iframe loading=\"lazy\" title=\"UNSJ FI DECANA DRA. ANDREA D\u00cdAZ \" width=\"800\" height=\"450\" src=\"https:\/\/www.youtube.com\/embed\/EJAngA6K3Js?feature=oembed\" frameborder=\"0\" allow=\"accelerometer; autoplay; clipboard-write; encrypted-media; gyroscope; picture-in-picture; web-share\" referrerpolicy=\"strict-origin-when-cross-origin\" allowfullscreen><\/iframe><\/p>\n<p>Luego la Vicerrectora de la UNSJ, Prof. Andrea Laceta apunt\u00f3 y resalt\u00f3 la funci\u00f3n de la Universidad P\u00fablica de poder llegar a la comunidad de zonas alejadas de San Juan y hoy toca fortalecer los lazos con la comunidad de Calingasta.<\/p>\n<p><iframe loading=\"lazy\" title=\"UNSJ VICERRECTORA PROF. ANDREA LACETA \" width=\"800\" height=\"450\" src=\"https:\/\/www.youtube.com\/embed\/jvN7l4Lxt6w?feature=oembed\" frameborder=\"0\" allow=\"accelerometer; autoplay; clipboard-write; encrypted-media; gyroscope; picture-in-picture; web-share\" referrerpolicy=\"strict-origin-when-cross-origin\" allowfullscreen><\/iframe><\/p>\n<p>Finalmente, el Intendente de la Municipalidad de Calingasta, Dr. Sebasti\u00e1n Carbajal, quien agradeci\u00f3 a las autoridades de la Universidad y a la Facultad de Ingenier\u00eda de llegar a satisfacer a la comunidad de capacitaciones que permitan fortalecer lo laboral.<\/p>\n<p><iframe loading=\"lazy\" title=\"UNSJ FI INTENDENTE CALINGASTA DR. SEBASTI\u00c1N CARBAJAL\" width=\"800\" height=\"450\" src=\"https:\/\/www.youtube.com\/embed\/xcQ15yr8rE0?feature=oembed\" frameborder=\"0\" allow=\"accelerometer; autoplay; clipboard-write; encrypted-media; gyroscope; picture-in-picture; web-share\" referrerpolicy=\"strict-origin-when-cross-origin\" allowfullscreen><\/iframe><\/p>\n<p>&nbsp;<\/p>\n<p><strong><span style=\"color: #ff6600;\">Diplomatura Universitaria en Desarrollo de Emprendimientos Alimenticios con Identidad Regional<\/span><\/strong><\/p>\n<p>Esta diplomatura se enmarca en el compromiso con los Objetivos de Desarrollo Sostenible (ODS) establecidos por la Agenda 2030, abordando de manera integral los desaf\u00edos econ\u00f3micos, sociales y ambientales que enfrentan las comunidades rurales. Este programa tiene como prop\u00f3sito contribuir al desarrollo sostenible y fomentar la resiliencia en regiones alejadas a la Ciudad de San Juan, impulsando emprendimientos agroalimentarios que integren innovaci\u00f3n, sostenibilidad y el fortalecimiento de la identidad regional.<\/p>\n<p>La Diplomatura atiende aspectos fundamentales que ayudan a emprendedores y productores locales en el desarrollo de emprendimientos agroalimentarios sostenibles, fomentando el agregado de valor a los productos agropecuarios de la regi\u00f3n, con un enfoque en la innovaci\u00f3n.<\/p>\n<p><strong><span style=\"color: #ff6600;\">Diplomatura Universitaria en Instalaci\u00f3n y Mantenimiento de Redes de Fibra \u00d3ptica<\/span><\/strong><\/p>\n<p>El objetivo de esta diplomatura es capacitar a recursos humanos en aspectos t\u00e9cnicos referidos a la instalaci\u00f3n y mantenimiento de redes de datos basadas en transmisi\u00f3n por fibra \u00f3ptica, utilizadas actualmente. La misma abarca conceptos te\u00f3ricos b\u00e1sicos que ser\u00e1n aplicados mediante experiencias pr\u00e1cticas que se desarrollar\u00e1n durante el trayecto formativo.<\/p>\n<p>El dictado de ambas diplomaturas estar\u00e1 a cargo de profesionales especialistas en el tema que forman parte del cuerpo acad\u00e9mico de la Universidad Nacional de San Juan, dependiente de la Facultad de Ingenier\u00eda de la UNSJ.<\/p>\n<p><strong><span style=\"color: #ff6600;\">Inscripciones<\/span><\/strong><\/p>\n<p>Del 06 al 09 de Octubre, en oficina de Glencore Pach\u00f3n, San Mart\u00edn 69, Oeste, Barreal, de 9 a 13 hs y de 15 a 18 hs<br \/>\nCupos limitados: en cada diplomatura el cupo es de 30 personas.<\/p>\n<p><strong><span style=\"color: #ff6600;\">Requisitos de inscripci\u00f3n y destinatarios<\/span><\/strong><\/p>\n<ul>\n<li>Ser mayor de 18 a\u00f1os;<\/li>\n<li>Estudios secundarios completos<\/li>\n<li>Residir en el departamento de Calingasta.<\/li>\n<\/ul>\n<p>Ambas diplomaturas inician el 13 de Octubre y finalizan el 12 de Diciembre de 2025 y se dicta en Barreal, Departamento Calingasta.<\/p>\n<p><img loading=\"lazy\" decoding=\"async\" class=\"alignnone size-full wp-image-60280\" src=\"https:\/\/vocesparalelas.com.ar\/sitio\/wp-content\/uploads\/2023\/06\/FI-UNSJ-FRENTE.jpg\" alt=\"\" width=\"800\" height=\"600\" srcset=\"https:\/\/vocesparalelas.com.ar\/sitio\/wp-content\/uploads\/2023\/06\/FI-UNSJ-FRENTE.jpg 800w, https:\/\/vocesparalelas.com.ar\/sitio\/wp-content\/uploads\/2023\/06\/FI-UNSJ-FRENTE-300x225.jpg 300w, https:\/\/vocesparalelas.com.ar\/sitio\/wp-content\/uploads\/2023\/06\/FI-UNSJ-FRENTE-768x576.jpg 768w\" sizes=\"auto, (max-width: 800px) 100vw, 800px\" \/><\/p>\n","protected":false},"excerpt":{"rendered":"<p>En el Rectorado de la Universidad Nacional de San Juan se suscribi\u00f3 un Convenio Espec\u00edfico para el dictado de dos<\/p>\n","protected":false},"author":3,"featured_media":92128,"comment_status":"closed","ping_status":"closed","sticky":false,"template":"","format":"standard","meta":{"_acf_changed":false,"_seopress_robots_primary_cat":"none","_seopress_titles_title":"","_seopress_titles_desc":"","_seopress_robots_index":"","colormag_page_container_layout":"default_layout","colormag_page_sidebar_layout":"default_layout","footnotes":""},"categories":[9,7],"tags":[],"class_list":["post-92125","post","type-post","status-publish","format-standard","has-post-thumbnail","hentry","category-cursos","category-videos"],"acf":[],"_links":{"self":[{"href":"https:\/\/vocesparalelas.com.ar\/sitio\/wp-json\/wp\/v2\/posts\/92125","targetHints":{"allow":["GET"]}}],"collection":[{"href":"https:\/\/vocesparalelas.com.ar\/sitio\/wp-json\/wp\/v2\/posts"}],"about":[{"href":"https:\/\/vocesparalelas.com.ar\/sitio\/wp-json\/wp\/v2\/types\/post"}],"author":[{"embeddable":true,"href":"https:\/\/vocesparalelas.com.ar\/sitio\/wp-json\/wp\/v2\/users\/3"}],"replies":[{"embeddable":true,"href":"https:\/\/vocesparalelas.com.ar\/sitio\/wp-json\/wp\/v2\/comments?post=92125"}],"version-history":[{"count":4,"href":"https:\/\/vocesparalelas.com.ar\/sitio\/wp-json\/wp\/v2\/posts\/92125\/revisions"}],"predecessor-version":[{"id":92295,"href":"https:\/\/vocesparalelas.com.ar\/sitio\/wp-json\/wp\/v2\/posts\/92125\/revisions\/92295"}],"wp:featuredmedia":[{"embeddable":true,"href":"https:\/\/vocesparalelas.com.ar\/sitio\/wp-json\/wp\/v2\/media\/92128"}],"wp:attachment":[{"href":"https:\/\/vocesparalelas.com.ar\/sitio\/wp-json\/wp\/v2\/media?parent=92125"}],"wp:term":[{"taxonomy":"category","embeddable":true,"href":"https:\/\/vocesparalelas.com.ar\/sitio\/wp-json\/wp\/v2\/categories?post=92125"},{"taxonomy":"post_tag","embeddable":true,"href":"https:\/\/vocesparalelas.com.ar\/sitio\/wp-json\/wp\/v2\/tags?post=92125"}],"curies":[{"name":"wp","href":"https:\/\/api.w.org\/{rel}","templated":true}]}}